{"id":21636,"date":"2023-06-06T10:39:32","date_gmt":"2023-06-06T10:39:32","guid":{"rendered":"https:\/\/mahle-smartbike.com\/?post_type=news-event&#038;p=21636"},"modified":"2023-06-07T09:51:21","modified_gmt":"2023-06-07T09:51:21","slug":"enthuellung-ebike-innovationen-auf-der-eurobike-2023","status":"publish","type":"news-event","link":"https:\/\/mahle-smartbike.com\/de\/content-hub\/enthuellung-ebike-innovationen-auf-der-eurobike-2023\/","title":{"rendered":"Enth\u00fcllung von eBike-Innovationen auf der Eurobike 2023"},"content":{"rendered":"\t\t<div data-elementor-type=\"wp-post\" data-elementor-id=\"21636\" class=\"elementor elementor-21636 elementor-21461\" data-elementor-post-type=\"news-event\">\n\t\t\t\t\t\t<section class=\"elementor-section elementor-top-section elementor-element elementor-element-165e2493 elementor-section-full_width sticky-inner-header elementor-section-height-min-height elementor-section-height-default elementor-section-items-middle\" data-id=\"165e2493\" data-element_type=\"section\" data-settings=\"{&quot;background_background&quot;:&quot;classic&quot;,&quot;sticky&quot;:&quot;top&quot;,&quot;sticky_offset&quot;:72,&quot;sticky_on&quot;:[&quot;widescreen&quot;,&quot;desktop&quot;,&quot;tablet&quot;,&quot;mobile_extra&quot;,&quot;mobile&quot;],&quot;sticky_effects_offset&quot;:0,&quot;sticky_anchor_link_offset&quot;:0}\">\n\t\t\t\t\t\t<div class=\"elementor-container elementor-column-gap-default\">\n\t\t\t\t\t<div class=\"elementor-column elementor-col-100 elementor-top-column elementor-element elementor-element-30262c6\" data-id=\"30262c6\" data-element_type=\"column\">\n\t\t\t<div class=\"elementor-widget-wrap elementor-element-populated\">\n\t\t\t\t\t\t<section class=\"elementor-section elementor-inner-section elementor-element elementor-element-18424cef elementor-section-content-middle elementor-section-boxed elementor-section-height-default elementor-section-height-default\" data-id=\"18424cef\" data-element_type=\"section\">\n\t\t\t\t\t\t<div class=\"elementor-container elementor-column-gap-default\">\n\t\t\t\t\t<div class=\"elementor-column elementor-col-100 elementor-inner-column elementor-element elementor-element-2cb48e52\" data-id=\"2cb48e52\" data-element_type=\"column\">\n\t\t\t<div class=\"elementor-widget-wrap elementor-element-populated\">\n\t\t\t\t\t\t<div class=\"elementor-element elementor-element-7cccddd8 elementor-widget elementor-widget-heading\" data-id=\"7cccddd8\" data-element_type=\"widget\" data-widget_type=\"heading.default\">\n\t\t\t\t<div class=\"elementor-widget-container\">\n\t\t\t\t\t<h3 class=\"elementor-heading-title elementor-size-default\">Unveiling eBike Innovations at Eurobike 2023<\/h3>\t\t\t\t<\/div>\n\t\t\t\t<\/div>\n\t\t\t\t\t<\/div>\n\t\t<\/div>\n\t\t\t\t\t<\/div>\n\t\t<\/section>\n\t\t\t\t\t<\/div>\n\t\t<\/div>\n\t\t\t\t\t<\/div>\n\t\t<\/section>\n\t\t\t\t<section class=\"elementor-section elementor-top-section elementor-element elementor-element-7d5e62ec elementor-section-full_width elementor-section-height-min-height inner-page-hero-section elementor-section-items-stretch elementor-section-height-default\" data-id=\"7d5e62ec\" data-element_type=\"section\" data-settings=\"{&quot;background_background&quot;:&quot;video&quot;,&quot;background_play_on_mobile&quot;:&quot;yes&quot;}\">\n\t\t\t\t\t\t\t<div class=\"elementor-background-overlay\"><\/div>\n\t\t\t\t\t\t\t<div class=\"elementor-container elementor-column-gap-default\">\n\t\t\t\t\t<div class=\"elementor-column elementor-col-100 elementor-top-column elementor-element elementor-element-a21e2a7\" data-id=\"a21e2a7\" data-element_type=\"column\">\n\t\t\t<div class=\"elementor-widget-wrap\">\n\t\t\t\t\t\t\t<\/div>\n\t\t<\/div>\n\t\t\t\t\t<\/div>\n\t\t<\/section>\n\t\t\t\t<section class=\"elementor-section elementor-top-section elementor-element elementor-element-b8b67bf elementor-section-boxed elementor-section-height-default elementor-section-height-default\" data-id=\"b8b67bf\" data-element_type=\"section\">\n\t\t\t\t\t\t<div class=\"elementor-container elementor-column-gap-default\">\n\t\t\t\t\t<div class=\"elementor-column elementor-col-100 elementor-top-column elementor-element elementor-element-4761fef elementor-invisible\" data-id=\"4761fef\" data-element_type=\"column\" data-settings=\"{&quot;animation&quot;:&quot;fadeInUp&quot;}\">\n\t\t\t<div class=\"elementor-widget-wrap elementor-element-populated\">\n\t\t\t\t\t\t<div class=\"elementor-element elementor-element-667d6992 elementor-widget elementor-widget-text-editor\" data-id=\"667d6992\" data-element_type=\"widget\" data-widget_type=\"text-editor.default\">\n\t\t\t\t<div class=\"elementor-widget-container\">\n\t\t\t\t\t\t\t\t\t<p>Auf der wichtigsten Fahrradmesse der Welt (21.-25. Juni &#8211; Frankfurt) stellen wir exklusive neue Integrationen und Technologien vor. Seien Sie unter den Ersten, die diese bahnbrechenden Innovationen erleben, indem Sie unseren Stand besuchen!<\/p>\t\t\t\t\t\t\t\t<\/div>\n\t\t\t\t<\/div>\n\t\t\t\t\t<\/div>\n\t\t<\/div>\n\t\t\t\t\t<\/div>\n\t\t<\/section>\n\t\t\t\t<section class=\"elementor-section elementor-top-section elementor-element elementor-element-10bb65eb elementor-section-boxed elementor-section-height-default elementor-section-height-default\" data-id=\"10bb65eb\" data-element_type=\"section\" id=\"web-app\">\n\t\t\t\t\t\t<div class=\"elementor-container elementor-column-gap-default\">\n\t\t\t\t\t<div class=\"elementor-column elementor-col-100 elementor-top-column elementor-element elementor-element-5f940124\" data-id=\"5f940124\" data-element_type=\"column\">\n\t\t\t<div class=\"elementor-widget-wrap elementor-element-populated\">\n\t\t\t\t\t\t<section class=\"elementor-section elementor-inner-section elementor-element elementor-element-343f0c03 elementor-section-content-middle elementor-section-boxed elementor-section-height-default elementor-section-height-default\" data-id=\"343f0c03\" data-element_type=\"section\">\n\t\t\t\t\t\t<div class=\"elementor-container elementor-column-gap-default\">\n\t\t\t\t\t<div class=\"elementor-column elementor-col-50 elementor-inner-column elementor-element elementor-element-6462e0de\" data-id=\"6462e0de\" data-element_type=\"column\">\n\t\t\t<div class=\"elementor-widget-wrap elementor-element-populated\">\n\t\t\t\t\t\t<div class=\"elementor-element elementor-element-3372e8cc elementor-invisible elementor-widget elementor-widget-heading\" data-id=\"3372e8cc\" data-element_type=\"widget\" data-settings=\"{&quot;_animation&quot;:&quot;fadeInUp&quot;}\" data-widget_type=\"heading.default\">\n\t\t\t\t<div class=\"elementor-widget-container\">\n\t\t\t\t\t<h4 class=\"elementor-heading-title elementor-size-default\">Entdecken Sie das X20 System: das leichteste eBike System auf dem Markt<\/h4>\t\t\t\t<\/div>\n\t\t\t\t<\/div>\n\t\t\t\t<div class=\"elementor-element elementor-element-4c52decd elementor-invisible elementor-widget elementor-widget-text-editor\" data-id=\"4c52decd\" data-element_type=\"widget\" data-settings=\"{&quot;_animation&quot;:&quot;fadeInUp&quot;}\" data-widget_type=\"text-editor.default\">\n\t\t\t\t<div class=\"elementor-widget-container\">\n\t\t\t\t\t\t\t\t\t<p>Entdecken Sie die unvergleichliche Leistung unseres X20 Systems, das k\u00fcrzlich mit dem Design &amp; Innovation Award 2023 ausgezeichnet wurde und das leichteste eBike-System auf dem Markt ist. <strong>Mit nur 3,2 kg und einem beeindruckenden Drehmoment von 55 NM werden<\/strong> Sie eine unwiederholbare Erfahrung machen. Verpassen Sie nicht die Gelegenheit, auch unser vielseitiges X35-System zu entdecken.<\/p>\t\t\t\t\t\t\t\t<\/div>\n\t\t\t\t<\/div>\n\t\t\t\t\t<\/div>\n\t\t<\/div>\n\t\t\t\t<div class=\"elementor-column elementor-col-50 elementor-inner-column elementor-element elementor-element-44f57888\" data-id=\"44f57888\" data-element_type=\"column\">\n\t\t\t<div class=\"elementor-widget-wrap elementor-element-populated\">\n\t\t\t\t\t\t<div class=\"elementor-element elementor-element-76bbf192 elementor-invisible elementor-widget elementor-widget-image\" data-id=\"76bbf192\" data-element_type=\"widget\" data-settings=\"{&quot;_animation&quot;:&quot;fadeInUp&quot;}\" data-widget_type=\"image.default\">\n\t\t\t\t<div class=\"elementor-widget-container\">\n\t\t\t\t\t\t\t\t\t\t\t\t\t\t\t\t<a href=\"https:\/\/mahle-smartbike.com\/wp-content\/uploads\/2023\/06\/DI.A2023_Mahle_X20_System-3-scaled-1.jpg\" data-elementor-open-lightbox=\"yes\" data-elementor-lightbox-title=\"DI.A2023_Mahle_X20_System-3-scaled.jpg\" data-elementor-lightbox-description=\"MAHLE X20 Sysem\" data-e-action-hash=\"#elementor-action%3Aaction%3Dlightbox%26settings%3DeyJpZCI6MjEyNTYsInVybCI6Imh0dHBzOlwvXC9tYWhsZS1zbWFydGJpa2UuY29tXC93cC1jb250ZW50XC91cGxvYWRzXC8yMDIzXC8wNlwvREkuQTIwMjNfTWFobGVfWDIwX1N5c3RlbS0zLXNjYWxlZC0xLmpwZyJ9\">\n\t\t\t\t\t\t\t<img fetchpriority=\"high\" decoding=\"async\" width=\"2560\" height=\"1708\" src=\"https:\/\/mahle-smartbike.com\/wp-content\/uploads\/2023\/06\/DI.A2023_Mahle_X20_System-3-scaled-1.jpg\" class=\"attachment-full size-full wp-image-21256\" alt=\"MAHLE X20 Sysem\" srcset=\"https:\/\/mahle-smartbike.com\/wp-content\/uploads\/2023\/06\/DI.A2023_Mahle_X20_System-3-scaled-1.jpg 2560w, https:\/\/mahle-smartbike.com\/wp-content\/uploads\/2023\/06\/DI.A2023_Mahle_X20_System-3-scaled-1-300x200.jpg 300w, https:\/\/mahle-smartbike.com\/wp-content\/uploads\/2023\/06\/DI.A2023_Mahle_X20_System-3-scaled-1-1024x683.jpg 1024w, https:\/\/mahle-smartbike.com\/wp-content\/uploads\/2023\/06\/DI.A2023_Mahle_X20_System-3-scaled-1-768x512.jpg 768w, https:\/\/mahle-smartbike.com\/wp-content\/uploads\/2023\/06\/DI.A2023_Mahle_X20_System-3-scaled-1-1536x1025.jpg 1536w, https:\/\/mahle-smartbike.com\/wp-content\/uploads\/2023\/06\/DI.A2023_Mahle_X20_System-3-scaled-1-2048x1366.jpg 2048w\" sizes=\"(max-width: 2560px) 100vw, 2560px\" \/>\t\t\t\t\t\t\t\t<\/a>\n\t\t\t\t\t\t\t\t\t\t\t\t\t\t\t<\/div>\n\t\t\t\t<\/div>\n\t\t\t\t\t<\/div>\n\t\t<\/div>\n\t\t\t\t\t<\/div>\n\t\t<\/section>\n\t\t\t\t\t<\/div>\n\t\t<\/div>\n\t\t\t\t\t<\/div>\n\t\t<\/section>\n\t\t\t\t<section class=\"elementor-section elementor-top-section elementor-element elementor-element-a18fe42 elementor-section-boxed elementor-section-height-default elementor-section-height-default\" data-id=\"a18fe42\" data-element_type=\"section\" id=\"application\">\n\t\t\t\t\t\t<div class=\"elementor-container elementor-column-gap-default\">\n\t\t\t\t\t<div class=\"elementor-column elementor-col-100 elementor-top-column elementor-element elementor-element-18a456f9\" data-id=\"18a456f9\" data-element_type=\"column\">\n\t\t\t<div class=\"elementor-widget-wrap elementor-element-populated\">\n\t\t\t\t\t\t<section class=\"elementor-section elementor-inner-section elementor-element elementor-element-790f1740 elementor-section-content-middle elementor-reverse-mobile_extra elementor-reverse-mobile elementor-section-boxed elementor-section-height-default elementor-section-height-default\" data-id=\"790f1740\" data-element_type=\"section\">\n\t\t\t\t\t\t<div class=\"elementor-container elementor-column-gap-default\">\n\t\t\t\t\t<div class=\"elementor-column elementor-col-50 elementor-inner-column elementor-element elementor-element-7610a74e\" data-id=\"7610a74e\" data-element_type=\"column\">\n\t\t\t<div class=\"elementor-widget-wrap elementor-element-populated\">\n\t\t\t\t\t\t<div class=\"elementor-element elementor-element-3c0b74aa elementor-invisible elementor-widget elementor-widget-image\" data-id=\"3c0b74aa\" data-element_type=\"widget\" data-settings=\"{&quot;_animation&quot;:&quot;fadeInUp&quot;}\" data-widget_type=\"image.default\">\n\t\t\t\t<div class=\"elementor-widget-container\">\n\t\t\t\t\t\t\t\t\t\t\t\t\t\t\t\t<a href=\"https:\/\/mahle-smartbike.com\/wp-content\/uploads\/2023\/06\/DSC3290-scaled.jpg\" data-elementor-open-lightbox=\"yes\" data-elementor-lightbox-title=\"_DSC3290\" data-elementor-lightbox-description=\"MAHLE eBikes Eurobike\" data-e-action-hash=\"#elementor-action%3Aaction%3Dlightbox%26settings%3DeyJpZCI6MjE0OTcsInVybCI6Imh0dHBzOlwvXC9tYWhsZS1zbWFydGJpa2UuY29tXC93cC1jb250ZW50XC91cGxvYWRzXC8yMDIzXC8wNlwvRFNDMzI5MC1zY2FsZWQuanBnIn0%3D\">\n\t\t\t\t\t\t\t<img decoding=\"async\" width=\"2560\" height=\"1707\" src=\"https:\/\/mahle-smartbike.com\/wp-content\/uploads\/2023\/06\/DSC3290-scaled.jpg\" class=\"attachment-full size-full wp-image-21497\" alt=\"MAHLE eBikes Eurobike\" srcset=\"https:\/\/mahle-smartbike.com\/wp-content\/uploads\/2023\/06\/DSC3290-scaled.jpg 2560w, https:\/\/mahle-smartbike.com\/wp-content\/uploads\/2023\/06\/DSC3290-300x200.jpg 300w, https:\/\/mahle-smartbike.com\/wp-content\/uploads\/2023\/06\/DSC3290-1024x683.jpg 1024w, https:\/\/mahle-smartbike.com\/wp-content\/uploads\/2023\/06\/DSC3290-768x512.jpg 768w, https:\/\/mahle-smartbike.com\/wp-content\/uploads\/2023\/06\/DSC3290-1536x1024.jpg 1536w, https:\/\/mahle-smartbike.com\/wp-content\/uploads\/2023\/06\/DSC3290-2048x1365.jpg 2048w\" sizes=\"(max-width: 2560px) 100vw, 2560px\" \/>\t\t\t\t\t\t\t\t<\/a>\n\t\t\t\t\t\t\t\t\t\t\t\t\t\t\t<\/div>\n\t\t\t\t<\/div>\n\t\t\t\t\t<\/div>\n\t\t<\/div>\n\t\t\t\t<div class=\"elementor-column elementor-col-50 elementor-inner-column elementor-element elementor-element-1963bfbb\" data-id=\"1963bfbb\" data-element_type=\"column\">\n\t\t\t<div class=\"elementor-widget-wrap elementor-element-populated\">\n\t\t\t\t\t\t<div class=\"elementor-element elementor-element-12fea36e elementor-invisible elementor-widget elementor-widget-heading\" data-id=\"12fea36e\" data-element_type=\"widget\" data-settings=\"{&quot;_animation&quot;:&quot;fadeInUp&quot;}\" data-widget_type=\"heading.default\">\n\t\t\t\t<div class=\"elementor-widget-container\">\n\t\t\t\t\t<h4 class=\"elementor-heading-title elementor-size-default\">Neue Technologien, um das Beste aus Ihrem Erlebnis herauszuholen <\/h4>\t\t\t\t<\/div>\n\t\t\t\t<\/div>\n\t\t\t\t<div class=\"elementor-element elementor-element-7983bb48 elementor-invisible elementor-widget elementor-widget-text-editor\" data-id=\"7983bb48\" data-element_type=\"widget\" data-settings=\"{&quot;_animation&quot;:&quot;fadeInUp&quot;}\" data-widget_type=\"text-editor.default\">\n\t\t\t\t<div class=\"elementor-widget-container\">\n\t\t\t\t\t\t\t\t\t<p>Auf der diesj\u00e4hrigen Veranstaltung werden wir neue Integrationen und exklusive Technologien vorstellen. Seien Sie der Erste, der diese bahnbrechenden Innovationen erlebt, indem Sie unseren Stand besuchen und sich \u00fcber die Zukunft der eBike-Branche von MAHLE informieren.<\/p>\t\t\t\t\t\t\t\t<\/div>\n\t\t\t\t<\/div>\n\t\t\t\t\t<\/div>\n\t\t<\/div>\n\t\t\t\t\t<\/div>\n\t\t<\/section>\n\t\t\t\t\t<\/div>\n\t\t<\/div>\n\t\t\t\t\t<\/div>\n\t\t<\/section>\n\t\t\t\t<section class=\"elementor-section elementor-top-section elementor-element elementor-element-1a2ed2c elementor-section-boxed elementor-section-height-default elementor-section-height-default\" data-id=\"1a2ed2c\" data-element_type=\"section\">\n\t\t\t\t\t\t<div class=\"elementor-container elementor-column-gap-default\">\n\t\t\t\t\t<div class=\"elementor-column elementor-col-100 elementor-top-column elementor-element elementor-element-76fa1eb\" data-id=\"76fa1eb\" data-element_type=\"column\">\n\t\t\t<div class=\"elementor-widget-wrap elementor-element-populated\">\n\t\t\t\t\t\t<section class=\"elementor-section elementor-inner-section elementor-element elementor-element-3a74eca elementor-section-content-middle elementor-section-boxed elementor-section-height-default elementor-section-height-default\" data-id=\"3a74eca\" data-element_type=\"section\">\n\t\t\t\t\t\t<div class=\"elementor-container elementor-column-gap-default\">\n\t\t\t\t\t<div class=\"elementor-column elementor-col-50 elementor-inner-column elementor-element elementor-element-ea4dad4\" data-id=\"ea4dad4\" data-element_type=\"column\">\n\t\t\t<div class=\"elementor-widget-wrap elementor-element-populated\">\n\t\t\t\t\t\t<div class=\"elementor-element elementor-element-e167026 elementor-invisible elementor-widget elementor-widget-heading\" data-id=\"e167026\" data-element_type=\"widget\" data-settings=\"{&quot;_animation&quot;:&quot;fadeInUp&quot;}\" data-widget_type=\"heading.default\">\n\t\t\t\t<div class=\"elementor-widget-container\">\n\t\t\t\t\t<h4 class=\"elementor-heading-title elementor-size-default\">Die Zukunft des eBikes wartet auf Sie<\/h4>\t\t\t\t<\/div>\n\t\t\t\t<\/div>\n\t\t\t\t<div class=\"elementor-element elementor-element-754f78f elementor-invisible elementor-widget elementor-widget-text-editor\" data-id=\"754f78f\" data-element_type=\"widget\" data-settings=\"{&quot;_animation&quot;:&quot;fadeInUp&quot;}\" data-widget_type=\"text-editor.default\">\n\t\t\t\t<div class=\"elementor-widget-container\">\n\t\t\t\t\t\t\t\t\t<p>Wir werden auf der Eurobike unserer Verpflichtung nachkommen, die eBike-Branche zu ver\u00e4ndern. Wir freuen uns darauf, unsere innovative eBike-Technologie zu pr\u00e4sentieren und die Art und Weise zu ver\u00e4ndern, wie Sie \u00fcber eBikes, Nachhaltigkeit und Innovation denken.<\/p><p>Wir wissen, dass wir dieselbe Leidenschaft teilen, und deshalb m\u00f6chten wir, dass Sie uns an unserem Hauptstand in Halle 8, Stand H14, und in unserem interaktiven Demo-Bereich im Freigel\u00e4nde F12.0, Stand F28, besuchen. Wir freuen uns darauf, Sie auf der Eurobike zu sehen und Ihre Fahrweise zu revolutionieren.<\/p>\t\t\t\t\t\t\t\t<\/div>\n\t\t\t\t<\/div>\n\t\t\t\t\t<\/div>\n\t\t<\/div>\n\t\t\t\t<div class=\"elementor-column elementor-col-50 elementor-inner-column elementor-element elementor-element-5ab6039\" data-id=\"5ab6039\" data-element_type=\"column\">\n\t\t\t<div class=\"elementor-widget-wrap elementor-element-populated\">\n\t\t\t\t\t\t<div class=\"elementor-element elementor-element-9422af7 elementor-invisible elementor-widget elementor-widget-image\" data-id=\"9422af7\" data-element_type=\"widget\" data-settings=\"{&quot;_animation&quot;:&quot;fadeInUp&quot;}\" data-widget_type=\"image.default\">\n\t\t\t\t<div class=\"elementor-widget-container\">\n\t\t\t\t\t\t\t\t\t\t\t\t\t\t\t\t<a href=\"https:\/\/mahle-smartbike.com\/wp-content\/uploads\/2023\/06\/DSC3852-scaled.jpg\" data-elementor-open-lightbox=\"yes\" data-elementor-lightbox-title=\"_DSC3852\" data-elementor-lightbox-description=\"MAHLE booth\" data-e-action-hash=\"#elementor-action%3Aaction%3Dlightbox%26settings%3DeyJpZCI6MjE0OTEsInVybCI6Imh0dHBzOlwvXC9tYWhsZS1zbWFydGJpa2UuY29tXC93cC1jb250ZW50XC91cGxvYWRzXC8yMDIzXC8wNlwvRFNDMzg1Mi1zY2FsZWQuanBnIn0%3D\">\n\t\t\t\t\t\t\t<img decoding=\"async\" width=\"2560\" height=\"1707\" src=\"https:\/\/mahle-smartbike.com\/wp-content\/uploads\/2023\/06\/DSC3852-scaled.jpg\" class=\"attachment-full size-full wp-image-21491\" alt=\"MAHLE booth\" srcset=\"https:\/\/mahle-smartbike.com\/wp-content\/uploads\/2023\/06\/DSC3852-scaled.jpg 2560w, https:\/\/mahle-smartbike.com\/wp-content\/uploads\/2023\/06\/DSC3852-300x200.jpg 300w, https:\/\/mahle-smartbike.com\/wp-content\/uploads\/2023\/06\/DSC3852-1024x683.jpg 1024w, https:\/\/mahle-smartbike.com\/wp-content\/uploads\/2023\/06\/DSC3852-768x512.jpg 768w, https:\/\/mahle-smartbike.com\/wp-content\/uploads\/2023\/06\/DSC3852-1536x1024.jpg 1536w, https:\/\/mahle-smartbike.com\/wp-content\/uploads\/2023\/06\/DSC3852-2048x1365.jpg 2048w\" sizes=\"(max-width: 2560px) 100vw, 2560px\" \/>\t\t\t\t\t\t\t\t<\/a>\n\t\t\t\t\t\t\t\t\t\t\t\t\t\t\t<\/div>\n\t\t\t\t<\/div>\n\t\t\t\t\t<\/div>\n\t\t<\/div>\n\t\t\t\t\t<\/div>\n\t\t<\/section>\n\t\t\t\t\t<\/div>\n\t\t<\/div>\n\t\t\t\t\t<\/div>\n\t\t<\/section>\n\t\t\t\t<section class=\"elementor-section elementor-top-section elementor-element elementor-element-59051bff elementor-section-boxed elementor-section-height-default elementor-section-height-default\" data-id=\"59051bff\" data-element_type=\"section\">\n\t\t\t\t\t\t<div class=\"elementor-container elementor-column-gap-default\">\n\t\t\t\t\t<div class=\"elementor-column elementor-col-100 elementor-top-column elementor-element elementor-element-470a3c8a\" data-id=\"470a3c8a\" data-element_type=\"column\">\n\t\t\t<div class=\"elementor-widget-wrap elementor-element-populated\">\n\t\t\t\t\t\t<section class=\"elementor-section elementor-inner-section elementor-element elementor-element-7bc1b1e7 elementor-section-height-min-height elementor-section-boxed elementor-section-height-default\" data-id=\"7bc1b1e7\" data-element_type=\"section\">\n\t\t\t\t\t\t<div class=\"elementor-container elementor-column-gap-default\">\n\t\t\t\t\t<div class=\"elementor-column elementor-col-50 elementor-inner-column elementor-element elementor-element-7f5784fe\" data-id=\"7f5784fe\" data-element_type=\"column\" data-settings=\"{&quot;background_background&quot;:&quot;classic&quot;}\">\n\t\t\t<div class=\"elementor-widget-wrap elementor-element-populated\">\n\t\t\t\t\t\t<div class=\"elementor-element elementor-element-75149de1 elementor-widget elementor-widget-image\" data-id=\"75149de1\" data-element_type=\"widget\" data-settings=\"{&quot;_animation&quot;:&quot;none&quot;}\" data-widget_type=\"image.default\">\n\t\t\t\t<div class=\"elementor-widget-container\">\n\t\t\t\t\t\t\t\t\t\t\t\t\t\t\t\t<a href=\"https:\/\/mahle-smartbike.com\/x20\/\">\n\t\t\t\t\t\t\t<img loading=\"lazy\" decoding=\"async\" width=\"800\" height=\"533\" src=\"https:\/\/mahle-smartbike.com\/wp-content\/uploads\/2022\/09\/MAHLE-BIKE.215-1024x682.png\" class=\"attachment-large size-large wp-image-14486\" alt=\"\" srcset=\"https:\/\/mahle-smartbike.com\/wp-content\/uploads\/2022\/09\/MAHLE-BIKE.215-1024x682.png 1024w, https:\/\/mahle-smartbike.com\/wp-content\/uploads\/2022\/09\/MAHLE-BIKE.215-300x200.png 300w, https:\/\/mahle-smartbike.com\/wp-content\/uploads\/2022\/09\/MAHLE-BIKE.215-768x512.png 768w, https:\/\/mahle-smartbike.com\/wp-content\/uploads\/2022\/09\/MAHLE-BIKE.215-1536x1023.png 1536w, https:\/\/mahle-smartbike.com\/wp-content\/uploads\/2022\/09\/MAHLE-BIKE.215-2048x1365.png 2048w\" sizes=\"(max-width: 800px) 100vw, 800px\" \/>\t\t\t\t\t\t\t\t<\/a>\n\t\t\t\t\t\t\t\t\t\t\t\t\t\t\t<\/div>\n\t\t\t\t<\/div>\n\t\t\t\t<div class=\"elementor-element elementor-element-22d1595f elementor-widget elementor-widget-heading\" data-id=\"22d1595f\" data-element_type=\"widget\" data-widget_type=\"heading.default\">\n\t\t\t\t<div class=\"elementor-widget-container\">\n\t\t\t\t\t<h3 class=\"elementor-heading-title elementor-size-default\">X20 System<\/h3>\t\t\t\t<\/div>\n\t\t\t\t<\/div>\n\t\t\t\t<div class=\"elementor-element elementor-element-63a2cb25 elementor-widget elementor-widget-text-editor\" data-id=\"63a2cb25\" data-element_type=\"widget\" data-widget_type=\"text-editor.default\">\n\t\t\t\t<div class=\"elementor-widget-container\">\n\t\t\t\t\t\t\t\t\t<p>Das leichteste und intelligenteste eBike-\u00a0Hinterradnaben-System auf dem Markt.<\/p>\t\t\t\t\t\t\t\t<\/div>\n\t\t\t\t<\/div>\n\t\t\t\t<div class=\"elementor-element elementor-element-39c0e7fd read-more-cta-link elementor-widget elementor-widget-heading\" data-id=\"39c0e7fd\" data-element_type=\"widget\" data-widget_type=\"heading.default\">\n\t\t\t\t<div class=\"elementor-widget-container\">\n\t\t\t\t\t<div class=\"elementor-heading-title elementor-size-default\"><a href=\"\/de\/x20-system\/\">Erfahren Sie mehr<\/a><\/div>\t\t\t\t<\/div>\n\t\t\t\t<\/div>\n\t\t\t\t\t<\/div>\n\t\t<\/div>\n\t\t\t\t<div class=\"elementor-column elementor-col-50 elementor-inner-column elementor-element elementor-element-7436b0e8 elementor-invisible\" data-id=\"7436b0e8\" data-element_type=\"column\" data-settings=\"{&quot;background_background&quot;:&quot;gradient&quot;,&quot;animation&quot;:&quot;fadeIn&quot;}\">\n\t\t\t<div class=\"elementor-widget-wrap elementor-element-populated\">\n\t\t\t\t\t\t<div class=\"elementor-element elementor-element-42f66347 elementor-widget elementor-widget-image\" data-id=\"42f66347\" data-element_type=\"widget\" data-widget_type=\"image.default\">\n\t\t\t\t<div class=\"elementor-widget-container\">\n\t\t\t\t\t\t\t\t\t\t\t\t\t\t\t\t<a href=\"https:\/\/mahle-smartbike.com\/accessories\/\">\n\t\t\t\t\t\t\t<img loading=\"lazy\" decoding=\"async\" width=\"708\" height=\"451\" src=\"https:\/\/mahle-smartbike.com\/wp-content\/uploads\/2022\/03\/accessories.png\" class=\"attachment-full size-full wp-image-11415\" alt=\"\" srcset=\"https:\/\/mahle-smartbike.com\/wp-content\/uploads\/2022\/03\/accessories.png 708w, https:\/\/mahle-smartbike.com\/wp-content\/uploads\/2022\/03\/accessories-300x191.png 300w\" sizes=\"(max-width: 708px) 100vw, 708px\" \/>\t\t\t\t\t\t\t\t<\/a>\n\t\t\t\t\t\t\t\t\t\t\t\t\t\t\t<\/div>\n\t\t\t\t<\/div>\n\t\t\t\t<div class=\"elementor-element elementor-element-5e5ea132 elementor-invisible elementor-widget elementor-widget-heading\" data-id=\"5e5ea132\" data-element_type=\"widget\" data-settings=\"{&quot;_animation&quot;:&quot;fadeInUp&quot;}\" data-widget_type=\"heading.default\">\n\t\t\t\t<div class=\"elementor-widget-container\">\n\t\t\t\t\t<h3 class=\"elementor-heading-title elementor-size-default\">Zubeh\u00f6r<\/h3>\t\t\t\t<\/div>\n\t\t\t\t<\/div>\n\t\t\t\t<div class=\"elementor-element elementor-element-12e0ee0d elementor-invisible elementor-widget elementor-widget-text-editor\" data-id=\"12e0ee0d\" data-element_type=\"widget\" data-settings=\"{&quot;_animation&quot;:&quot;fadeInUp&quot;}\" data-widget_type=\"text-editor.default\">\n\t\t\t\t<div class=\"elementor-widget-container\">\n\t\t\t\t\t\t\t\t\t<p>Vom PulsarONE, unserem intelligenten Display, bis hin zum Range Extender oder den e-Shiftern: Entdecken Sie unser komplettes Angebot an intelligentem Zubeh\u00f6r.<\/p>\t\t\t\t\t\t\t\t<\/div>\n\t\t\t\t<\/div>\n\t\t\t\t<div class=\"elementor-element elementor-element-2a840b5d read-more-cta-link cta-yellow elementor-invisible elementor-widget elementor-widget-heading\" data-id=\"2a840b5d\" data-element_type=\"widget\" data-settings=\"{&quot;_animation&quot;:&quot;fadeInUp&quot;}\" data-widget_type=\"heading.default\">\n\t\t\t\t<div class=\"elementor-widget-container\">\n\t\t\t\t\t<div class=\"elementor-heading-title elementor-size-default\"><a href=\"\/de\/zubehor\/\">Erfahren Sie mehr<\/a><\/div>\t\t\t\t<\/div>\n\t\t\t\t<\/div>\n\t\t\t\t\t<\/div>\n\t\t<\/div>\n\t\t\t\t\t<\/div>\n\t\t<\/section>\n\t\t\t\t\t<\/div>\n\t\t<\/div>\n\t\t\t\t\t<\/div>\n\t\t<\/section>\n\t\t\t\t<\/div>\n\t\t","protected":false},"excerpt":{"rendered":"<p>Auf der wichtigsten Fahrradmesse der Welt (21.-25. Juni &#8211; Frankfurt) stellen wir exklusive neue Integrationen und Technologien vor. Seien Sie unter den Ersten, die diese bahnbrechenden Innovationen erleben, indem Sie unseren Stand besuchen!<\/p>\n","protected":false},"featured_media":21510,"parent":0,"menu_order":5,"template":"","news-and-events":[],"class_list":["post-21636","news-event","type-news-event","status-publish","has-post-thumbnail","hentry","news-events-category-event-de"],"acf":[],"yoast_head":"<!-- This site is optimized with the Yoast SEO plugin v27.5 - https:\/\/yoast.com\/product\/yoast-seo-wordpress\/ -->\n<title>Enth\u00fcllung von eBike-Innovationen auf der Eurobike 2023 - MAHLE SmartBike Systems<\/title>\n<meta name=\"robots\" content=\"index, follow, max-snippet:-1, max-image-preview:large, max-video-preview:-1\" \/>\n<link rel=\"canonical\" href=\"https:\/\/mahle-smartbike.com\/news-event\/unveiling-ebike-innovations-at-eurobike-2023\/\" \/>\n<meta property=\"og:locale\" content=\"de_DE\" \/>\n<meta property=\"og:type\" content=\"article\" \/>\n<meta property=\"og:title\" content=\"Enth\u00fcllung von eBike-Innovationen auf der Eurobike 2023 - MAHLE SmartBike Systems\" \/>\n<meta property=\"og:description\" content=\"Auf der wichtigsten Fahrradmesse der Welt (21.-25. Juni - Frankfurt) stellen wir exklusive neue Integrationen und Technologien vor. Seien Sie unter den Ersten, die diese bahnbrechenden Innovationen erleben, indem Sie unseren Stand besuchen!\" \/>\n<meta property=\"og:url\" content=\"https:\/\/mahle-smartbike.com\/news-event\/unveiling-ebike-innovations-at-eurobike-2023\/\" \/>\n<meta property=\"og:site_name\" content=\"MAHLE SmartBike Systems\" \/>\n<meta property=\"article:publisher\" content=\"https:\/\/www.facebook.com\/mahlesmartbikesystems\/\" \/>\n<meta property=\"article:modified_time\" content=\"2023-06-07T09:51:21+00:00\" \/>\n<meta property=\"og:image\" content=\"https:\/\/mahle-smartbike.com\/wp-content\/uploads\/2023\/06\/MicrosoftTeams-image-3.jpg\" \/>\n\t<meta property=\"og:image:width\" content=\"1920\" \/>\n\t<meta property=\"og:image:height\" content=\"1280\" \/>\n\t<meta property=\"og:image:type\" content=\"image\/jpeg\" \/>\n<meta name=\"twitter:card\" content=\"summary_large_image\" \/>\n<meta name=\"twitter:label1\" content=\"Gesch\u00e4tzte Lesezeit\" \/>\n\t<meta name=\"twitter:data1\" content=\"3\u00a0Minuten\" \/>\n<script type=\"application\/ld+json\" class=\"yoast-schema-graph\">{\"@context\":\"https:\\\/\\\/schema.org\",\"@graph\":[{\"@type\":\"WebPage\",\"@id\":\"https:\\\/\\\/mahle-smartbike.com\\\/news-event\\\/unveiling-ebike-innovations-at-eurobike-2023\\\/\",\"url\":\"https:\\\/\\\/mahle-smartbike.com\\\/news-event\\\/unveiling-ebike-innovations-at-eurobike-2023\\\/\",\"name\":\"Enth\u00fcllung von eBike-Innovationen auf der Eurobike 2023 - MAHLE SmartBike Systems\",\"isPartOf\":{\"@id\":\"https:\\\/\\\/mahle-smartbike.com\\\/#website\"},\"primaryImageOfPage\":{\"@id\":\"https:\\\/\\\/mahle-smartbike.com\\\/news-event\\\/unveiling-ebike-innovations-at-eurobike-2023\\\/#primaryimage\"},\"image\":{\"@id\":\"https:\\\/\\\/mahle-smartbike.com\\\/news-event\\\/unveiling-ebike-innovations-at-eurobike-2023\\\/#primaryimage\"},\"thumbnailUrl\":\"https:\\\/\\\/mahle-smartbike.com\\\/wp-content\\\/uploads\\\/2023\\\/06\\\/MicrosoftTeams-image-3.jpg\",\"datePublished\":\"2023-06-06T10:39:32+00:00\",\"dateModified\":\"2023-06-07T09:51:21+00:00\",\"breadcrumb\":{\"@id\":\"https:\\\/\\\/mahle-smartbike.com\\\/news-event\\\/unveiling-ebike-innovations-at-eurobike-2023\\\/#breadcrumb\"},\"inLanguage\":\"de\",\"potentialAction\":[{\"@type\":\"ReadAction\",\"target\":[\"https:\\\/\\\/mahle-smartbike.com\\\/news-event\\\/unveiling-ebike-innovations-at-eurobike-2023\\\/\"]}]},{\"@type\":\"ImageObject\",\"inLanguage\":\"de\",\"@id\":\"https:\\\/\\\/mahle-smartbike.com\\\/news-event\\\/unveiling-ebike-innovations-at-eurobike-2023\\\/#primaryimage\",\"url\":\"https:\\\/\\\/mahle-smartbike.com\\\/wp-content\\\/uploads\\\/2023\\\/06\\\/MicrosoftTeams-image-3.jpg\",\"contentUrl\":\"https:\\\/\\\/mahle-smartbike.com\\\/wp-content\\\/uploads\\\/2023\\\/06\\\/MicrosoftTeams-image-3.jpg\",\"width\":1920,\"height\":1280,\"caption\":\"X20 MAHLE riding\"},{\"@type\":\"BreadcrumbList\",\"@id\":\"https:\\\/\\\/mahle-smartbike.com\\\/news-event\\\/unveiling-ebike-innovations-at-eurobike-2023\\\/#breadcrumb\",\"itemListElement\":[{\"@type\":\"ListItem\",\"position\":1,\"name\":\"News & Events\",\"item\":\"https:\\\/\\\/mahle-smartbike.com\\\/de\\\/content-hub\\\/\"},{\"@type\":\"ListItem\",\"position\":2,\"name\":\"Enth\u00fcllung von eBike-Innovationen auf der Eurobike 2023\"}]},{\"@type\":\"WebSite\",\"@id\":\"https:\\\/\\\/mahle-smartbike.com\\\/#website\",\"url\":\"https:\\\/\\\/mahle-smartbike.com\\\/\",\"name\":\"MAHLE SmartBike Systems\",\"description\":\"The lightest ebike systems on the market\",\"publisher\":{\"@id\":\"https:\\\/\\\/mahle-smartbike.com\\\/#organization\"},\"potentialAction\":[{\"@type\":\"SearchAction\",\"target\":{\"@type\":\"EntryPoint\",\"urlTemplate\":\"https:\\\/\\\/mahle-smartbike.com\\\/?s={search_term_string}\"},\"query-input\":{\"@type\":\"PropertyValueSpecification\",\"valueRequired\":true,\"valueName\":\"search_term_string\"}}],\"inLanguage\":\"de\"},{\"@type\":\"Organization\",\"@id\":\"https:\\\/\\\/mahle-smartbike.com\\\/#organization\",\"name\":\"MAHLE SmartBike Systems\",\"url\":\"https:\\\/\\\/mahle-smartbike.com\\\/\",\"logo\":{\"@type\":\"ImageObject\",\"inLanguage\":\"de\",\"@id\":\"https:\\\/\\\/mahle-smartbike.com\\\/#\\\/schema\\\/logo\\\/image\\\/\",\"url\":\"https:\\\/\\\/mahle-smartbike.com\\\/wp-content\\\/uploads\\\/2024\\\/05\\\/MAHLE-SmartBike-Systems-Logo-1-1.jpg\",\"contentUrl\":\"https:\\\/\\\/mahle-smartbike.com\\\/wp-content\\\/uploads\\\/2024\\\/05\\\/MAHLE-SmartBike-Systems-Logo-1-1.jpg\",\"width\":1920,\"height\":1920,\"caption\":\"MAHLE SmartBike Systems\"},\"image\":{\"@id\":\"https:\\\/\\\/mahle-smartbike.com\\\/#\\\/schema\\\/logo\\\/image\\\/\"},\"sameAs\":[\"https:\\\/\\\/www.facebook.com\\\/mahlesmartbikesystems\\\/\",\"https:\\\/\\\/www.instagram.com\\\/mahle_smartbikesystems\\\/\",\"https:\\\/\\\/www.linkedin.com\\\/company\\\/mahlesmartbikesystems\\\/\",\"https:\\\/\\\/www.youtube.com\\\/channel\\\/UCgfNyF-Wtgq0WTlzsV8bDmQ\",\"https:\\\/\\\/www.strava.com\\\/clubs\\\/mahle\",\"https:\\\/\\\/www.tiktok.com\\\/@mahlesmartbikesystems\"]}]}<\/script>\n<!-- \/ Yoast SEO plugin. -->","yoast_head_json":{"title":"Enth\u00fcllung von eBike-Innovationen auf der Eurobike 2023 - MAHLE SmartBike Systems","robots":{"index":"index","follow":"follow","max-snippet":"max-snippet:-1","max-image-preview":"max-image-preview:large","max-video-preview":"max-video-preview:-1"},"canonical":"https:\/\/mahle-smartbike.com\/news-event\/unveiling-ebike-innovations-at-eurobike-2023\/","og_locale":"de_DE","og_type":"article","og_title":"Enth\u00fcllung von eBike-Innovationen auf der Eurobike 2023 - MAHLE SmartBike Systems","og_description":"Auf der wichtigsten Fahrradmesse der Welt (21.-25. Juni - Frankfurt) stellen wir exklusive neue Integrationen und Technologien vor. Seien Sie unter den Ersten, die diese bahnbrechenden Innovationen erleben, indem Sie unseren Stand besuchen!","og_url":"https:\/\/mahle-smartbike.com\/news-event\/unveiling-ebike-innovations-at-eurobike-2023\/","og_site_name":"MAHLE SmartBike Systems","article_publisher":"https:\/\/www.facebook.com\/mahlesmartbikesystems\/","article_modified_time":"2023-06-07T09:51:21+00:00","og_image":[{"width":1920,"height":1280,"url":"https:\/\/mahle-smartbike.com\/wp-content\/uploads\/2023\/06\/MicrosoftTeams-image-3.jpg","type":"image\/jpeg"}],"twitter_card":"summary_large_image","twitter_misc":{"Gesch\u00e4tzte Lesezeit":"3\u00a0Minuten"},"schema":{"@context":"https:\/\/schema.org","@graph":[{"@type":"WebPage","@id":"https:\/\/mahle-smartbike.com\/news-event\/unveiling-ebike-innovations-at-eurobike-2023\/","url":"https:\/\/mahle-smartbike.com\/news-event\/unveiling-ebike-innovations-at-eurobike-2023\/","name":"Enth\u00fcllung von eBike-Innovationen auf der Eurobike 2023 - MAHLE SmartBike Systems","isPartOf":{"@id":"https:\/\/mahle-smartbike.com\/#website"},"primaryImageOfPage":{"@id":"https:\/\/mahle-smartbike.com\/news-event\/unveiling-ebike-innovations-at-eurobike-2023\/#primaryimage"},"image":{"@id":"https:\/\/mahle-smartbike.com\/news-event\/unveiling-ebike-innovations-at-eurobike-2023\/#primaryimage"},"thumbnailUrl":"https:\/\/mahle-smartbike.com\/wp-content\/uploads\/2023\/06\/MicrosoftTeams-image-3.jpg","datePublished":"2023-06-06T10:39:32+00:00","dateModified":"2023-06-07T09:51:21+00:00","breadcrumb":{"@id":"https:\/\/mahle-smartbike.com\/news-event\/unveiling-ebike-innovations-at-eurobike-2023\/#breadcrumb"},"inLanguage":"de","potentialAction":[{"@type":"ReadAction","target":["https:\/\/mahle-smartbike.com\/news-event\/unveiling-ebike-innovations-at-eurobike-2023\/"]}]},{"@type":"ImageObject","inLanguage":"de","@id":"https:\/\/mahle-smartbike.com\/news-event\/unveiling-ebike-innovations-at-eurobike-2023\/#primaryimage","url":"https:\/\/mahle-smartbike.com\/wp-content\/uploads\/2023\/06\/MicrosoftTeams-image-3.jpg","contentUrl":"https:\/\/mahle-smartbike.com\/wp-content\/uploads\/2023\/06\/MicrosoftTeams-image-3.jpg","width":1920,"height":1280,"caption":"X20 MAHLE riding"},{"@type":"BreadcrumbList","@id":"https:\/\/mahle-smartbike.com\/news-event\/unveiling-ebike-innovations-at-eurobike-2023\/#breadcrumb","itemListElement":[{"@type":"ListItem","position":1,"name":"News & Events","item":"https:\/\/mahle-smartbike.com\/de\/content-hub\/"},{"@type":"ListItem","position":2,"name":"Enth\u00fcllung von eBike-Innovationen auf der Eurobike 2023"}]},{"@type":"WebSite","@id":"https:\/\/mahle-smartbike.com\/#website","url":"https:\/\/mahle-smartbike.com\/","name":"MAHLE SmartBike Systems","description":"The lightest ebike systems on the market","publisher":{"@id":"https:\/\/mahle-smartbike.com\/#organization"},"potentialAction":[{"@type":"SearchAction","target":{"@type":"EntryPoint","urlTemplate":"https:\/\/mahle-smartbike.com\/?s={search_term_string}"},"query-input":{"@type":"PropertyValueSpecification","valueRequired":true,"valueName":"search_term_string"}}],"inLanguage":"de"},{"@type":"Organization","@id":"https:\/\/mahle-smartbike.com\/#organization","name":"MAHLE SmartBike Systems","url":"https:\/\/mahle-smartbike.com\/","logo":{"@type":"ImageObject","inLanguage":"de","@id":"https:\/\/mahle-smartbike.com\/#\/schema\/logo\/image\/","url":"https:\/\/mahle-smartbike.com\/wp-content\/uploads\/2024\/05\/MAHLE-SmartBike-Systems-Logo-1-1.jpg","contentUrl":"https:\/\/mahle-smartbike.com\/wp-content\/uploads\/2024\/05\/MAHLE-SmartBike-Systems-Logo-1-1.jpg","width":1920,"height":1920,"caption":"MAHLE SmartBike Systems"},"image":{"@id":"https:\/\/mahle-smartbike.com\/#\/schema\/logo\/image\/"},"sameAs":["https:\/\/www.facebook.com\/mahlesmartbikesystems\/","https:\/\/www.instagram.com\/mahle_smartbikesystems\/","https:\/\/www.linkedin.com\/company\/mahlesmartbikesystems\/","https:\/\/www.youtube.com\/channel\/UCgfNyF-Wtgq0WTlzsV8bDmQ","https:\/\/www.strava.com\/clubs\/mahle","https:\/\/www.tiktok.com\/@mahlesmartbikesystems"]}]}},"_links":{"self":[{"href":"https:\/\/mahle-smartbike.com\/de\/wp-json\/wp\/v2\/news-events\/21636","targetHints":{"allow":["GET"]}}],"collection":[{"href":"https:\/\/mahle-smartbike.com\/de\/wp-json\/wp\/v2\/news-events"}],"about":[{"href":"https:\/\/mahle-smartbike.com\/de\/wp-json\/wp\/v2\/types\/news-event"}],"version-history":[{"count":0,"href":"https:\/\/mahle-smartbike.com\/de\/wp-json\/wp\/v2\/news-events\/21636\/revisions"}],"wp:featuredmedia":[{"embeddable":true,"href":"https:\/\/mahle-smartbike.com\/de\/wp-json\/wp\/v2\/media\/21510"}],"wp:attachment":[{"href":"https:\/\/mahle-smartbike.com\/de\/wp-json\/wp\/v2\/media?parent=21636"}],"wp:term":[{"taxonomy":"news-and-events","embeddable":true,"href":"https:\/\/mahle-smartbike.com\/de\/wp-json\/wp\/v2\/news-and-events?post=21636"}],"curies":[{"name":"wp","href":"https:\/\/api.w.org\/{rel}","templated":true}]}}