{"id":70277,"date":"2026-01-05T12:28:58","date_gmt":"2026-01-05T10:28:58","guid":{"rendered":"https:\/\/mahle-smartbike.com\/content-hub\/zurueck-auf-der-strasse-treffen-sie-uns-bei-den-top-radveranstaltungen-im-jahr-2026\/"},"modified":"2026-02-19T13:38:57","modified_gmt":"2026-02-19T11:38:57","slug":"zurueck-auf-der-strasse-treffen-sie-uns-bei-den-top-radveranstaltungen-im-jahr-2026","status":"publish","type":"news-event","link":"https:\/\/mahle-smartbike.com\/de\/content-hub\/zurueck-auf-der-strasse-treffen-sie-uns-bei-den-top-radveranstaltungen-im-jahr-2026\/","title":{"rendered":"Zur\u00fcck auf der Stra\u00dfe: Treffen Sie uns bei den Top-Radveranstaltungen im Jahr 2026!"},"content":{"rendered":"\t\t<div data-elementor-type=\"wp-post\" data-elementor-id=\"70277\" class=\"elementor elementor-70277 elementor-70233\" data-elementor-post-type=\"news-event\">\n\t\t\t\t\t\t<section class=\"elementor-section elementor-top-section elementor-element elementor-element-7e0634f elementor-section-full_width sticky-inner-header elementor-section-height-min-height elementor-section-height-default elementor-section-items-middle\" data-id=\"7e0634f\" data-element_type=\"section\" data-settings=\"{&quot;background_background&quot;:&quot;classic&quot;,&quot;sticky&quot;:&quot;top&quot;,&quot;sticky_offset&quot;:72,&quot;sticky_on&quot;:[&quot;widescreen&quot;,&quot;desktop&quot;,&quot;tablet&quot;,&quot;mobile_extra&quot;,&quot;mobile&quot;],&quot;sticky_effects_offset&quot;:0,&quot;sticky_anchor_link_offset&quot;:0}\">\n\t\t\t\t\t\t<div class=\"elementor-container elementor-column-gap-default\">\n\t\t\t\t\t<div class=\"elementor-column elementor-col-100 elementor-top-column elementor-element elementor-element-02653c6\" data-id=\"02653c6\" data-element_type=\"column\">\n\t\t\t<div class=\"elementor-widget-wrap elementor-element-populated\">\n\t\t\t\t\t\t<section class=\"elementor-section elementor-inner-section elementor-element elementor-element-43061e7 elementor-section-content-middle elementor-section-boxed elementor-section-height-default elementor-section-height-default\" data-id=\"43061e7\" data-element_type=\"section\">\n\t\t\t\t\t\t<div class=\"elementor-container elementor-column-gap-default\">\n\t\t\t\t\t<div class=\"elementor-column elementor-col-100 elementor-inner-column elementor-element elementor-element-dd224d3\" data-id=\"dd224d3\" data-element_type=\"column\">\n\t\t\t<div class=\"elementor-widget-wrap elementor-element-populated\">\n\t\t\t\t\t\t<div class=\"elementor-element elementor-element-b5d42a5 elementor-widget-tablet__width-initial elementor-widget-mobile_extra__width-initial elementor-widget-mobile__width-initial elementor-widget elementor-widget-heading\" data-id=\"b5d42a5\" data-element_type=\"widget\" data-widget_type=\"heading.default\">\n\t\t\t\t<div class=\"elementor-widget-container\">\n\t\t\t\t\t<h1 class=\"elementor-heading-title elementor-size-default\">Zur\u00fcck auf der Stra\u00dfe: Treffen Sie uns bei den Top-Radveranstaltungen im Jahr 2026! <\/h1>\t\t\t\t<\/div>\n\t\t\t\t<\/div>\n\t\t\t\t\t<\/div>\n\t\t<\/div>\n\t\t\t\t\t<\/div>\n\t\t<\/section>\n\t\t\t\t\t<\/div>\n\t\t<\/div>\n\t\t\t\t\t<\/div>\n\t\t<\/section>\n\t\t\t\t<section class=\"elementor-section elementor-top-section elementor-element elementor-element-9839725 elementor-section-full_width elementor-section-height-min-height elementor-section-items-stretch elementor-section-content-top elementor-section-height-default\" data-id=\"9839725\" data-element_type=\"section\" data-settings=\"{&quot;background_background&quot;:&quot;classic&quot;}\">\n\t\t\t\t\t\t<div class=\"elementor-container elementor-column-gap-default\">\n\t\t\t\t\t<div class=\"elementor-column elementor-col-100 elementor-top-column elementor-element elementor-element-eb853f1\" data-id=\"eb853f1\" data-element_type=\"column\" data-settings=\"{&quot;background_background&quot;:&quot;slideshow&quot;,&quot;background_slideshow_gallery&quot;:[],&quot;background_slideshow_loop&quot;:&quot;yes&quot;,&quot;background_slideshow_slide_duration&quot;:5000,&quot;background_slideshow_slide_transition&quot;:&quot;fade&quot;,&quot;background_slideshow_transition_duration&quot;:500}\">\n\t\t\t<div class=\"elementor-widget-wrap\">\n\t\t\t\t\t\t\t<\/div>\n\t\t<\/div>\n\t\t\t\t\t<\/div>\n\t\t<\/section>\n\t\t<div class=\"elementor-element elementor-element-80291d2 e-flex e-con-boxed e-con e-parent\" data-id=\"80291d2\" data-element_type=\"container\">\n\t\t\t\t\t<div class=\"e-con-inner\">\n\t\t\t\t<div class=\"elementor-element elementor-element-c7c53c4 elementor-widget elementor-widget-text-editor\" data-id=\"c7c53c4\" data-element_type=\"widget\" data-widget_type=\"text-editor.default\">\n\t\t\t\t<div class=\"elementor-widget-container\">\n\t\t\t\t\t\t\t\t\t<p>2026 wird ein aufregendes Jahr f\u00fcr MAHLE SmartBike Systems, da wir zu den einflussreichsten Radsportveranstaltungen weltweit zur\u00fcckkehren. Diese Zusammenk\u00fcnfte sind mehr als nur Ausstellungen: Sie sind Gelegenheiten, mit Fahrern, Marken und f\u00fchrenden Branchenakteuren in Kontakt zu treten und zu zeigen, wie unsere Technologie die Zukunft der E\u2011Mobilit\u00e4t mitgestaltet. Von Europa bis Asien werden wir auf wichtigen Veranstaltungen pr\u00e4sent sein, um Innovation, Fachwissen und praktische Erfahrungen zu teilen. <\/p>\t\t\t\t\t\t\t\t<\/div>\n\t\t\t\t<\/div>\n\t\t\t\t\t<\/div>\n\t\t\t\t<\/div>\n\t\t<div class=\"elementor-element elementor-element-4f8a9c8 e-flex e-con-boxed e-con e-parent\" data-id=\"4f8a9c8\" data-element_type=\"container\">\n\t\t\t\t\t<div class=\"e-con-inner\">\n\t\t\t\t<div class=\"elementor-element elementor-element-1558587 elementor-widget__width-auto elementor-widget elementor-widget-image\" data-id=\"1558587\" data-element_type=\"widget\" data-widget_type=\"image.default\">\n\t\t\t\t<div class=\"elementor-widget-container\">\n\t\t\t\t\t\t\t\t\t\t\t\t\t\t\t<img decoding=\"async\" src=\"https:\/\/mahle-smartbike.com\/wp-content\/uploads\/elementor\/thumbs\/MAHLE_Eurobike_25-9-rh7amq0uuiwsi7asac1rv8s7h6bskgkys89ifb83ls.webp\" title=\"MAHLE_Eurobike_25-9\" alt=\"MAHLE_Eurobike_25-9\" loading=\"lazy\" \/>\t\t\t\t\t\t\t\t\t\t\t\t\t\t\t<\/div>\n\t\t\t\t<\/div>\n\t\t\t\t<div class=\"elementor-element elementor-element-d5e2421 elementor-widget elementor-widget-heading\" data-id=\"d5e2421\" data-element_type=\"widget\" data-widget_type=\"heading.default\">\n\t\t\t\t<div class=\"elementor-widget-container\">\n\t\t\t\t\t<h2 class=\"elementor-heading-title elementor-size-default\">Veranstaltungskalender 2026<\/h2>\t\t\t\t<\/div>\n\t\t\t\t<\/div>\n\t\t\t\t<div class=\"elementor-element elementor-element-eb1f140 elementor-widget elementor-widget-text-editor\" data-id=\"eb1f140\" data-element_type=\"widget\" data-widget_type=\"text-editor.default\">\n\t\t\t\t<div class=\"elementor-widget-container\">\n\t\t\t\t\t\t\t\t\t<p>Unsere Reise beginnt im Januar und setzt sich das ganze Jahr \u00fcber mit Stopps bei den wichtigsten Radsportveranstaltungen fort:<\/p><ul><li><strong>Velofollies<\/strong>: 16.\u201318. Januar, Kortrijk, Belgien.<\/li><li><strong>Sea Otter Classics<\/strong>: 16.\u201319. April, Monterrey, Vereinigte Staaten.<\/li><li><strong>eBike Days<\/strong>: 24.\u201326. April, M\u00fcnchen, Deutschland.<\/li><li><strong>Riva Bike Festival<\/strong>: 1.\u20134. Mai, Riva del Garda, Italien.<\/li><li><strong>Eurobike<\/strong>: 24.\u201327. Juni, Frankfurt, Deutschland.<\/li><li><strong>Technische Pressekonferenz:<\/strong> 2.\u20138. Juli, Stuttgart, Deutschland.<\/li><li><strong>Prodays:<\/strong> 5.\u20137. Juli, Paris, Frankreich.<\/li><li><strong>Ard Rock<\/strong>: 25.\u201327. Juli, Swaledale, Vereinigtes K\u00f6nigreich.<\/li><li><strong>Italian Bike Festival<\/strong>: 5.\u20137. September, Misano, Italien.<\/li><li><strong>Taichung Bike Week<\/strong>: 15.\u201318. September, Taichung, Taiwan.<\/li><li><strong>Sea Otter Europe<\/strong>: 19.\u201321. September, Girona, Spanien.<\/li><li><strong>Roc d\u2019Azur<\/strong>: 9.\u201312. Oktober, Fr\u00e9jus, Frankreich \u2026und weitere folgen!<\/li><\/ul><p>Diese Veranstaltungen sind die perfekte B\u00fchne, um die neuesten Trends im Radsport zu entdecken und die MAHLE-Technologie in Aktion zu erleben.<\/p>\t\t\t\t\t\t\t\t<\/div>\n\t\t\t\t<\/div>\n\t\t\t\t\t<\/div>\n\t\t\t\t<\/div>\n\t\t<div class=\"elementor-element elementor-element-0c7e11b e-flex e-con-boxed e-con e-parent\" data-id=\"0c7e11b\" data-element_type=\"container\">\n\t\t\t\t\t<div class=\"e-con-inner\">\n\t\t\t\t<div class=\"elementor-element elementor-element-904c474 elementor-widget__width-auto elementor-widget elementor-widget-image\" data-id=\"904c474\" data-element_type=\"widget\" data-widget_type=\"image.default\">\n\t\t\t\t<div class=\"elementor-widget-container\">\n\t\t\t\t\t\t\t\t\t\t\t\t\t\t\t<img decoding=\"async\" src=\"https:\/\/mahle-smartbike.com\/wp-content\/uploads\/elementor\/thumbs\/MAHLE_Eurobike_25-43-rh7amsudf10nh16otv9nkq2l9bxw7jw5sm7yv53x34.webp\" title=\"MAHLE_Eurobike_25-43\" alt=\"MAHLE_Eurobike_25-43\" loading=\"lazy\" \/>\t\t\t\t\t\t\t\t\t\t\t\t\t\t\t<\/div>\n\t\t\t\t<\/div>\n\t\t\t\t<div class=\"elementor-element elementor-element-e840cd6 elementor-widget elementor-widget-heading\" data-id=\"e840cd6\" data-element_type=\"widget\" data-widget_type=\"heading.default\">\n\t\t\t\t<div class=\"elementor-widget-container\">\n\t\t\t\t\t<h2 class=\"elementor-heading-title elementor-size-default\">Erleben Sie die Zukunft der eBike-Systeme<\/h2>\t\t\t\t<\/div>\n\t\t\t\t<\/div>\n\t\t\t\t<div class=\"elementor-element elementor-element-f47eae0 elementor-widget elementor-widget-text-editor\" data-id=\"f47eae0\" data-element_type=\"widget\" data-widget_type=\"text-editor.default\">\n\t\t\t\t<div class=\"elementor-widget-container\">\n\t\t\t\t\t\t\t\t\t<p>Auf jeder Veranstaltung werden wir unsere komplette Palette an eBike-Systemen der X-Serie und M-Serie vorstellen, die das Neueste in Bezug auf leichtes Design, Integration und Leistung repr\u00e4sentieren.<\/p><p>Besucher k\u00f6nnen auch Zubeh\u00f6r entdecken, das die Autonomie und Konnektivit\u00e4t verbessert, wie z. B. die externe Batterie eX1, das Gateway und den Duo Controller, die alle entwickelt wurden, um ein intelligenteres und vernetzteres Fahrerlebnis innerhalb des ONE-\u00d6kosystems zu bieten.<\/p><p>Unser Expertenteam steht Ihnen zur Verf\u00fcgung, um Einblicke zu geben, wie diese digitale Plattform fortschrittliche Funktionen wie die Konfiguration der Motorkennlinie, OTA-Firmware-Updates und Echtzeitkonnektivit\u00e4t bietet und so ein vollst\u00e4ndig personalisiertes Erlebnis f\u00fcr jeden Fahrer schafft.<\/p>\t\t\t\t\t\t\t\t<\/div>\n\t\t\t\t<\/div>\n\t\t\t\t\t<\/div>\n\t\t\t\t<\/div>\n\t\t<div class=\"elementor-element elementor-element-b93a45f e-flex e-con-boxed e-con e-parent\" data-id=\"b93a45f\" data-element_type=\"container\">\n\t\t\t\t\t<div class=\"e-con-inner\">\n\t\t\t\t<div class=\"elementor-element elementor-element-cc7deab elementor-widget__width-auto elementor-widget elementor-widget-image\" data-id=\"cc7deab\" data-element_type=\"widget\" data-widget_type=\"image.default\">\n\t\t\t\t<div class=\"elementor-widget-container\">\n\t\t\t\t\t\t\t\t\t\t\t\t\t\t\t<img decoding=\"async\" src=\"https:\/\/mahle-smartbike.com\/wp-content\/uploads\/elementor\/thumbs\/MAHLE_Eurobike_25-2-rh7amvnvzj4ifv2ldehja7cz1hjzun7ct06fayzqkg.webp\" title=\"MAHLE_Eurobike_25-2\" alt=\"MAHLE_Eurobike_25-2\" loading=\"lazy\" \/>\t\t\t\t\t\t\t\t\t\t\t\t\t\t\t<\/div>\n\t\t\t\t<\/div>\n\t\t\t\t<div class=\"elementor-element elementor-element-a18c37a elementor-widget elementor-widget-heading\" data-id=\"a18c37a\" data-element_type=\"widget\" data-widget_type=\"heading.default\">\n\t\t\t\t<div class=\"elementor-widget-container\">\n\t\t\t\t\t<h2 class=\"elementor-heading-title elementor-size-default\">Warum uns besuchen?<\/h2>\t\t\t\t<\/div>\n\t\t\t\t<\/div>\n\t\t\t\t<div class=\"elementor-element elementor-element-01716ad elementor-widget elementor-widget-text-editor\" data-id=\"01716ad\" data-element_type=\"widget\" data-widget_type=\"text-editor.default\">\n\t\t\t\t<div class=\"elementor-widget-container\">\n\t\t\t\t\t\t\t\t\t<p>Die Teilnahme an diesen Veranstaltungen bedeutet mehr als nur das Entdecken von Produkten, es geht darum, die Erfahrung zu leben. Sie haben die M\u00f6glichkeit, mit MAHLE-Systemen ausgestattete eBikes zu testen, den Unterschied in Leistung und Integration zu sp\u00fcren und direkt von unseren Spezialisten mehr \u00fcber die Technologie hinter unseren L\u00f6sungen zu erfahren. F\u00fcr OEMs und H\u00e4ndler sind diese Veranstaltungen die ideale Plattform, um neue Gesch\u00e4ftsm\u00f6glichkeiten zu erkunden, kommende Fahrradmodelle mit MAHLE-Systemen zu entdecken und zu sehen, wie unsere L\u00f6sungen Ihr eBike-Angebot verbessern k\u00f6nnen.  <\/p>\t\t\t\t\t\t\t\t<\/div>\n\t\t\t\t<\/div>\n\t\t\t\t\t<\/div>\n\t\t\t\t<\/div>\n\t\t<div class=\"elementor-element elementor-element-8be3cbe e-flex e-con-boxed e-con e-parent\" data-id=\"8be3cbe\" data-element_type=\"container\">\n\t\t\t\t\t<div class=\"e-con-inner\">\n\t\t\t\t<div class=\"elementor-element elementor-element-7079a02 elementor-widget__width-auto elementor-widget elementor-widget-image\" data-id=\"7079a02\" data-element_type=\"widget\" data-widget_type=\"image.default\">\n\t\t\t\t<div class=\"elementor-widget-container\">\n\t\t\t\t\t\t\t\t\t\t\t\t\t\t\t<img decoding=\"async\" src=\"https:\/\/mahle-smartbike.com\/wp-content\/uploads\/elementor\/thumbs\/MAHLE_Eurobike_25-60-rh7amn7ca0sxjdevqstw5rhtp0poxd9rrub1zhca4g.webp\" title=\"MAHLE_Eurobike_25-60\" alt=\"MAHLE_Eurobike_25-60\" loading=\"lazy\" \/>\t\t\t\t\t\t\t\t\t\t\t\t\t\t\t<\/div>\n\t\t\t\t<\/div>\n\t\t\t\t<div class=\"elementor-element elementor-element-eea5da2 elementor-widget elementor-widget-heading\" data-id=\"eea5da2\" data-element_type=\"widget\" data-widget_type=\"heading.default\">\n\t\t\t\t<div class=\"elementor-widget-container\">\n\t\t\t\t\t<h2 class=\"elementor-heading-title elementor-size-default\">Partnerschaften st\u00e4rken<\/h2>\t\t\t\t<\/div>\n\t\t\t\t<\/div>\n\t\t\t\t<div class=\"elementor-element elementor-element-c1f2b8b elementor-widget elementor-widget-text-editor\" data-id=\"c1f2b8b\" data-element_type=\"widget\" data-widget_type=\"text-editor.default\">\n\t\t\t\t<div class=\"elementor-widget-container\">\n\t\t\t\t\t\t\t\t\t<p>Im Jahr 2026 verst\u00e4rken wir unsere Pr\u00e4senz auf B2B-Ausstellungen und bauen die Zusammenarbeit mit OEM-Marken aus. Erwarten Sie neue Fahrradmodelle, die mit MAHLE-Systemen ausgestattet sind, in den Kategorien Urban, Gravel, Road und MTB. Diese Partnerschaften unterstreichen, wie unsere Technologie Marken dabei unterst\u00fctzt, leichtere, intelligentere und effizientere eBikes anzubieten.  <\/p>\t\t\t\t\t\t\t\t<\/div>\n\t\t\t\t<\/div>\n\t\t\t\t\t<\/div>\n\t\t\t\t<\/div>\n\t\t<div class=\"elementor-element elementor-element-f806162 e-flex e-con-boxed e-con e-parent\" data-id=\"f806162\" data-element_type=\"container\">\n\t\t\t\t\t<div class=\"e-con-inner\">\n\t\t\t\t<div class=\"elementor-element elementor-element-b848175 elementor-widget__width-auto elementor-widget elementor-widget-image\" data-id=\"b848175\" data-element_type=\"widget\" data-widget_type=\"image.default\">\n\t\t\t\t<div class=\"elementor-widget-container\">\n\t\t\t\t\t\t\t\t\t\t\t\t\t\t\t<img decoding=\"async\" src=\"https:\/\/mahle-smartbike.com\/wp-content\/uploads\/elementor\/thumbs\/Back-to-the-road-2026-1-rh7amyhek18deoyhwxpezonctn63hqijte4vqsvk1s.webp\" title=\"Back to the road 2026 (1)\" alt=\"Back to the road 2026 (1)\" loading=\"lazy\" \/>\t\t\t\t\t\t\t\t\t\t\t\t\t\t\t<\/div>\n\t\t\t\t<\/div>\n\t\t\t\t<div class=\"elementor-element elementor-element-3777ca0 elementor-widget elementor-widget-text-editor\" data-id=\"3777ca0\" data-element_type=\"widget\" data-widget_type=\"text-editor.default\">\n\t\t\t\t<div class=\"elementor-widget-container\">\n\t\t\t\t\t\t\t\t\t<p><strong><span class=\"notion-enable-hover\" data-token-index=\"0\">Bleiben Sie in Verbindung<\/span>:<\/strong> Folgen Sie uns in den sozialen Medien und abonnieren Sie unseren Newsletter, um auf dem Laufenden zu bleiben.<\/p>\t\t\t\t\t\t\t\t<\/div>\n\t\t\t\t<\/div>\n\t\t\t\t\t<\/div>\n\t\t\t\t<\/div>\n\t\t\t\t<\/div>\n\t\t","protected":false},"excerpt":{"rendered":"<p>2026 wird ein aufregendes Jahr f\u00fcr MAHLE SmartBike Systems, da wir zu den einflussreichsten Radsportveranstaltungen weltweit zur\u00fcckkehren. Diese Zusammenk\u00fcnfte sind mehr als nur Ausstellungen, sie sind Gelegenheiten, mit Fahrern, Marken und Branchenf\u00fchrern in Kontakt zu treten und zu zeigen, wie unsere Technologie die Zukunft der eMobilit\u00e4t gestaltet. Von Europa bis Asien werden wir auf wichtigen Veranstaltungen pr\u00e4sent sein, um Innovationen, Fachwissen und praktische Erfahrungen auszutauschen.  <\/p>\n","protected":false},"featured_media":70261,"parent":0,"menu_order":0,"template":"","news-and-events":[],"class_list":["post-70277","news-event","type-news-event","status-publish","has-post-thumbnail","hentry","news-events-category-event-de"],"acf":[],"yoast_head":"<!-- This site is optimized with the Yoast SEO plugin v27.5 - https:\/\/yoast.com\/product\/yoast-seo-wordpress\/ -->\n<title>Zur\u00fcck auf der Stra\u00dfe: Treffen Sie uns bei den Top-Radveranstaltungen im Jahr 2026! - MAHLE SmartBike Systems<\/title>\n<meta name=\"description\" content=\"2026 wird ein aufregendes Jahr f\u00fcr MAHLE SmartBike Systems, da wir zu den einflussreichsten Radsportveranstaltungen weltweit zur\u00fcckkehren.\" \/>\n<meta name=\"robots\" content=\"index, follow, max-snippet:-1, max-image-preview:large, max-video-preview:-1\" \/>\n<link rel=\"canonical\" href=\"https:\/\/mahle-smartbike.com\/de\/content-hub\/zurueck-auf-der-strasse-treffen-sie-uns-bei-den-top-radveranstaltungen-im-jahr-2026\/\" \/>\n<meta property=\"og:locale\" content=\"de_DE\" \/>\n<meta property=\"og:type\" content=\"article\" \/>\n<meta property=\"og:title\" content=\"Zur\u00fcck auf der Stra\u00dfe: Treffen Sie uns bei den Top-Radveranstaltungen im Jahr 2026! - MAHLE SmartBike Systems\" \/>\n<meta property=\"og:description\" content=\"2026 wird ein aufregendes Jahr f\u00fcr MAHLE SmartBike Systems, da wir zu den einflussreichsten Radsportveranstaltungen weltweit zur\u00fcckkehren.\" \/>\n<meta property=\"og:url\" content=\"https:\/\/mahle-smartbike.com\/de\/content-hub\/zurueck-auf-der-strasse-treffen-sie-uns-bei-den-top-radveranstaltungen-im-jahr-2026\/\" \/>\n<meta property=\"og:site_name\" content=\"MAHLE SmartBike Systems\" \/>\n<meta property=\"article:publisher\" content=\"https:\/\/www.facebook.com\/mahlesmartbikesystems\/\" \/>\n<meta property=\"article:modified_time\" content=\"2026-02-19T11:38:57+00:00\" \/>\n<meta property=\"og:image\" content=\"https:\/\/mahle-smartbike.com\/wp-content\/uploads\/2026\/01\/Back-to-the-road-2026.webp\" \/>\n\t<meta property=\"og:image:width\" content=\"2560\" \/>\n\t<meta property=\"og:image:height\" content=\"1707\" \/>\n\t<meta property=\"og:image:type\" content=\"image\/webp\" \/>\n<meta name=\"twitter:card\" content=\"summary_large_image\" \/>\n<meta name=\"twitter:label1\" content=\"Gesch\u00e4tzte Lesezeit\" \/>\n\t<meta name=\"twitter:data1\" content=\"2\u00a0Minuten\" \/>\n<script type=\"application\/ld+json\" class=\"yoast-schema-graph\">{\"@context\":\"https:\\\/\\\/schema.org\",\"@graph\":[{\"@type\":\"WebPage\",\"@id\":\"https:\\\/\\\/mahle-smartbike.com\\\/de\\\/content-hub\\\/zurueck-auf-der-strasse-treffen-sie-uns-bei-den-top-radveranstaltungen-im-jahr-2026\\\/\",\"url\":\"https:\\\/\\\/mahle-smartbike.com\\\/de\\\/content-hub\\\/zurueck-auf-der-strasse-treffen-sie-uns-bei-den-top-radveranstaltungen-im-jahr-2026\\\/\",\"name\":\"Zur\u00fcck auf der Stra\u00dfe: Treffen Sie uns bei den Top-Radveranstaltungen im Jahr 2026! - MAHLE SmartBike Systems\",\"isPartOf\":{\"@id\":\"https:\\\/\\\/mahle-smartbike.com\\\/#website\"},\"primaryImageOfPage\":{\"@id\":\"https:\\\/\\\/mahle-smartbike.com\\\/de\\\/content-hub\\\/zurueck-auf-der-strasse-treffen-sie-uns-bei-den-top-radveranstaltungen-im-jahr-2026\\\/#primaryimage\"},\"image\":{\"@id\":\"https:\\\/\\\/mahle-smartbike.com\\\/de\\\/content-hub\\\/zurueck-auf-der-strasse-treffen-sie-uns-bei-den-top-radveranstaltungen-im-jahr-2026\\\/#primaryimage\"},\"thumbnailUrl\":\"https:\\\/\\\/mahle-smartbike.com\\\/wp-content\\\/uploads\\\/2026\\\/01\\\/Back-to-the-road-2026.webp\",\"datePublished\":\"2026-01-05T10:28:58+00:00\",\"dateModified\":\"2026-02-19T11:38:57+00:00\",\"description\":\"2026 wird ein aufregendes Jahr f\u00fcr MAHLE SmartBike Systems, da wir zu den einflussreichsten Radsportveranstaltungen weltweit zur\u00fcckkehren.\",\"breadcrumb\":{\"@id\":\"https:\\\/\\\/mahle-smartbike.com\\\/de\\\/content-hub\\\/zurueck-auf-der-strasse-treffen-sie-uns-bei-den-top-radveranstaltungen-im-jahr-2026\\\/#breadcrumb\"},\"inLanguage\":\"de\",\"potentialAction\":[{\"@type\":\"ReadAction\",\"target\":[\"https:\\\/\\\/mahle-smartbike.com\\\/de\\\/content-hub\\\/zurueck-auf-der-strasse-treffen-sie-uns-bei-den-top-radveranstaltungen-im-jahr-2026\\\/\"]}]},{\"@type\":\"ImageObject\",\"inLanguage\":\"de\",\"@id\":\"https:\\\/\\\/mahle-smartbike.com\\\/de\\\/content-hub\\\/zurueck-auf-der-strasse-treffen-sie-uns-bei-den-top-radveranstaltungen-im-jahr-2026\\\/#primaryimage\",\"url\":\"https:\\\/\\\/mahle-smartbike.com\\\/wp-content\\\/uploads\\\/2026\\\/01\\\/Back-to-the-road-2026.webp\",\"contentUrl\":\"https:\\\/\\\/mahle-smartbike.com\\\/wp-content\\\/uploads\\\/2026\\\/01\\\/Back-to-the-road-2026.webp\",\"width\":2560,\"height\":1707},{\"@type\":\"BreadcrumbList\",\"@id\":\"https:\\\/\\\/mahle-smartbike.com\\\/de\\\/content-hub\\\/zurueck-auf-der-strasse-treffen-sie-uns-bei-den-top-radveranstaltungen-im-jahr-2026\\\/#breadcrumb\",\"itemListElement\":[{\"@type\":\"ListItem\",\"position\":1,\"name\":\"News & Events\",\"item\":\"https:\\\/\\\/mahle-smartbike.com\\\/de\\\/content-hub\\\/\"},{\"@type\":\"ListItem\",\"position\":2,\"name\":\"Zur\u00fcck auf der Stra\u00dfe: Treffen Sie uns bei den Top-Radveranstaltungen im Jahr 2026!\"}]},{\"@type\":\"WebSite\",\"@id\":\"https:\\\/\\\/mahle-smartbike.com\\\/#website\",\"url\":\"https:\\\/\\\/mahle-smartbike.com\\\/\",\"name\":\"MAHLE SmartBike Systems\",\"description\":\"The lightest ebike systems on the market\",\"publisher\":{\"@id\":\"https:\\\/\\\/mahle-smartbike.com\\\/#organization\"},\"potentialAction\":[{\"@type\":\"SearchAction\",\"target\":{\"@type\":\"EntryPoint\",\"urlTemplate\":\"https:\\\/\\\/mahle-smartbike.com\\\/?s={search_term_string}\"},\"query-input\":{\"@type\":\"PropertyValueSpecification\",\"valueRequired\":true,\"valueName\":\"search_term_string\"}}],\"inLanguage\":\"de\"},{\"@type\":\"Organization\",\"@id\":\"https:\\\/\\\/mahle-smartbike.com\\\/#organization\",\"name\":\"MAHLE SmartBike Systems\",\"url\":\"https:\\\/\\\/mahle-smartbike.com\\\/\",\"logo\":{\"@type\":\"ImageObject\",\"inLanguage\":\"de\",\"@id\":\"https:\\\/\\\/mahle-smartbike.com\\\/#\\\/schema\\\/logo\\\/image\\\/\",\"url\":\"https:\\\/\\\/mahle-smartbike.com\\\/wp-content\\\/uploads\\\/2024\\\/05\\\/MAHLE-SmartBike-Systems-Logo-1-1.jpg\",\"contentUrl\":\"https:\\\/\\\/mahle-smartbike.com\\\/wp-content\\\/uploads\\\/2024\\\/05\\\/MAHLE-SmartBike-Systems-Logo-1-1.jpg\",\"width\":1920,\"height\":1920,\"caption\":\"MAHLE SmartBike Systems\"},\"image\":{\"@id\":\"https:\\\/\\\/mahle-smartbike.com\\\/#\\\/schema\\\/logo\\\/image\\\/\"},\"sameAs\":[\"https:\\\/\\\/www.facebook.com\\\/mahlesmartbikesystems\\\/\",\"https:\\\/\\\/www.instagram.com\\\/mahle_smartbikesystems\\\/\",\"https:\\\/\\\/www.linkedin.com\\\/company\\\/mahlesmartbikesystems\\\/\",\"https:\\\/\\\/www.youtube.com\\\/channel\\\/UCgfNyF-Wtgq0WTlzsV8bDmQ\",\"https:\\\/\\\/www.strava.com\\\/clubs\\\/mahle\",\"https:\\\/\\\/www.tiktok.com\\\/@mahlesmartbikesystems\"]}]}<\/script>\n<!-- \/ Yoast SEO plugin. -->","yoast_head_json":{"title":"Zur\u00fcck auf der Stra\u00dfe: Treffen Sie uns bei den Top-Radveranstaltungen im Jahr 2026! - MAHLE SmartBike Systems","description":"2026 wird ein aufregendes Jahr f\u00fcr MAHLE SmartBike Systems, da wir zu den einflussreichsten Radsportveranstaltungen weltweit zur\u00fcckkehren.","robots":{"index":"index","follow":"follow","max-snippet":"max-snippet:-1","max-image-preview":"max-image-preview:large","max-video-preview":"max-video-preview:-1"},"canonical":"https:\/\/mahle-smartbike.com\/de\/content-hub\/zurueck-auf-der-strasse-treffen-sie-uns-bei-den-top-radveranstaltungen-im-jahr-2026\/","og_locale":"de_DE","og_type":"article","og_title":"Zur\u00fcck auf der Stra\u00dfe: Treffen Sie uns bei den Top-Radveranstaltungen im Jahr 2026! - MAHLE SmartBike Systems","og_description":"2026 wird ein aufregendes Jahr f\u00fcr MAHLE SmartBike Systems, da wir zu den einflussreichsten Radsportveranstaltungen weltweit zur\u00fcckkehren.","og_url":"https:\/\/mahle-smartbike.com\/de\/content-hub\/zurueck-auf-der-strasse-treffen-sie-uns-bei-den-top-radveranstaltungen-im-jahr-2026\/","og_site_name":"MAHLE SmartBike Systems","article_publisher":"https:\/\/www.facebook.com\/mahlesmartbikesystems\/","article_modified_time":"2026-02-19T11:38:57+00:00","og_image":[{"width":2560,"height":1707,"url":"https:\/\/mahle-smartbike.com\/wp-content\/uploads\/2026\/01\/Back-to-the-road-2026.webp","type":"image\/webp"}],"twitter_card":"summary_large_image","twitter_misc":{"Gesch\u00e4tzte Lesezeit":"2\u00a0Minuten"},"schema":{"@context":"https:\/\/schema.org","@graph":[{"@type":"WebPage","@id":"https:\/\/mahle-smartbike.com\/de\/content-hub\/zurueck-auf-der-strasse-treffen-sie-uns-bei-den-top-radveranstaltungen-im-jahr-2026\/","url":"https:\/\/mahle-smartbike.com\/de\/content-hub\/zurueck-auf-der-strasse-treffen-sie-uns-bei-den-top-radveranstaltungen-im-jahr-2026\/","name":"Zur\u00fcck auf der Stra\u00dfe: Treffen Sie uns bei den Top-Radveranstaltungen im Jahr 2026! - MAHLE SmartBike Systems","isPartOf":{"@id":"https:\/\/mahle-smartbike.com\/#website"},"primaryImageOfPage":{"@id":"https:\/\/mahle-smartbike.com\/de\/content-hub\/zurueck-auf-der-strasse-treffen-sie-uns-bei-den-top-radveranstaltungen-im-jahr-2026\/#primaryimage"},"image":{"@id":"https:\/\/mahle-smartbike.com\/de\/content-hub\/zurueck-auf-der-strasse-treffen-sie-uns-bei-den-top-radveranstaltungen-im-jahr-2026\/#primaryimage"},"thumbnailUrl":"https:\/\/mahle-smartbike.com\/wp-content\/uploads\/2026\/01\/Back-to-the-road-2026.webp","datePublished":"2026-01-05T10:28:58+00:00","dateModified":"2026-02-19T11:38:57+00:00","description":"2026 wird ein aufregendes Jahr f\u00fcr MAHLE SmartBike Systems, da wir zu den einflussreichsten Radsportveranstaltungen weltweit zur\u00fcckkehren.","breadcrumb":{"@id":"https:\/\/mahle-smartbike.com\/de\/content-hub\/zurueck-auf-der-strasse-treffen-sie-uns-bei-den-top-radveranstaltungen-im-jahr-2026\/#breadcrumb"},"inLanguage":"de","potentialAction":[{"@type":"ReadAction","target":["https:\/\/mahle-smartbike.com\/de\/content-hub\/zurueck-auf-der-strasse-treffen-sie-uns-bei-den-top-radveranstaltungen-im-jahr-2026\/"]}]},{"@type":"ImageObject","inLanguage":"de","@id":"https:\/\/mahle-smartbike.com\/de\/content-hub\/zurueck-auf-der-strasse-treffen-sie-uns-bei-den-top-radveranstaltungen-im-jahr-2026\/#primaryimage","url":"https:\/\/mahle-smartbike.com\/wp-content\/uploads\/2026\/01\/Back-to-the-road-2026.webp","contentUrl":"https:\/\/mahle-smartbike.com\/wp-content\/uploads\/2026\/01\/Back-to-the-road-2026.webp","width":2560,"height":1707},{"@type":"BreadcrumbList","@id":"https:\/\/mahle-smartbike.com\/de\/content-hub\/zurueck-auf-der-strasse-treffen-sie-uns-bei-den-top-radveranstaltungen-im-jahr-2026\/#breadcrumb","itemListElement":[{"@type":"ListItem","position":1,"name":"News & Events","item":"https:\/\/mahle-smartbike.com\/de\/content-hub\/"},{"@type":"ListItem","position":2,"name":"Zur\u00fcck auf der Stra\u00dfe: Treffen Sie uns bei den Top-Radveranstaltungen im Jahr 2026!"}]},{"@type":"WebSite","@id":"https:\/\/mahle-smartbike.com\/#website","url":"https:\/\/mahle-smartbike.com\/","name":"MAHLE SmartBike Systems","description":"The lightest ebike systems on the market","publisher":{"@id":"https:\/\/mahle-smartbike.com\/#organization"},"potentialAction":[{"@type":"SearchAction","target":{"@type":"EntryPoint","urlTemplate":"https:\/\/mahle-smartbike.com\/?s={search_term_string}"},"query-input":{"@type":"PropertyValueSpecification","valueRequired":true,"valueName":"search_term_string"}}],"inLanguage":"de"},{"@type":"Organization","@id":"https:\/\/mahle-smartbike.com\/#organization","name":"MAHLE SmartBike Systems","url":"https:\/\/mahle-smartbike.com\/","logo":{"@type":"ImageObject","inLanguage":"de","@id":"https:\/\/mahle-smartbike.com\/#\/schema\/logo\/image\/","url":"https:\/\/mahle-smartbike.com\/wp-content\/uploads\/2024\/05\/MAHLE-SmartBike-Systems-Logo-1-1.jpg","contentUrl":"https:\/\/mahle-smartbike.com\/wp-content\/uploads\/2024\/05\/MAHLE-SmartBike-Systems-Logo-1-1.jpg","width":1920,"height":1920,"caption":"MAHLE SmartBike Systems"},"image":{"@id":"https:\/\/mahle-smartbike.com\/#\/schema\/logo\/image\/"},"sameAs":["https:\/\/www.facebook.com\/mahlesmartbikesystems\/","https:\/\/www.instagram.com\/mahle_smartbikesystems\/","https:\/\/www.linkedin.com\/company\/mahlesmartbikesystems\/","https:\/\/www.youtube.com\/channel\/UCgfNyF-Wtgq0WTlzsV8bDmQ","https:\/\/www.strava.com\/clubs\/mahle","https:\/\/www.tiktok.com\/@mahlesmartbikesystems"]}]}},"_links":{"self":[{"href":"https:\/\/mahle-smartbike.com\/de\/wp-json\/wp\/v2\/news-events\/70277","targetHints":{"allow":["GET"]}}],"collection":[{"href":"https:\/\/mahle-smartbike.com\/de\/wp-json\/wp\/v2\/news-events"}],"about":[{"href":"https:\/\/mahle-smartbike.com\/de\/wp-json\/wp\/v2\/types\/news-event"}],"version-history":[{"count":4,"href":"https:\/\/mahle-smartbike.com\/de\/wp-json\/wp\/v2\/news-events\/70277\/revisions"}],"predecessor-version":[{"id":73907,"href":"https:\/\/mahle-smartbike.com\/de\/wp-json\/wp\/v2\/news-events\/70277\/revisions\/73907"}],"wp:featuredmedia":[{"embeddable":true,"href":"https:\/\/mahle-smartbike.com\/de\/wp-json\/wp\/v2\/media\/70261"}],"wp:attachment":[{"href":"https:\/\/mahle-smartbike.com\/de\/wp-json\/wp\/v2\/media?parent=70277"}],"wp:term":[{"taxonomy":"news-and-events","embeddable":true,"href":"https:\/\/mahle-smartbike.com\/de\/wp-json\/wp\/v2\/news-and-events?post=70277"}],"curies":[{"name":"wp","href":"https:\/\/api.w.org\/{rel}","templated":true}]}}