{"id":70866,"date":"2026-01-12T14:04:47","date_gmt":"2026-01-12T12:04:47","guid":{"rendered":"https:\/\/mahle-smartbike.com\/content-hub\/bleiben-sie-verbunden-mahle-ebike-systeme-und-garmin-kompatibilitaet\/"},"modified":"2026-01-12T14:35:19","modified_gmt":"2026-01-12T12:35:19","slug":"bleiben-sie-verbunden-mahle-ebike-systeme-und-garmin-kompatibilitaet","status":"publish","type":"news-event","link":"https:\/\/mahle-smartbike.com\/de\/content-hub\/bleiben-sie-verbunden-mahle-ebike-systeme-und-garmin-kompatibilitaet\/","title":{"rendered":"Bleiben Sie verbunden: MAHLE eBike-Systeme und Garmin-Kompatibilit\u00e4t"},"content":{"rendered":"\t\t<div data-elementor-type=\"wp-post\" data-elementor-id=\"70866\" class=\"elementor elementor-70866 elementor-70815\" data-elementor-post-type=\"news-event\">\n\t\t\t\t\t\t<section class=\"elementor-section elementor-top-section elementor-element elementor-element-7e0634f elementor-section-full_width sticky-inner-header elementor-section-height-min-height elementor-section-height-default elementor-section-items-middle\" data-id=\"7e0634f\" data-element_type=\"section\" data-settings=\"{&quot;background_background&quot;:&quot;classic&quot;,&quot;sticky&quot;:&quot;top&quot;,&quot;sticky_offset&quot;:72,&quot;sticky_on&quot;:[&quot;widescreen&quot;,&quot;desktop&quot;,&quot;tablet&quot;,&quot;mobile_extra&quot;,&quot;mobile&quot;],&quot;sticky_effects_offset&quot;:0,&quot;sticky_anchor_link_offset&quot;:0}\">\n\t\t\t\t\t\t<div class=\"elementor-container elementor-column-gap-default\">\n\t\t\t\t\t<div class=\"elementor-column elementor-col-100 elementor-top-column elementor-element elementor-element-02653c6\" data-id=\"02653c6\" data-element_type=\"column\">\n\t\t\t<div class=\"elementor-widget-wrap elementor-element-populated\">\n\t\t\t\t\t\t<section class=\"elementor-section elementor-inner-section elementor-element elementor-element-43061e7 elementor-section-content-middle elementor-section-boxed elementor-section-height-default elementor-section-height-default\" data-id=\"43061e7\" data-element_type=\"section\">\n\t\t\t\t\t\t<div class=\"elementor-container elementor-column-gap-default\">\n\t\t\t\t\t<div class=\"elementor-column elementor-col-100 elementor-inner-column elementor-element elementor-element-dd224d3\" data-id=\"dd224d3\" data-element_type=\"column\">\n\t\t\t<div class=\"elementor-widget-wrap elementor-element-populated\">\n\t\t\t\t\t\t<div class=\"elementor-element elementor-element-b5d42a5 elementor-widget-tablet__width-initial elementor-widget-mobile_extra__width-initial elementor-widget-mobile__width-initial elementor-widget elementor-widget-heading\" data-id=\"b5d42a5\" data-element_type=\"widget\" data-widget_type=\"heading.default\">\n\t\t\t\t<div class=\"elementor-widget-container\">\n\t\t\t\t\t<h1 class=\"elementor-heading-title elementor-size-default\">Bleiben Sie verbunden: MAHLE eBike-Systeme und Garmin-Kompatibilit\u00e4t<\/h1>\t\t\t\t<\/div>\n\t\t\t\t<\/div>\n\t\t\t\t\t<\/div>\n\t\t<\/div>\n\t\t\t\t\t<\/div>\n\t\t<\/section>\n\t\t\t\t\t<\/div>\n\t\t<\/div>\n\t\t\t\t\t<\/div>\n\t\t<\/section>\n\t\t\t\t<section class=\"elementor-section elementor-top-section elementor-element elementor-element-9839725 elementor-section-full_width elementor-section-height-min-height elementor-section-items-stretch elementor-section-content-top elementor-section-height-default\" data-id=\"9839725\" data-element_type=\"section\" data-settings=\"{&quot;background_background&quot;:&quot;classic&quot;}\">\n\t\t\t\t\t\t<div class=\"elementor-container elementor-column-gap-default\">\n\t\t\t\t\t<div class=\"elementor-column elementor-col-100 elementor-top-column elementor-element elementor-element-eb853f1\" data-id=\"eb853f1\" data-element_type=\"column\" data-settings=\"{&quot;background_background&quot;:&quot;slideshow&quot;,&quot;background_slideshow_gallery&quot;:[],&quot;background_slideshow_loop&quot;:&quot;yes&quot;,&quot;background_slideshow_slide_duration&quot;:5000,&quot;background_slideshow_slide_transition&quot;:&quot;fade&quot;,&quot;background_slideshow_transition_duration&quot;:500}\">\n\t\t\t<div class=\"elementor-widget-wrap\">\n\t\t\t\t\t\t\t<\/div>\n\t\t<\/div>\n\t\t\t\t\t<\/div>\n\t\t<\/section>\n\t\t<div class=\"elementor-element elementor-element-80291d2 e-flex e-con-boxed e-con e-parent\" data-id=\"80291d2\" data-element_type=\"container\">\n\t\t\t\t\t<div class=\"e-con-inner\">\n\t\t\t\t<div class=\"elementor-element elementor-element-c7c53c4 elementor-widget elementor-widget-text-editor\" data-id=\"c7c53c4\" data-element_type=\"widget\" data-widget_type=\"text-editor.default\">\n\t\t\t\t<div class=\"elementor-widget-container\">\n\t\t\t\t\t\t\t\t\t<p>In der heutigen Radsportwelt ist Konnektivit\u00e4t mehr als nur eine Funktion, sie ist ein wesentlicher Bestandteil des Fahrerlebnisses. Bei MAHLE SmartBike Systems entwickeln wir unsere eBike-Systeme so, dass sie sich nahtlos in die Tools und Plattformen integrieren, denen die Fahrer bereits vertrauen. Aus diesem Grund sind alle unsere Systeme ANT+ kompatibel, wodurch sich die T\u00fcr zu einer m\u00fchelosen Kopplung mit f\u00fchrenden Ger\u00e4ten, einschlie\u00dflich Garmin, \u00f6ffnet.  <\/p>\t\t\t\t\t\t\t\t<\/div>\n\t\t\t\t<\/div>\n\t\t\t\t\t<\/div>\n\t\t\t\t<\/div>\n\t\t<div class=\"elementor-element elementor-element-4f8a9c8 e-flex e-con-boxed e-con e-parent\" data-id=\"4f8a9c8\" data-element_type=\"container\">\n\t\t\t\t\t<div class=\"e-con-inner\">\n\t\t\t\t<div class=\"elementor-element elementor-element-1558587 elementor-widget__width-auto elementor-widget elementor-widget-image\" data-id=\"1558587\" data-element_type=\"widget\" data-widget_type=\"image.default\">\n\t\t\t\t<div class=\"elementor-widget-container\">\n\t\t\t\t\t\t\t\t\t\t\t\t\t\t\t<img decoding=\"async\" src=\"https:\/\/mahle-smartbike.com\/wp-content\/uploads\/elementor\/thumbs\/Ant_reminder_0002_MAHLE-X20-NAVAFRIA-190-rhjor4x1uqemuonhr1bteyd2aslbysb7vwalhcaf5s.jpg\" title=\"Ant+_reminder_0002_MAHLE X20 NAVAFRIA-190\" alt=\"Ant+_reminder_0002_MAHLE X20 NAVAFRIA-190\" loading=\"lazy\" \/>\t\t\t\t\t\t\t\t\t\t\t\t\t\t\t<\/div>\n\t\t\t\t<\/div>\n\t\t\t\t<div class=\"elementor-element elementor-element-d5e2421 elementor-widget elementor-widget-heading\" data-id=\"d5e2421\" data-element_type=\"widget\" data-widget_type=\"heading.default\">\n\t\t\t\t<div class=\"elementor-widget-container\">\n\t\t\t\t\t<h2 class=\"elementor-heading-title elementor-size-default\">Warum ANT+ wichtig ist<\/h2>\t\t\t\t<\/div>\n\t\t\t\t<\/div>\n\t\t\t\t<div class=\"elementor-element elementor-element-eb1f140 elementor-widget elementor-widget-text-editor\" data-id=\"eb1f140\" data-element_type=\"widget\" data-widget_type=\"text-editor.default\">\n\t\t\t\t<div class=\"elementor-widget-container\">\n\t\t\t\t\t\t\t\t\t<p>ANT+ ist ein drahtloses Kommunikationsprotokoll, das es Ger\u00e4ten verschiedener Marken erm\u00f6glicht, Daten zuverl\u00e4ssig und effizient auszutauschen. F\u00fcr Radfahrer bedeutet dies Freiheit: Sie k\u00f6nnen Ihr eBike-System mit einer Vielzahl von Sensoren, Computern und Apps verbinden, ohne sich um die Kompatibilit\u00e4t sorgen zu m\u00fcssen. <\/p><p>Bei MAHLE Systemen ist ANT+ keine Zusatzausstattung, sondern bereits integriert. Egal, ob Sie mit den Systemen X oder M fahren, Sie k\u00f6nnen die Leistung in Echtzeit \u00fcberwachen und steuern, indem Sie Ihre bevorzugten Ger\u00e4te verwenden. <\/p>\t\t\t\t\t\t\t\t<\/div>\n\t\t\t\t<\/div>\n\t\t\t\t\t<\/div>\n\t\t\t\t<\/div>\n\t\t<div class=\"elementor-element elementor-element-0c7e11b e-flex e-con-boxed e-con e-parent\" data-id=\"0c7e11b\" data-element_type=\"container\">\n\t\t\t\t\t<div class=\"e-con-inner\">\n\t\t\t\t<div class=\"elementor-element elementor-element-904c474 elementor-widget__width-auto elementor-widget elementor-widget-image\" data-id=\"904c474\" data-element_type=\"widget\" data-widget_type=\"image.default\">\n\t\t\t\t<div class=\"elementor-widget-container\">\n\t\t\t\t\t\t\t\t\t\t\t\t\t\t\t<img decoding=\"async\" src=\"https:\/\/mahle-smartbike.com\/wp-content\/uploads\/elementor\/thumbs\/videoframe_407831-copia-scaled-rfy61jppdl451oa2msniqrvfewb8o4hnthl1lrrzgg.jpg\" title=\"videoframe_407831 copia\" alt=\"videoframe_407831 copia\" loading=\"lazy\" \/>\t\t\t\t\t\t\t\t\t\t\t\t\t\t\t<\/div>\n\t\t\t\t<\/div>\n\t\t\t\t<div class=\"elementor-element elementor-element-e840cd6 elementor-widget elementor-widget-heading\" data-id=\"e840cd6\" data-element_type=\"widget\" data-widget_type=\"heading.default\">\n\t\t\t\t<div class=\"elementor-widget-container\">\n\t\t\t\t\t<h2 class=\"elementor-heading-title elementor-size-default\">Garmin-Integration: Eine intelligentere Fahrt<\/h2>\t\t\t\t<\/div>\n\t\t\t\t<\/div>\n\t\t\t\t<div class=\"elementor-element elementor-element-f47eae0 elementor-widget elementor-widget-text-editor\" data-id=\"f47eae0\" data-element_type=\"widget\" data-widget_type=\"text-editor.default\">\n\t\t\t\t<div class=\"elementor-widget-container\">\n\t\t\t\t\t\t\t\t\t<p>Garmin ist einer der vertrauensw\u00fcrdigsten Namen in der Radsporttechnologie, und jetzt arbeiten die MAHLE eBike-Systeme Hand in Hand mit Garmin-Ger\u00e4ten. Durch die ANT+-Konnektivit\u00e4t kann Ihr Garmin-Fahrradcomputer wichtige Messwerte von Ihrem eBike-System anzeigen, darunter: <\/p><ul><li><strong>Leistung<\/strong>: Verfolgen Sie Ihre Wattzahl und optimieren Sie Ihre Anstrengung.<\/li><li><strong>Akkustand<\/strong>: Bleiben Sie \u00fcber die verbleibende Reichweite informiert und planen Sie Ihre Fahrt zuverl\u00e4ssig.<\/li><li><strong>Unterst\u00fctzungsstufe<\/strong>: Sehen Sie, wie viel Unterst\u00fctzung Ihr System in jedem Moment bietet.<\/li><\/ul><p>Diese Integration verwandelt Ihr Garmin-Ger\u00e4t in eine zentrale Drehscheibe f\u00fcr alle Ihre Fahrdaten und kombiniert traditionelle Fahrradmetriken mit fortschrittlichen eBike-Erkenntnissen.<\/p><p><\/p>\t\t\t\t\t\t\t\t<\/div>\n\t\t\t\t<\/div>\n\t\t\t\t\t<\/div>\n\t\t\t\t<\/div>\n\t\t<div class=\"elementor-element elementor-element-b93a45f e-flex e-con-boxed e-con e-parent\" data-id=\"b93a45f\" data-element_type=\"container\">\n\t\t\t\t\t<div class=\"e-con-inner\">\n\t\t\t\t<div class=\"elementor-element elementor-element-a18c37a elementor-widget elementor-widget-heading\" data-id=\"a18c37a\" data-element_type=\"widget\" data-widget_type=\"heading.default\">\n\t\t\t\t<div class=\"elementor-widget-container\">\n\t\t\t\t\t<h2 class=\"elementor-heading-title elementor-size-default\">Echtzeit-Intelligenz<\/h2>\t\t\t\t<\/div>\n\t\t\t\t<\/div>\n\t\t\t\t<div class=\"elementor-element elementor-element-01716ad elementor-widget elementor-widget-text-editor\" data-id=\"01716ad\" data-element_type=\"widget\" data-widget_type=\"text-editor.default\">\n\t\t\t\t<div class=\"elementor-widget-container\">\n\t\t\t\t\t\t\t\t\t<p>Die Konnektivit\u00e4tsplattform von MAHLE erm\u00f6glicht es Ihnen, \u00fcber 100 Parameter live zu \u00fcberwachen. Von Leistung und Trittfrequenz bis hin zur Systemdiagnose ist alles \u00fcber die ANT+-Kommunikation zug\u00e4nglich. F\u00fcr trainingsorientierte Fahrer bedeutet dies Pr\u00e4zision. F\u00fcr Alltagsradler bedeutet dies ein beruhigendes Gef\u00fchl.   <\/p>\t\t\t\t\t\t\t\t<\/div>\n\t\t\t\t<\/div>\n\t\t\t\t\t<\/div>\n\t\t\t\t<\/div>\n\t\t<div class=\"elementor-element elementor-element-9afb62a e-flex e-con-boxed e-con e-parent\" data-id=\"9afb62a\" data-element_type=\"container\">\n\t\t\t\t\t<div class=\"e-con-inner\">\n\t\t\t\t<div class=\"elementor-element elementor-element-6f1b7d9 elementor-widget__width-auto elementor-widget elementor-widget-image\" data-id=\"6f1b7d9\" data-element_type=\"widget\" data-widget_type=\"image.default\">\n\t\t\t\t<div class=\"elementor-widget-container\">\n\t\t\t\t\t\t\t\t\t\t\t\t\t\t\t<img decoding=\"async\" src=\"https:\/\/mahle-smartbike.com\/wp-content\/uploads\/elementor\/thumbs\/Ant_reminder_0005_1C0A3108-rhjorak2zqmcscfau3rktwxtv3tj8yxlwo7id0224g.jpg\" title=\"Ant+_reminder_0005_1C0A3108\" alt=\"Ant+_reminder_0005_1C0A3108\" loading=\"lazy\" \/>\t\t\t\t\t\t\t\t\t\t\t\t\t\t\t<\/div>\n\t\t\t\t<\/div>\n\t\t\t\t<div class=\"elementor-element elementor-element-4abcb77 elementor-widget elementor-widget-heading\" data-id=\"4abcb77\" data-element_type=\"widget\" data-widget_type=\"heading.default\">\n\t\t\t\t<div class=\"elementor-widget-container\">\n\t\t\t\t\t<h2 class=\"elementor-heading-title elementor-size-default\">F\u00fcr OEMs und H\u00e4ndler<\/h2>\t\t\t\t<\/div>\n\t\t\t\t<\/div>\n\t\t\t\t<div class=\"elementor-element elementor-element-68f38e9 elementor-widget elementor-widget-text-editor\" data-id=\"68f38e9\" data-element_type=\"widget\" data-widget_type=\"text-editor.default\">\n\t\t\t\t<div class=\"elementor-widget-container\">\n\t\t\t\t\t\t\t\t\t<p>F\u00fcr Fahrradmarken und Einzelh\u00e4ndler bedeutet die Garmin-Kompatibilit\u00e4t einen erheblichen Mehrwert. Sie stellt sicher, dass Fahrr\u00e4der, die mit MAHLE Systemen ausgestattet sind, die Erwartungen von technisch versierten Fahrern erf\u00fcllen, die eine nahtlose Integration mit ihren vorhandenen Ger\u00e4ten fordern. Bei dieser Funktion geht es nicht nur um Bequemlichkeit, sondern auch um die Bereitstellung eines erstklassigen Erlebnisses.  <\/p>\t\t\t\t\t\t\t\t<\/div>\n\t\t\t\t<\/div>\n\t\t\t\t\t<\/div>\n\t\t\t\t<\/div>\n\t\t<div class=\"elementor-element elementor-element-044f065 e-flex e-con-boxed e-con e-parent\" data-id=\"044f065\" data-element_type=\"container\">\n\t\t\t\t\t<div class=\"e-con-inner\">\n\t\t\t\t<div class=\"elementor-element elementor-element-0ee0e77 elementor-widget__width-auto elementor-widget elementor-widget-image\" data-id=\"0ee0e77\" data-element_type=\"widget\" data-widget_type=\"image.default\">\n\t\t\t\t<div class=\"elementor-widget-container\">\n\t\t\t\t\t\t\t\t\t\t\t\t\t\t\t<img decoding=\"async\" src=\"https:\/\/mahle-smartbike.com\/wp-content\/uploads\/elementor\/thumbs\/Ant_reminder_0004_1C0A2490-rhjor8oem2js54i152yboxewoc2stkq58ewjeg4ugw.jpg\" title=\"Ant+_reminder_0004_1C0A2490\" alt=\"Ant+_reminder_0004_1C0A2490\" loading=\"lazy\" \/>\t\t\t\t\t\t\t\t\t\t\t\t\t\t\t<\/div>\n\t\t\t\t<\/div>\n\t\t\t\t<div class=\"elementor-element elementor-element-77fe24f elementor-widget elementor-widget-heading\" data-id=\"77fe24f\" data-element_type=\"widget\" data-widget_type=\"heading.default\">\n\t\t\t\t<div class=\"elementor-widget-container\">\n\t\t\t\t\t<h2 class=\"elementor-heading-title elementor-size-default\">Die Zukunft des vernetzten Radfahrens<\/h2>\t\t\t\t<\/div>\n\t\t\t\t<\/div>\n\t\t\t\t<div class=\"elementor-element elementor-element-93d485d elementor-widget elementor-widget-text-editor\" data-id=\"93d485d\" data-element_type=\"widget\" data-widget_type=\"text-editor.default\">\n\t\t\t\t<div class=\"elementor-widget-container\">\n\t\t\t\t\t\t\t\t\t<p>Die Konnektivit\u00e4t entwickelt sich weiter, und MAHLE ist f\u00fchrend. Durch die Kombination von leichter, integrierter eBike-Technologie mit offenen Standards wie ANT+ geben wir den Fahrern die Freiheit, zu w\u00e4hlen, wie sie fahren und wie sie sich vernetzen. <\/p><p>Sind Sie bereit, den Unterschied zu erleben? Koppeln Sie Ihr mit MAHLE ausgestattetes eBike mit Ihrem Garmin-Ger\u00e4t und \u00fcbernehmen Sie die Kontrolle \u00fcber Ihre Fahrt wie nie zuvor. <\/p>\t\t\t\t\t\t\t\t<\/div>\n\t\t\t\t<\/div>\n\t\t\t\t\t<\/div>\n\t\t\t\t<\/div>\n\t\t<div class=\"elementor-element elementor-element-02b58e0 e-flex e-con-boxed e-con e-parent\" data-id=\"02b58e0\" data-element_type=\"container\">\n\t\t\t\t\t<div class=\"e-con-inner\">\n\t\t\t\t<div class=\"elementor-element elementor-element-c805881 elementor-widget__width-auto elementor-widget elementor-widget-image\" data-id=\"c805881\" data-element_type=\"widget\" data-widget_type=\"image.default\">\n\t\t\t\t<div class=\"elementor-widget-container\">\n\t\t\t\t\t\t\t\t\t\t\t\t\t\t\t<img decoding=\"async\" src=\"https:\/\/mahle-smartbike.com\/wp-content\/uploads\/elementor\/thumbs\/Ant_reminder_0006_1C0A3733-rhjorbhx6knn3ydxom67eepaghowgo1c8suzua0ny8.jpg\" title=\"Ant+_reminder_0006_1C0A3733\" alt=\"Ant+_reminder_0006_1C0A3733\" loading=\"lazy\" \/>\t\t\t\t\t\t\t\t\t\t\t\t\t\t\t<\/div>\n\t\t\t\t<\/div>\n\t\t\t\t<div class=\"elementor-element elementor-element-d4fafe6 elementor-widget elementor-widget-text-editor\" data-id=\"d4fafe6\" data-element_type=\"widget\" data-widget_type=\"text-editor.default\">\n\t\t\t\t<div class=\"elementor-widget-container\">\n\t\t\t\t\t\t\t\t\t<p>Sind Sie bereit, den Unterschied zu erleben? Koppeln Sie Ihr mit MAHLE ausgestattetes eBike mit Ihrem Garmin-Ger\u00e4t und \u00fcbernehmen Sie die Kontrolle \u00fcber Ihre Fahrt wie nie zuvor. <\/p>\t\t\t\t\t\t\t\t<\/div>\n\t\t\t\t<\/div>\n\t\t\t\t\t<\/div>\n\t\t\t\t<\/div>\n\t\t\t\t<\/div>\n\t\t","protected":false},"excerpt":{"rendered":"<p>In der heutigen Radsportwelt ist Konnektivit\u00e4t mehr als nur eine Funktion, sie ist ein wesentlicher Bestandteil des Fahrerlebnisses. Bei MAHLE SmartBike Systems entwickeln wir unsere eBike-Systeme so, dass sie sich nahtlos in die Tools und Plattformen integrieren, denen die Fahrer bereits vertrauen. <\/p>\n","protected":false},"featured_media":70818,"parent":0,"menu_order":0,"template":"","news-and-events":[],"class_list":["post-70866","news-event","type-news-event","status-publish","has-post-thumbnail","hentry","news-events-category-leitfaeden"],"acf":[],"yoast_head":"<!-- This site is optimized with the Yoast SEO plugin v27.5 - https:\/\/yoast.com\/product\/yoast-seo-wordpress\/ -->\n<title>Bleiben Sie verbunden: MAHLE eBike-Systeme und Garmin-Kompatibilit\u00e4t - MAHLE SmartBike Systems<\/title>\n<meta name=\"description\" content=\"In der heutigen Radsportwelt ist Konnektivit\u00e4t mehr als nur eine Funktion, sie ist ein wesentlicher Bestandteil des Fahrerlebnisses. Bei MAHLE SmartBike Systems entwickeln wir unsere eBike-Systeme so, dass sie sich nahtlos in die Tools und Plattformen integrieren, denen die Fahrer bereits vertrauen. Aus diesem Grund sind alle unsere Systeme ANT+ kompatibel, wodurch sich die T\u00fcr zu einer m\u00fchelosen Kopplung mit f\u00fchrenden Ger\u00e4ten, einschlie\u00dflich Garmin, \u00f6ffnet.\" \/>\n<meta name=\"robots\" content=\"index, follow, max-snippet:-1, max-image-preview:large, max-video-preview:-1\" \/>\n<link rel=\"canonical\" href=\"https:\/\/mahle-smartbike.com\/de\/content-hub\/bleiben-sie-verbunden-mahle-ebike-systeme-und-garmin-kompatibilitaet\/\" \/>\n<meta property=\"og:locale\" content=\"de_DE\" \/>\n<meta property=\"og:type\" content=\"article\" \/>\n<meta property=\"og:title\" content=\"Bleiben Sie verbunden: MAHLE eBike-Systeme und Garmin-Kompatibilit\u00e4t - MAHLE SmartBike Systems\" \/>\n<meta property=\"og:description\" content=\"In der heutigen Radsportwelt ist Konnektivit\u00e4t mehr als nur eine Funktion, sie ist ein wesentlicher Bestandteil des Fahrerlebnisses. Bei MAHLE SmartBike Systems entwickeln wir unsere eBike-Systeme so, dass sie sich nahtlos in die Tools und Plattformen integrieren, denen die Fahrer bereits vertrauen. Aus diesem Grund sind alle unsere Systeme ANT+ kompatibel, wodurch sich die T\u00fcr zu einer m\u00fchelosen Kopplung mit f\u00fchrenden Ger\u00e4ten, einschlie\u00dflich Garmin, \u00f6ffnet.\" \/>\n<meta property=\"og:url\" content=\"https:\/\/mahle-smartbike.com\/de\/content-hub\/bleiben-sie-verbunden-mahle-ebike-systeme-und-garmin-kompatibilitaet\/\" \/>\n<meta property=\"og:site_name\" content=\"MAHLE SmartBike Systems\" \/>\n<meta property=\"article:publisher\" content=\"https:\/\/www.facebook.com\/mahlesmartbikesystems\/\" \/>\n<meta property=\"article:modified_time\" content=\"2026-01-12T12:35:19+00:00\" \/>\n<meta property=\"og:image\" content=\"https:\/\/mahle-smartbike.com\/wp-content\/uploads\/2026\/01\/MAHLEANT.webp\" \/>\n\t<meta property=\"og:image:width\" content=\"2560\" \/>\n\t<meta property=\"og:image:height\" content=\"1700\" \/>\n\t<meta property=\"og:image:type\" content=\"image\/webp\" \/>\n<meta name=\"twitter:card\" content=\"summary_large_image\" \/>\n<meta name=\"twitter:label1\" content=\"Gesch\u00e4tzte Lesezeit\" \/>\n\t<meta name=\"twitter:data1\" content=\"2\u00a0Minuten\" \/>\n<script type=\"application\/ld+json\" class=\"yoast-schema-graph\">{\"@context\":\"https:\\\/\\\/schema.org\",\"@graph\":[{\"@type\":\"WebPage\",\"@id\":\"https:\\\/\\\/mahle-smartbike.com\\\/de\\\/content-hub\\\/bleiben-sie-verbunden-mahle-ebike-systeme-und-garmin-kompatibilitaet\\\/\",\"url\":\"https:\\\/\\\/mahle-smartbike.com\\\/de\\\/content-hub\\\/bleiben-sie-verbunden-mahle-ebike-systeme-und-garmin-kompatibilitaet\\\/\",\"name\":\"Bleiben Sie verbunden: MAHLE eBike-Systeme und Garmin-Kompatibilit\u00e4t - MAHLE SmartBike Systems\",\"isPartOf\":{\"@id\":\"https:\\\/\\\/mahle-smartbike.com\\\/#website\"},\"primaryImageOfPage\":{\"@id\":\"https:\\\/\\\/mahle-smartbike.com\\\/de\\\/content-hub\\\/bleiben-sie-verbunden-mahle-ebike-systeme-und-garmin-kompatibilitaet\\\/#primaryimage\"},\"image\":{\"@id\":\"https:\\\/\\\/mahle-smartbike.com\\\/de\\\/content-hub\\\/bleiben-sie-verbunden-mahle-ebike-systeme-und-garmin-kompatibilitaet\\\/#primaryimage\"},\"thumbnailUrl\":\"https:\\\/\\\/mahle-smartbike.com\\\/wp-content\\\/uploads\\\/2026\\\/01\\\/MAHLEANT.webp\",\"datePublished\":\"2026-01-12T12:04:47+00:00\",\"dateModified\":\"2026-01-12T12:35:19+00:00\",\"description\":\"In der heutigen Radsportwelt ist Konnektivit\u00e4t mehr als nur eine Funktion, sie ist ein wesentlicher Bestandteil des Fahrerlebnisses. Bei MAHLE SmartBike Systems entwickeln wir unsere eBike-Systeme so, dass sie sich nahtlos in die Tools und Plattformen integrieren, denen die Fahrer bereits vertrauen. Aus diesem Grund sind alle unsere Systeme ANT+ kompatibel, wodurch sich die T\u00fcr zu einer m\u00fchelosen Kopplung mit f\u00fchrenden Ger\u00e4ten, einschlie\u00dflich Garmin, \u00f6ffnet.\",\"breadcrumb\":{\"@id\":\"https:\\\/\\\/mahle-smartbike.com\\\/de\\\/content-hub\\\/bleiben-sie-verbunden-mahle-ebike-systeme-und-garmin-kompatibilitaet\\\/#breadcrumb\"},\"inLanguage\":\"de\",\"potentialAction\":[{\"@type\":\"ReadAction\",\"target\":[\"https:\\\/\\\/mahle-smartbike.com\\\/de\\\/content-hub\\\/bleiben-sie-verbunden-mahle-ebike-systeme-und-garmin-kompatibilitaet\\\/\"]}]},{\"@type\":\"ImageObject\",\"inLanguage\":\"de\",\"@id\":\"https:\\\/\\\/mahle-smartbike.com\\\/de\\\/content-hub\\\/bleiben-sie-verbunden-mahle-ebike-systeme-und-garmin-kompatibilitaet\\\/#primaryimage\",\"url\":\"https:\\\/\\\/mahle-smartbike.com\\\/wp-content\\\/uploads\\\/2026\\\/01\\\/MAHLEANT.webp\",\"contentUrl\":\"https:\\\/\\\/mahle-smartbike.com\\\/wp-content\\\/uploads\\\/2026\\\/01\\\/MAHLEANT.webp\",\"width\":2560,\"height\":1700},{\"@type\":\"BreadcrumbList\",\"@id\":\"https:\\\/\\\/mahle-smartbike.com\\\/de\\\/content-hub\\\/bleiben-sie-verbunden-mahle-ebike-systeme-und-garmin-kompatibilitaet\\\/#breadcrumb\",\"itemListElement\":[{\"@type\":\"ListItem\",\"position\":1,\"name\":\"News & Events\",\"item\":\"https:\\\/\\\/mahle-smartbike.com\\\/de\\\/content-hub\\\/\"},{\"@type\":\"ListItem\",\"position\":2,\"name\":\"Bleiben Sie verbunden: MAHLE eBike-Systeme und Garmin-Kompatibilit\u00e4t\"}]},{\"@type\":\"WebSite\",\"@id\":\"https:\\\/\\\/mahle-smartbike.com\\\/#website\",\"url\":\"https:\\\/\\\/mahle-smartbike.com\\\/\",\"name\":\"MAHLE SmartBike Systems\",\"description\":\"The lightest ebike systems on the market\",\"publisher\":{\"@id\":\"https:\\\/\\\/mahle-smartbike.com\\\/#organization\"},\"potentialAction\":[{\"@type\":\"SearchAction\",\"target\":{\"@type\":\"EntryPoint\",\"urlTemplate\":\"https:\\\/\\\/mahle-smartbike.com\\\/?s={search_term_string}\"},\"query-input\":{\"@type\":\"PropertyValueSpecification\",\"valueRequired\":true,\"valueName\":\"search_term_string\"}}],\"inLanguage\":\"de\"},{\"@type\":\"Organization\",\"@id\":\"https:\\\/\\\/mahle-smartbike.com\\\/#organization\",\"name\":\"MAHLE SmartBike Systems\",\"url\":\"https:\\\/\\\/mahle-smartbike.com\\\/\",\"logo\":{\"@type\":\"ImageObject\",\"inLanguage\":\"de\",\"@id\":\"https:\\\/\\\/mahle-smartbike.com\\\/#\\\/schema\\\/logo\\\/image\\\/\",\"url\":\"https:\\\/\\\/mahle-smartbike.com\\\/wp-content\\\/uploads\\\/2024\\\/05\\\/MAHLE-SmartBike-Systems-Logo-1-1.jpg\",\"contentUrl\":\"https:\\\/\\\/mahle-smartbike.com\\\/wp-content\\\/uploads\\\/2024\\\/05\\\/MAHLE-SmartBike-Systems-Logo-1-1.jpg\",\"width\":1920,\"height\":1920,\"caption\":\"MAHLE SmartBike Systems\"},\"image\":{\"@id\":\"https:\\\/\\\/mahle-smartbike.com\\\/#\\\/schema\\\/logo\\\/image\\\/\"},\"sameAs\":[\"https:\\\/\\\/www.facebook.com\\\/mahlesmartbikesystems\\\/\",\"https:\\\/\\\/www.instagram.com\\\/mahle_smartbikesystems\\\/\",\"https:\\\/\\\/www.linkedin.com\\\/company\\\/mahlesmartbikesystems\\\/\",\"https:\\\/\\\/www.youtube.com\\\/channel\\\/UCgfNyF-Wtgq0WTlzsV8bDmQ\",\"https:\\\/\\\/www.strava.com\\\/clubs\\\/mahle\",\"https:\\\/\\\/www.tiktok.com\\\/@mahlesmartbikesystems\"]}]}<\/script>\n<!-- \/ Yoast SEO plugin. -->","yoast_head_json":{"title":"Bleiben Sie verbunden: MAHLE eBike-Systeme und Garmin-Kompatibilit\u00e4t - MAHLE SmartBike Systems","description":"In der heutigen Radsportwelt ist Konnektivit\u00e4t mehr als nur eine Funktion, sie ist ein wesentlicher Bestandteil des Fahrerlebnisses. Bei MAHLE SmartBike Systems entwickeln wir unsere eBike-Systeme so, dass sie sich nahtlos in die Tools und Plattformen integrieren, denen die Fahrer bereits vertrauen. Aus diesem Grund sind alle unsere Systeme ANT+ kompatibel, wodurch sich die T\u00fcr zu einer m\u00fchelosen Kopplung mit f\u00fchrenden Ger\u00e4ten, einschlie\u00dflich Garmin, \u00f6ffnet.","robots":{"index":"index","follow":"follow","max-snippet":"max-snippet:-1","max-image-preview":"max-image-preview:large","max-video-preview":"max-video-preview:-1"},"canonical":"https:\/\/mahle-smartbike.com\/de\/content-hub\/bleiben-sie-verbunden-mahle-ebike-systeme-und-garmin-kompatibilitaet\/","og_locale":"de_DE","og_type":"article","og_title":"Bleiben Sie verbunden: MAHLE eBike-Systeme und Garmin-Kompatibilit\u00e4t - MAHLE SmartBike Systems","og_description":"In der heutigen Radsportwelt ist Konnektivit\u00e4t mehr als nur eine Funktion, sie ist ein wesentlicher Bestandteil des Fahrerlebnisses. Bei MAHLE SmartBike Systems entwickeln wir unsere eBike-Systeme so, dass sie sich nahtlos in die Tools und Plattformen integrieren, denen die Fahrer bereits vertrauen. Aus diesem Grund sind alle unsere Systeme ANT+ kompatibel, wodurch sich die T\u00fcr zu einer m\u00fchelosen Kopplung mit f\u00fchrenden Ger\u00e4ten, einschlie\u00dflich Garmin, \u00f6ffnet.","og_url":"https:\/\/mahle-smartbike.com\/de\/content-hub\/bleiben-sie-verbunden-mahle-ebike-systeme-und-garmin-kompatibilitaet\/","og_site_name":"MAHLE SmartBike Systems","article_publisher":"https:\/\/www.facebook.com\/mahlesmartbikesystems\/","article_modified_time":"2026-01-12T12:35:19+00:00","og_image":[{"width":2560,"height":1700,"url":"https:\/\/mahle-smartbike.com\/wp-content\/uploads\/2026\/01\/MAHLEANT.webp","type":"image\/webp"}],"twitter_card":"summary_large_image","twitter_misc":{"Gesch\u00e4tzte Lesezeit":"2\u00a0Minuten"},"schema":{"@context":"https:\/\/schema.org","@graph":[{"@type":"WebPage","@id":"https:\/\/mahle-smartbike.com\/de\/content-hub\/bleiben-sie-verbunden-mahle-ebike-systeme-und-garmin-kompatibilitaet\/","url":"https:\/\/mahle-smartbike.com\/de\/content-hub\/bleiben-sie-verbunden-mahle-ebike-systeme-und-garmin-kompatibilitaet\/","name":"Bleiben Sie verbunden: MAHLE eBike-Systeme und Garmin-Kompatibilit\u00e4t - MAHLE SmartBike Systems","isPartOf":{"@id":"https:\/\/mahle-smartbike.com\/#website"},"primaryImageOfPage":{"@id":"https:\/\/mahle-smartbike.com\/de\/content-hub\/bleiben-sie-verbunden-mahle-ebike-systeme-und-garmin-kompatibilitaet\/#primaryimage"},"image":{"@id":"https:\/\/mahle-smartbike.com\/de\/content-hub\/bleiben-sie-verbunden-mahle-ebike-systeme-und-garmin-kompatibilitaet\/#primaryimage"},"thumbnailUrl":"https:\/\/mahle-smartbike.com\/wp-content\/uploads\/2026\/01\/MAHLEANT.webp","datePublished":"2026-01-12T12:04:47+00:00","dateModified":"2026-01-12T12:35:19+00:00","description":"In der heutigen Radsportwelt ist Konnektivit\u00e4t mehr als nur eine Funktion, sie ist ein wesentlicher Bestandteil des Fahrerlebnisses. Bei MAHLE SmartBike Systems entwickeln wir unsere eBike-Systeme so, dass sie sich nahtlos in die Tools und Plattformen integrieren, denen die Fahrer bereits vertrauen. Aus diesem Grund sind alle unsere Systeme ANT+ kompatibel, wodurch sich die T\u00fcr zu einer m\u00fchelosen Kopplung mit f\u00fchrenden Ger\u00e4ten, einschlie\u00dflich Garmin, \u00f6ffnet.","breadcrumb":{"@id":"https:\/\/mahle-smartbike.com\/de\/content-hub\/bleiben-sie-verbunden-mahle-ebike-systeme-und-garmin-kompatibilitaet\/#breadcrumb"},"inLanguage":"de","potentialAction":[{"@type":"ReadAction","target":["https:\/\/mahle-smartbike.com\/de\/content-hub\/bleiben-sie-verbunden-mahle-ebike-systeme-und-garmin-kompatibilitaet\/"]}]},{"@type":"ImageObject","inLanguage":"de","@id":"https:\/\/mahle-smartbike.com\/de\/content-hub\/bleiben-sie-verbunden-mahle-ebike-systeme-und-garmin-kompatibilitaet\/#primaryimage","url":"https:\/\/mahle-smartbike.com\/wp-content\/uploads\/2026\/01\/MAHLEANT.webp","contentUrl":"https:\/\/mahle-smartbike.com\/wp-content\/uploads\/2026\/01\/MAHLEANT.webp","width":2560,"height":1700},{"@type":"BreadcrumbList","@id":"https:\/\/mahle-smartbike.com\/de\/content-hub\/bleiben-sie-verbunden-mahle-ebike-systeme-und-garmin-kompatibilitaet\/#breadcrumb","itemListElement":[{"@type":"ListItem","position":1,"name":"News & Events","item":"https:\/\/mahle-smartbike.com\/de\/content-hub\/"},{"@type":"ListItem","position":2,"name":"Bleiben Sie verbunden: MAHLE eBike-Systeme und Garmin-Kompatibilit\u00e4t"}]},{"@type":"WebSite","@id":"https:\/\/mahle-smartbike.com\/#website","url":"https:\/\/mahle-smartbike.com\/","name":"MAHLE SmartBike Systems","description":"The lightest ebike systems on the market","publisher":{"@id":"https:\/\/mahle-smartbike.com\/#organization"},"potentialAction":[{"@type":"SearchAction","target":{"@type":"EntryPoint","urlTemplate":"https:\/\/mahle-smartbike.com\/?s={search_term_string}"},"query-input":{"@type":"PropertyValueSpecification","valueRequired":true,"valueName":"search_term_string"}}],"inLanguage":"de"},{"@type":"Organization","@id":"https:\/\/mahle-smartbike.com\/#organization","name":"MAHLE SmartBike Systems","url":"https:\/\/mahle-smartbike.com\/","logo":{"@type":"ImageObject","inLanguage":"de","@id":"https:\/\/mahle-smartbike.com\/#\/schema\/logo\/image\/","url":"https:\/\/mahle-smartbike.com\/wp-content\/uploads\/2024\/05\/MAHLE-SmartBike-Systems-Logo-1-1.jpg","contentUrl":"https:\/\/mahle-smartbike.com\/wp-content\/uploads\/2024\/05\/MAHLE-SmartBike-Systems-Logo-1-1.jpg","width":1920,"height":1920,"caption":"MAHLE SmartBike Systems"},"image":{"@id":"https:\/\/mahle-smartbike.com\/#\/schema\/logo\/image\/"},"sameAs":["https:\/\/www.facebook.com\/mahlesmartbikesystems\/","https:\/\/www.instagram.com\/mahle_smartbikesystems\/","https:\/\/www.linkedin.com\/company\/mahlesmartbikesystems\/","https:\/\/www.youtube.com\/channel\/UCgfNyF-Wtgq0WTlzsV8bDmQ","https:\/\/www.strava.com\/clubs\/mahle","https:\/\/www.tiktok.com\/@mahlesmartbikesystems"]}]}},"_links":{"self":[{"href":"https:\/\/mahle-smartbike.com\/de\/wp-json\/wp\/v2\/news-events\/70866","targetHints":{"allow":["GET"]}}],"collection":[{"href":"https:\/\/mahle-smartbike.com\/de\/wp-json\/wp\/v2\/news-events"}],"about":[{"href":"https:\/\/mahle-smartbike.com\/de\/wp-json\/wp\/v2\/types\/news-event"}],"version-history":[{"count":1,"href":"https:\/\/mahle-smartbike.com\/de\/wp-json\/wp\/v2\/news-events\/70866\/revisions"}],"predecessor-version":[{"id":70867,"href":"https:\/\/mahle-smartbike.com\/de\/wp-json\/wp\/v2\/news-events\/70866\/revisions\/70867"}],"wp:featuredmedia":[{"embeddable":true,"href":"https:\/\/mahle-smartbike.com\/de\/wp-json\/wp\/v2\/media\/70818"}],"wp:attachment":[{"href":"https:\/\/mahle-smartbike.com\/de\/wp-json\/wp\/v2\/media?parent=70866"}],"wp:term":[{"taxonomy":"news-and-events","embeddable":true,"href":"https:\/\/mahle-smartbike.com\/de\/wp-json\/wp\/v2\/news-and-events?post=70866"}],"curies":[{"name":"wp","href":"https:\/\/api.w.org\/{rel}","templated":true}]}}