{"id":26968,"date":"2023-11-23T15:04:31","date_gmt":"2023-11-23T13:04:31","guid":{"rendered":"https:\/\/mahle-smartbike.com\/?post_type=news-event&#038;p=26968"},"modified":"2023-11-27T08:46:12","modified_gmt":"2023-11-27T08:46:12","slug":"proyectos-de-id-de-mahle-smartbike-systems","status":"publish","type":"news-event","link":"https:\/\/mahle-smartbike.com\/es\/content-hub\/proyectos-de-id-de-mahle-smartbike-systems\/","title":{"rendered":"Proyectos de I+D de MAHLE SmartBike Systems"},"content":{"rendered":"\t\t<div data-elementor-type=\"wp-post\" data-elementor-id=\"26968\" class=\"elementor elementor-26968 elementor-26907\" data-elementor-post-type=\"news-event\">\n\t\t\t\t\t\t<section class=\"elementor-section elementor-top-section elementor-element elementor-element-165e2493 elementor-section-full_width sticky-inner-header elementor-section-height-min-height elementor-section-height-default elementor-section-items-middle\" data-id=\"165e2493\" data-element_type=\"section\" data-settings=\"{&quot;background_background&quot;:&quot;classic&quot;,&quot;sticky&quot;:&quot;top&quot;,&quot;sticky_offset&quot;:72,&quot;sticky_on&quot;:[&quot;widescreen&quot;,&quot;desktop&quot;,&quot;tablet&quot;,&quot;mobile_extra&quot;,&quot;mobile&quot;],&quot;sticky_effects_offset&quot;:0,&quot;sticky_anchor_link_offset&quot;:0}\">\n\t\t\t\t\t\t<div class=\"elementor-container elementor-column-gap-default\">\n\t\t\t\t\t<div class=\"elementor-column elementor-col-100 elementor-top-column elementor-element elementor-element-30262c6\" data-id=\"30262c6\" data-element_type=\"column\">\n\t\t\t<div class=\"elementor-widget-wrap elementor-element-populated\">\n\t\t\t\t\t\t<section class=\"elementor-section elementor-inner-section elementor-element elementor-element-18424cef elementor-section-content-middle elementor-section-boxed elementor-section-height-default elementor-section-height-default\" data-id=\"18424cef\" data-element_type=\"section\">\n\t\t\t\t\t\t<div class=\"elementor-container elementor-column-gap-default\">\n\t\t\t\t\t<div class=\"elementor-column elementor-col-100 elementor-inner-column elementor-element elementor-element-2cb48e52\" data-id=\"2cb48e52\" data-element_type=\"column\">\n\t\t\t<div class=\"elementor-widget-wrap elementor-element-populated\">\n\t\t\t\t\t\t<div class=\"elementor-element elementor-element-1a9333c elementor-widget elementor-widget-heading\" data-id=\"1a9333c\" data-element_type=\"widget\" data-widget_type=\"heading.default\">\n\t\t\t\t<div class=\"elementor-widget-container\">\n\t\t\t\t\t<h3 class=\"elementor-heading-title elementor-size-default\">Proyectos de I+D de MAHLE SmartBike Systems<\/h3>\t\t\t\t<\/div>\n\t\t\t\t<\/div>\n\t\t\t\t\t<\/div>\n\t\t<\/div>\n\t\t\t\t\t<\/div>\n\t\t<\/section>\n\t\t\t\t\t<\/div>\n\t\t<\/div>\n\t\t\t\t\t<\/div>\n\t\t<\/section>\n\t\t\t\t<section class=\"elementor-section elementor-top-section elementor-element elementor-element-7d5e62ec elementor-section-full_width elementor-section-height-full inner-page-hero-section elementor-section-height-default elementor-section-items-middle\" data-id=\"7d5e62ec\" data-element_type=\"section\" data-settings=\"{&quot;background_background&quot;:&quot;video&quot;,&quot;background_play_on_mobile&quot;:&quot;yes&quot;}\">\n\t\t\t\t\t\t\t<div class=\"elementor-background-overlay\"><\/div>\n\t\t\t\t\t\t\t<div class=\"elementor-container elementor-column-gap-default\">\n\t\t\t\t\t<div class=\"elementor-column elementor-col-100 elementor-top-column elementor-element elementor-element-a21e2a7\" data-id=\"a21e2a7\" data-element_type=\"column\" data-settings=\"{&quot;background_background&quot;:&quot;classic&quot;}\">\n\t\t\t<div class=\"elementor-widget-wrap\">\n\t\t\t\t\t\t\t<\/div>\n\t\t<\/div>\n\t\t\t\t\t<\/div>\n\t\t<\/section>\n\t\t\t\t<section class=\"elementor-section elementor-top-section elementor-element elementor-element-a18fe42 elementor-section-boxed elementor-section-height-default elementor-section-height-default\" data-id=\"a18fe42\" data-element_type=\"section\" id=\"application\">\n\t\t\t\t\t\t<div class=\"elementor-container elementor-column-gap-default\">\n\t\t\t\t\t<div class=\"elementor-column elementor-col-100 elementor-top-column elementor-element elementor-element-18a456f9\" data-id=\"18a456f9\" data-element_type=\"column\">\n\t\t\t<div class=\"elementor-widget-wrap elementor-element-populated\">\n\t\t\t\t\t\t<section class=\"elementor-section elementor-inner-section elementor-element elementor-element-790f1740 elementor-section-content-middle elementor-reverse-mobile_extra elementor-reverse-mobile elementor-section-boxed elementor-section-height-default elementor-section-height-default\" data-id=\"790f1740\" data-element_type=\"section\">\n\t\t\t\t\t\t<div class=\"elementor-container elementor-column-gap-default\">\n\t\t\t\t\t<div class=\"elementor-column elementor-col-100 elementor-inner-column elementor-element elementor-element-7610a74e\" data-id=\"7610a74e\" data-element_type=\"column\">\n\t\t\t<div class=\"elementor-widget-wrap elementor-element-populated\">\n\t\t\t\t\t\t<div class=\"elementor-element elementor-element-a156f62 elementor-widget elementor-widget-heading\" data-id=\"a156f62\" data-element_type=\"widget\" data-widget_type=\"heading.default\">\n\t\t\t\t<div class=\"elementor-widget-container\">\n\t\t\t\t\t<h4 class=\"elementor-heading-title elementor-size-default\">Dise\u00f1o y desarrollo de soluciones avanzadas de movilidad el\u00e9ctrica<\/h4>\t\t\t\t<\/div>\n\t\t\t\t<\/div>\n\t\t\t\t<div class=\"elementor-element elementor-element-0e6a989 elementor-widget elementor-widget-text-editor\" data-id=\"0e6a989\" data-element_type=\"widget\" data-widget_type=\"text-editor.default\">\n\t\t\t\t<div class=\"elementor-widget-container\">\n\t\t\t\t\t\t\t\t\t<p>MAHLE SMARTBIKE SYSTEMS, S.L.U. desarrolla durante los a\u00f1os 2023 y 2024 un nuevo Plan Estrat\u00e9gico de I+D cuyo objetivo principal es el Dise\u00f1o y desarrollo de soluciones de movilidad el\u00e9ctrica avanzada que contribuyan a la evoluci\u00f3n de los sistemas destinados a las bicicletas el\u00e9ctricas.<br \/><br \/>Con fecha 15 de septiembre de 2023, el Presidente del Instituto para la Competitividad Empresarial de Castilla y Le\u00f3n ha dictado Resoluci\u00f3n de concesi\u00f3n de subvenci\u00f3n para los 3 expedientes que configuran el Plan Estrat\u00e9gico de la empresa para estos a\u00f1os, denominado \u201cPlan estrat\u00e9gico para el desarrollo de nuevas soluciones de Movilidad el\u00e9ctrica avanzada\u201d, financiado por los Fondos Estructurales de la Uni\u00f3n Europea, fondos FEDER, en un 50% a trav\u00e9s del Instituto para la Competitividad Empresarial de Castilla y Le\u00f3n (ICE), con el objetivo de promover el desarrollo tecnol\u00f3gico, la innovaci\u00f3n y una investigaci\u00f3n de calidad.<br \/><br \/>Los expedientes incluidos en dicho Plan estrat\u00e9gico son: <br \/><br \/>1. 10\/18\/PA\/0009 cuyo objetivo principal es el dise\u00f1o y desarrollo de un nuevo sistema ultraligero y ultraeficiente <br \/>2. 10\/18\/PA\/0010 cuyo objetivo principal es el dise\u00f1o y desarrollo de un nuevo concepto de bater\u00edas de 43 V <br \/>3. 10\/18\/PA\/0011 cuyo objetivo principal es el desarrollo de nuevas soluciones asociadas al motor e-Bike 43 V <br \/><br \/>Fecha de resoluci\u00f3n:\u00a0 24\/10\/2023<\/p>\t\t\t\t\t\t\t\t<\/div>\n\t\t\t\t<\/div>\n\t\t\t\t\t<\/div>\n\t\t<\/div>\n\t\t\t\t\t<\/div>\n\t\t<\/section>\n\t\t\t\t\t<\/div>\n\t\t<\/div>\n\t\t\t\t\t<\/div>\n\t\t<\/section>\n\t\t\t\t<section class=\"elementor-section elementor-top-section elementor-element elementor-element-6ca7171 elementor-section-boxed elementor-section-height-default elementor-section-height-default\" data-id=\"6ca7171\" data-element_type=\"section\">\n\t\t\t\t\t\t<div class=\"elementor-container elementor-column-gap-no\">\n\t\t\t\t\t<div class=\"elementor-column elementor-col-33 elementor-top-column elementor-element elementor-element-a11bcb4\" data-id=\"a11bcb4\" data-element_type=\"column\">\n\t\t\t<div class=\"elementor-widget-wrap elementor-element-populated\">\n\t\t\t\t\t\t<div class=\"elementor-element elementor-element-7c4254b elementor-widget elementor-widget-image\" data-id=\"7c4254b\" data-element_type=\"widget\" data-widget_type=\"image.default\">\n\t\t\t\t<div class=\"elementor-widget-container\">\n\t\t\t\t\t\t\t\t\t\t\t\t\t\t\t<img fetchpriority=\"high\" decoding=\"async\" width=\"800\" height=\"303\" src=\"https:\/\/mahle-smartbike.com\/wp-content\/uploads\/2023\/11\/logo-ice-jcyl.png\" class=\"attachment-large size-large wp-image-26952\" alt=\"\" srcset=\"https:\/\/mahle-smartbike.com\/wp-content\/uploads\/2023\/11\/logo-ice-jcyl.png 931w, https:\/\/mahle-smartbike.com\/wp-content\/uploads\/2023\/11\/logo-ice-jcyl-300x114.png 300w, https:\/\/mahle-smartbike.com\/wp-content\/uploads\/2023\/11\/logo-ice-jcyl-768x291.png 768w\" sizes=\"(max-width: 800px) 100vw, 800px\" \/>\t\t\t\t\t\t\t\t\t\t\t\t\t\t\t<\/div>\n\t\t\t\t<\/div>\n\t\t\t\t\t<\/div>\n\t\t<\/div>\n\t\t\t\t<div class=\"elementor-column elementor-col-33 elementor-top-column elementor-element elementor-element-99ec338\" data-id=\"99ec338\" data-element_type=\"column\">\n\t\t\t<div class=\"elementor-widget-wrap elementor-element-populated\">\n\t\t\t\t\t\t<div class=\"elementor-element elementor-element-791f866 elementor-widget elementor-widget-image\" data-id=\"791f866\" data-element_type=\"widget\" data-widget_type=\"image.default\">\n\t\t\t\t<div class=\"elementor-widget-container\">\n\t\t\t\t\t\t\t\t\t\t\t\t\t\t\t<img decoding=\"async\" width=\"800\" height=\"502\" src=\"https:\/\/mahle-smartbike.com\/wp-content\/uploads\/2023\/11\/Logotipo_de_la_Junta_de_Castilla_y_Leo\u0301n-1-1024x642.png\" class=\"attachment-large size-large wp-image-26961\" alt=\"\" srcset=\"https:\/\/mahle-smartbike.com\/wp-content\/uploads\/2023\/11\/Logotipo_de_la_Junta_de_Castilla_y_Leo\u0301n-1-1024x642.png 1024w, https:\/\/mahle-smartbike.com\/wp-content\/uploads\/2023\/11\/Logotipo_de_la_Junta_de_Castilla_y_Leo\u0301n-1-300x188.png 300w, https:\/\/mahle-smartbike.com\/wp-content\/uploads\/2023\/11\/Logotipo_de_la_Junta_de_Castilla_y_Leo\u0301n-1-768x481.png 768w, https:\/\/mahle-smartbike.com\/wp-content\/uploads\/2023\/11\/Logotipo_de_la_Junta_de_Castilla_y_Leo\u0301n-1.png 1200w\" sizes=\"(max-width: 800px) 100vw, 800px\" \/>\t\t\t\t\t\t\t\t\t\t\t\t\t\t\t<\/div>\n\t\t\t\t<\/div>\n\t\t\t\t\t<\/div>\n\t\t<\/div>\n\t\t\t\t<div class=\"elementor-column elementor-col-33 elementor-top-column elementor-element elementor-element-542813a\" data-id=\"542813a\" data-element_type=\"column\">\n\t\t\t<div class=\"elementor-widget-wrap elementor-element-populated\">\n\t\t\t\t\t\t<div class=\"elementor-element elementor-element-076411e elementor-widget elementor-widget-image\" data-id=\"076411e\" data-element_type=\"widget\" data-widget_type=\"image.default\">\n\t\t\t\t<div class=\"elementor-widget-container\">\n\t\t\t\t\t\t\t\t\t\t\t\t\t\t\t<img decoding=\"async\" width=\"337\" height=\"84\" src=\"https:\/\/mahle-smartbike.com\/wp-content\/uploads\/2023\/11\/Picture1.png\" class=\"attachment-large size-large wp-image-26916\" alt=\"\" srcset=\"https:\/\/mahle-smartbike.com\/wp-content\/uploads\/2023\/11\/Picture1.png 337w, https:\/\/mahle-smartbike.com\/wp-content\/uploads\/2023\/11\/Picture1-300x75.png 300w\" sizes=\"(max-width: 337px) 100vw, 337px\" \/>\t\t\t\t\t\t\t\t\t\t\t\t\t\t\t<\/div>\n\t\t\t\t<\/div>\n\t\t\t\t\t<\/div>\n\t\t<\/div>\n\t\t\t\t\t<\/div>\n\t\t<\/section>\n\t\t\t\t<\/div>\n\t\t","protected":false},"excerpt":{"rendered":"<p>MAHLE SMARTBIKE SYSTEMS, S.L.U. desarrolla durante los a\u00f1os 2023 y 2024 un nuevo Plan Estrat\u00e9gico de I+D cuyo objetivo principal es el Dise\u00f1o y desarrollo de soluciones de movilidad el\u00e9ctrica avanzada que contribuyan a la evoluci\u00f3n de los sistemas destinados a las bicicletas el\u00e9ctricas.<\/p>\n","protected":false},"featured_media":26922,"parent":0,"menu_order":0,"template":"","news-and-events":[],"class_list":["post-26968","news-event","type-news-event","status-publish","has-post-thumbnail","hentry","news-events-category-historias"],"acf":[],"yoast_head":"<!-- This site is optimized with the Yoast SEO plugin v27.5 - https:\/\/yoast.com\/product\/yoast-seo-wordpress\/ -->\n<title>Proyectos de I+D de MAHLE SmartBike Systems<\/title>\n<meta name=\"description\" content=\"MAHLE SMARTBIKE SYSTEMS, S.L.U. desarrolla durante los a\u00f1os 2023 y 2024 un nuevo Plan Estrat\u00e9gico de I+D cuyo objetivo principal es el Dise\u00f1o y desarrollo de soluciones de movilidad el\u00e9ctrica avanzada que contribuyan a la evoluci\u00f3n de los sistemas destinados a las bicicletas el\u00e9ctricas.\" \/>\n<meta name=\"robots\" content=\"index, follow, max-snippet:-1, max-image-preview:large, max-video-preview:-1\" \/>\n<link rel=\"canonical\" href=\"https:\/\/mahle-smartbike.com\/news-event\/mahle-smartbike-systems-rd-projects\/\" \/>\n<meta property=\"og:locale\" content=\"es_ES\" \/>\n<meta property=\"og:type\" content=\"article\" \/>\n<meta property=\"og:title\" content=\"Proyectos de I+D de MAHLE SmartBike Systems\" \/>\n<meta property=\"og:description\" content=\"MAHLE SMARTBIKE SYSTEMS, S.L.U. desarrolla durante los a\u00f1os 2023 y 2024 un nuevo Plan Estrat\u00e9gico de I+D cuyo objetivo principal es el Dise\u00f1o y desarrollo de soluciones de movilidad el\u00e9ctrica avanzada que contribuyan a la evoluci\u00f3n de los sistemas destinados a las bicicletas el\u00e9ctricas.\" \/>\n<meta property=\"og:url\" content=\"https:\/\/mahle-smartbike.com\/news-event\/mahle-smartbike-systems-rd-projects\/\" \/>\n<meta property=\"og:site_name\" content=\"MAHLE SmartBike Systems\" \/>\n<meta property=\"article:publisher\" content=\"https:\/\/www.facebook.com\/mahlesmartbikesystems\/\" \/>\n<meta property=\"article:modified_time\" content=\"2023-11-27T08:46:12+00:00\" \/>\n<meta property=\"og:image\" content=\"https:\/\/mahle-smartbike.com\/wp-content\/uploads\/2023\/11\/grill_CE_docs.jpg\" \/>\n\t<meta property=\"og:image:width\" content=\"450\" \/>\n\t<meta property=\"og:image:height\" content=\"450\" \/>\n\t<meta property=\"og:image:type\" content=\"image\/jpeg\" \/>\n<meta name=\"twitter:card\" content=\"summary_large_image\" \/>\n<meta name=\"twitter:label1\" content=\"Tiempo de lectura\" \/>\n\t<meta name=\"twitter:data1\" content=\"2 minutos\" \/>\n<script type=\"application\/ld+json\" class=\"yoast-schema-graph\">{\"@context\":\"https:\\\/\\\/schema.org\",\"@graph\":[{\"@type\":\"WebPage\",\"@id\":\"https:\\\/\\\/mahle-smartbike.com\\\/news-event\\\/mahle-smartbike-systems-rd-projects\\\/\",\"url\":\"https:\\\/\\\/mahle-smartbike.com\\\/news-event\\\/mahle-smartbike-systems-rd-projects\\\/\",\"name\":\"Proyectos de I+D de MAHLE SmartBike Systems\",\"isPartOf\":{\"@id\":\"https:\\\/\\\/mahle-smartbike.com\\\/#website\"},\"primaryImageOfPage\":{\"@id\":\"https:\\\/\\\/mahle-smartbike.com\\\/news-event\\\/mahle-smartbike-systems-rd-projects\\\/#primaryimage\"},\"image\":{\"@id\":\"https:\\\/\\\/mahle-smartbike.com\\\/news-event\\\/mahle-smartbike-systems-rd-projects\\\/#primaryimage\"},\"thumbnailUrl\":\"https:\\\/\\\/mahle-smartbike.com\\\/wp-content\\\/uploads\\\/2023\\\/11\\\/grill_CE_docs.jpg\",\"datePublished\":\"2023-11-23T13:04:31+00:00\",\"dateModified\":\"2023-11-27T08:46:12+00:00\",\"description\":\"MAHLE SMARTBIKE SYSTEMS, S.L.U. desarrolla durante los a\u00f1os 2023 y 2024 un nuevo Plan Estrat\u00e9gico de I+D cuyo objetivo principal es el Dise\u00f1o y desarrollo de soluciones de movilidad el\u00e9ctrica avanzada que contribuyan a la evoluci\u00f3n de los sistemas destinados a las bicicletas el\u00e9ctricas.\",\"breadcrumb\":{\"@id\":\"https:\\\/\\\/mahle-smartbike.com\\\/news-event\\\/mahle-smartbike-systems-rd-projects\\\/#breadcrumb\"},\"inLanguage\":\"es\",\"potentialAction\":[{\"@type\":\"ReadAction\",\"target\":[\"https:\\\/\\\/mahle-smartbike.com\\\/news-event\\\/mahle-smartbike-systems-rd-projects\\\/\"]}]},{\"@type\":\"ImageObject\",\"inLanguage\":\"es\",\"@id\":\"https:\\\/\\\/mahle-smartbike.com\\\/news-event\\\/mahle-smartbike-systems-rd-projects\\\/#primaryimage\",\"url\":\"https:\\\/\\\/mahle-smartbike.com\\\/wp-content\\\/uploads\\\/2023\\\/11\\\/grill_CE_docs.jpg\",\"contentUrl\":\"https:\\\/\\\/mahle-smartbike.com\\\/wp-content\\\/uploads\\\/2023\\\/11\\\/grill_CE_docs.jpg\",\"width\":450,\"height\":450},{\"@type\":\"BreadcrumbList\",\"@id\":\"https:\\\/\\\/mahle-smartbike.com\\\/news-event\\\/mahle-smartbike-systems-rd-projects\\\/#breadcrumb\",\"itemListElement\":[{\"@type\":\"ListItem\",\"position\":1,\"name\":\"News & Events\",\"item\":\"https:\\\/\\\/mahle-smartbike.com\\\/es\\\/content-hub\\\/\"},{\"@type\":\"ListItem\",\"position\":2,\"name\":\"Proyectos de I+D de MAHLE SmartBike Systems\"}]},{\"@type\":\"WebSite\",\"@id\":\"https:\\\/\\\/mahle-smartbike.com\\\/#website\",\"url\":\"https:\\\/\\\/mahle-smartbike.com\\\/\",\"name\":\"MAHLE SmartBike Systems\",\"description\":\"The lightest ebike systems on the market\",\"publisher\":{\"@id\":\"https:\\\/\\\/mahle-smartbike.com\\\/#organization\"},\"potentialAction\":[{\"@type\":\"SearchAction\",\"target\":{\"@type\":\"EntryPoint\",\"urlTemplate\":\"https:\\\/\\\/mahle-smartbike.com\\\/?s={search_term_string}\"},\"query-input\":{\"@type\":\"PropertyValueSpecification\",\"valueRequired\":true,\"valueName\":\"search_term_string\"}}],\"inLanguage\":\"es\"},{\"@type\":\"Organization\",\"@id\":\"https:\\\/\\\/mahle-smartbike.com\\\/#organization\",\"name\":\"MAHLE SmartBike Systems\",\"url\":\"https:\\\/\\\/mahle-smartbike.com\\\/\",\"logo\":{\"@type\":\"ImageObject\",\"inLanguage\":\"es\",\"@id\":\"https:\\\/\\\/mahle-smartbike.com\\\/#\\\/schema\\\/logo\\\/image\\\/\",\"url\":\"https:\\\/\\\/mahle-smartbike.com\\\/wp-content\\\/uploads\\\/2024\\\/05\\\/MAHLE-SmartBike-Systems-Logo-1-1.jpg\",\"contentUrl\":\"https:\\\/\\\/mahle-smartbike.com\\\/wp-content\\\/uploads\\\/2024\\\/05\\\/MAHLE-SmartBike-Systems-Logo-1-1.jpg\",\"width\":1920,\"height\":1920,\"caption\":\"MAHLE SmartBike Systems\"},\"image\":{\"@id\":\"https:\\\/\\\/mahle-smartbike.com\\\/#\\\/schema\\\/logo\\\/image\\\/\"},\"sameAs\":[\"https:\\\/\\\/www.facebook.com\\\/mahlesmartbikesystems\\\/\",\"https:\\\/\\\/www.instagram.com\\\/mahle_smartbikesystems\\\/\",\"https:\\\/\\\/www.linkedin.com\\\/company\\\/mahlesmartbikesystems\\\/\",\"https:\\\/\\\/www.youtube.com\\\/channel\\\/UCgfNyF-Wtgq0WTlzsV8bDmQ\",\"https:\\\/\\\/www.strava.com\\\/clubs\\\/mahle\",\"https:\\\/\\\/www.tiktok.com\\\/@mahlesmartbikesystems\"]}]}<\/script>\n<!-- \/ Yoast SEO plugin. -->","yoast_head_json":{"title":"Proyectos de I+D de MAHLE SmartBike Systems","description":"MAHLE SMARTBIKE SYSTEMS, S.L.U. desarrolla durante los a\u00f1os 2023 y 2024 un nuevo Plan Estrat\u00e9gico de I+D cuyo objetivo principal es el Dise\u00f1o y desarrollo de soluciones de movilidad el\u00e9ctrica avanzada que contribuyan a la evoluci\u00f3n de los sistemas destinados a las bicicletas el\u00e9ctricas.","robots":{"index":"index","follow":"follow","max-snippet":"max-snippet:-1","max-image-preview":"max-image-preview:large","max-video-preview":"max-video-preview:-1"},"canonical":"https:\/\/mahle-smartbike.com\/news-event\/mahle-smartbike-systems-rd-projects\/","og_locale":"es_ES","og_type":"article","og_title":"Proyectos de I+D de MAHLE SmartBike Systems","og_description":"MAHLE SMARTBIKE SYSTEMS, S.L.U. desarrolla durante los a\u00f1os 2023 y 2024 un nuevo Plan Estrat\u00e9gico de I+D cuyo objetivo principal es el Dise\u00f1o y desarrollo de soluciones de movilidad el\u00e9ctrica avanzada que contribuyan a la evoluci\u00f3n de los sistemas destinados a las bicicletas el\u00e9ctricas.","og_url":"https:\/\/mahle-smartbike.com\/news-event\/mahle-smartbike-systems-rd-projects\/","og_site_name":"MAHLE SmartBike Systems","article_publisher":"https:\/\/www.facebook.com\/mahlesmartbikesystems\/","article_modified_time":"2023-11-27T08:46:12+00:00","og_image":[{"width":450,"height":450,"url":"https:\/\/mahle-smartbike.com\/wp-content\/uploads\/2023\/11\/grill_CE_docs.jpg","type":"image\/jpeg"}],"twitter_card":"summary_large_image","twitter_misc":{"Tiempo de lectura":"2 minutos"},"schema":{"@context":"https:\/\/schema.org","@graph":[{"@type":"WebPage","@id":"https:\/\/mahle-smartbike.com\/news-event\/mahle-smartbike-systems-rd-projects\/","url":"https:\/\/mahle-smartbike.com\/news-event\/mahle-smartbike-systems-rd-projects\/","name":"Proyectos de I+D de MAHLE SmartBike Systems","isPartOf":{"@id":"https:\/\/mahle-smartbike.com\/#website"},"primaryImageOfPage":{"@id":"https:\/\/mahle-smartbike.com\/news-event\/mahle-smartbike-systems-rd-projects\/#primaryimage"},"image":{"@id":"https:\/\/mahle-smartbike.com\/news-event\/mahle-smartbike-systems-rd-projects\/#primaryimage"},"thumbnailUrl":"https:\/\/mahle-smartbike.com\/wp-content\/uploads\/2023\/11\/grill_CE_docs.jpg","datePublished":"2023-11-23T13:04:31+00:00","dateModified":"2023-11-27T08:46:12+00:00","description":"MAHLE SMARTBIKE SYSTEMS, S.L.U. desarrolla durante los a\u00f1os 2023 y 2024 un nuevo Plan Estrat\u00e9gico de I+D cuyo objetivo principal es el Dise\u00f1o y desarrollo de soluciones de movilidad el\u00e9ctrica avanzada que contribuyan a la evoluci\u00f3n de los sistemas destinados a las bicicletas el\u00e9ctricas.","breadcrumb":{"@id":"https:\/\/mahle-smartbike.com\/news-event\/mahle-smartbike-systems-rd-projects\/#breadcrumb"},"inLanguage":"es","potentialAction":[{"@type":"ReadAction","target":["https:\/\/mahle-smartbike.com\/news-event\/mahle-smartbike-systems-rd-projects\/"]}]},{"@type":"ImageObject","inLanguage":"es","@id":"https:\/\/mahle-smartbike.com\/news-event\/mahle-smartbike-systems-rd-projects\/#primaryimage","url":"https:\/\/mahle-smartbike.com\/wp-content\/uploads\/2023\/11\/grill_CE_docs.jpg","contentUrl":"https:\/\/mahle-smartbike.com\/wp-content\/uploads\/2023\/11\/grill_CE_docs.jpg","width":450,"height":450},{"@type":"BreadcrumbList","@id":"https:\/\/mahle-smartbike.com\/news-event\/mahle-smartbike-systems-rd-projects\/#breadcrumb","itemListElement":[{"@type":"ListItem","position":1,"name":"News & Events","item":"https:\/\/mahle-smartbike.com\/es\/content-hub\/"},{"@type":"ListItem","position":2,"name":"Proyectos de I+D de MAHLE SmartBike Systems"}]},{"@type":"WebSite","@id":"https:\/\/mahle-smartbike.com\/#website","url":"https:\/\/mahle-smartbike.com\/","name":"MAHLE SmartBike Systems","description":"The lightest ebike systems on the market","publisher":{"@id":"https:\/\/mahle-smartbike.com\/#organization"},"potentialAction":[{"@type":"SearchAction","target":{"@type":"EntryPoint","urlTemplate":"https:\/\/mahle-smartbike.com\/?s={search_term_string}"},"query-input":{"@type":"PropertyValueSpecification","valueRequired":true,"valueName":"search_term_string"}}],"inLanguage":"es"},{"@type":"Organization","@id":"https:\/\/mahle-smartbike.com\/#organization","name":"MAHLE SmartBike Systems","url":"https:\/\/mahle-smartbike.com\/","logo":{"@type":"ImageObject","inLanguage":"es","@id":"https:\/\/mahle-smartbike.com\/#\/schema\/logo\/image\/","url":"https:\/\/mahle-smartbike.com\/wp-content\/uploads\/2024\/05\/MAHLE-SmartBike-Systems-Logo-1-1.jpg","contentUrl":"https:\/\/mahle-smartbike.com\/wp-content\/uploads\/2024\/05\/MAHLE-SmartBike-Systems-Logo-1-1.jpg","width":1920,"height":1920,"caption":"MAHLE SmartBike Systems"},"image":{"@id":"https:\/\/mahle-smartbike.com\/#\/schema\/logo\/image\/"},"sameAs":["https:\/\/www.facebook.com\/mahlesmartbikesystems\/","https:\/\/www.instagram.com\/mahle_smartbikesystems\/","https:\/\/www.linkedin.com\/company\/mahlesmartbikesystems\/","https:\/\/www.youtube.com\/channel\/UCgfNyF-Wtgq0WTlzsV8bDmQ","https:\/\/www.strava.com\/clubs\/mahle","https:\/\/www.tiktok.com\/@mahlesmartbikesystems"]}]}},"_links":{"self":[{"href":"https:\/\/mahle-smartbike.com\/es\/wp-json\/wp\/v2\/news-events\/26968","targetHints":{"allow":["GET"]}}],"collection":[{"href":"https:\/\/mahle-smartbike.com\/es\/wp-json\/wp\/v2\/news-events"}],"about":[{"href":"https:\/\/mahle-smartbike.com\/es\/wp-json\/wp\/v2\/types\/news-event"}],"version-history":[{"count":0,"href":"https:\/\/mahle-smartbike.com\/es\/wp-json\/wp\/v2\/news-events\/26968\/revisions"}],"wp:featuredmedia":[{"embeddable":true,"href":"https:\/\/mahle-smartbike.com\/es\/wp-json\/wp\/v2\/media\/26922"}],"wp:attachment":[{"href":"https:\/\/mahle-smartbike.com\/es\/wp-json\/wp\/v2\/media?parent=26968"}],"wp:term":[{"taxonomy":"news-and-events","embeddable":true,"href":"https:\/\/mahle-smartbike.com\/es\/wp-json\/wp\/v2\/news-and-events?post=26968"}],"curies":[{"name":"wp","href":"https:\/\/api.w.org\/{rel}","templated":true}]}}