{"id":42616,"date":"2024-09-27T14:26:11","date_gmt":"2024-09-27T12:26:11","guid":{"rendered":"https:\/\/mahle-smartbike.com\/?post_type=news-event&#038;p=42616"},"modified":"2024-10-01T14:51:59","modified_gmt":"2024-10-01T14:51:59","slug":"por-que-mahle-equipa-3-de-cada-4-bicicletas-de-carretera-y-gravel","status":"publish","type":"news-event","link":"https:\/\/mahle-smartbike.com\/es\/content-hub\/por-que-mahle-equipa-3-de-cada-4-bicicletas-de-carretera-y-gravel\/","title":{"rendered":"Por qu\u00e9 MAHLE equipa 3 de cada 4 bicicletas de carretera y gravel"},"content":{"rendered":"\t\t<div data-elementor-type=\"wp-post\" data-elementor-id=\"42616\" class=\"elementor elementor-42616 elementor-42319\" data-elementor-post-type=\"news-event\">\n\t\t\t\t\t\t<section class=\"elementor-section elementor-top-section elementor-element elementor-element-165e2493 elementor-section-full_width sticky-inner-header elementor-section-height-min-height elementor-section-height-default elementor-section-items-middle\" data-id=\"165e2493\" data-element_type=\"section\" data-settings=\"{&quot;background_background&quot;:&quot;classic&quot;,&quot;sticky&quot;:&quot;top&quot;,&quot;sticky_offset&quot;:72,&quot;sticky_on&quot;:[&quot;widescreen&quot;,&quot;desktop&quot;,&quot;tablet&quot;,&quot;mobile_extra&quot;,&quot;mobile&quot;],&quot;sticky_effects_offset&quot;:0,&quot;sticky_anchor_link_offset&quot;:0}\">\n\t\t\t\t\t\t<div class=\"elementor-container elementor-column-gap-default\">\n\t\t\t\t\t<div class=\"elementor-column elementor-col-100 elementor-top-column elementor-element elementor-element-30262c6\" data-id=\"30262c6\" data-element_type=\"column\">\n\t\t\t<div class=\"elementor-widget-wrap elementor-element-populated\">\n\t\t\t\t\t\t<section class=\"elementor-section elementor-inner-section elementor-element elementor-element-18424cef elementor-section-content-middle elementor-section-boxed elementor-section-height-default elementor-section-height-default\" data-id=\"18424cef\" data-element_type=\"section\">\n\t\t\t\t\t\t<div class=\"elementor-container elementor-column-gap-default\">\n\t\t\t\t\t<div class=\"elementor-column elementor-col-100 elementor-inner-column elementor-element elementor-element-2cb48e52\" data-id=\"2cb48e52\" data-element_type=\"column\">\n\t\t\t<div class=\"elementor-widget-wrap elementor-element-populated\">\n\t\t\t\t\t\t<div class=\"elementor-element elementor-element-1a9333c elementor-widget elementor-widget-heading\" data-id=\"1a9333c\" data-element_type=\"widget\" data-widget_type=\"heading.default\">\n\t\t\t\t<div class=\"elementor-widget-container\">\n\t\t\t\t\t<h2 class=\"elementor-heading-title elementor-size-default\">Por qu\u00e9 MAHLE equipa 3 de cada 4 bicicletas de carretera y gravel<\/h2>\t\t\t\t<\/div>\n\t\t\t\t<\/div>\n\t\t\t\t\t<\/div>\n\t\t<\/div>\n\t\t\t\t\t<\/div>\n\t\t<\/section>\n\t\t\t\t\t<\/div>\n\t\t<\/div>\n\t\t\t\t\t<\/div>\n\t\t<\/section>\n\t\t\t\t<section class=\"elementor-section elementor-top-section elementor-element elementor-element-7d5e62ec elementor-section-full_width elementor-section-height-min-height elementor-section-height-default elementor-section-items-middle\" data-id=\"7d5e62ec\" data-element_type=\"section\" data-settings=\"{&quot;background_background&quot;:&quot;video&quot;,&quot;background_play_on_mobile&quot;:&quot;yes&quot;}\">\n\t\t\t\t\t\t\t<div class=\"elementor-background-overlay\"><\/div>\n\t\t\t\t\t\t\t<div class=\"elementor-container elementor-column-gap-default\">\n\t\t\t\t\t<div class=\"elementor-column elementor-col-100 elementor-top-column elementor-element elementor-element-661990a\" data-id=\"661990a\" data-element_type=\"column\">\n\t\t\t<div class=\"elementor-widget-wrap\">\n\t\t\t\t\t\t\t<\/div>\n\t\t<\/div>\n\t\t\t\t\t<\/div>\n\t\t<\/section>\n\t\t\t\t<section class=\"elementor-section elementor-top-section elementor-element elementor-element-b8b67bf elementor-section-boxed elementor-section-height-default elementor-section-height-default\" data-id=\"b8b67bf\" data-element_type=\"section\">\n\t\t\t\t\t\t<div class=\"elementor-container elementor-column-gap-default\">\n\t\t\t\t\t<div class=\"elementor-column elementor-col-100 elementor-top-column elementor-element elementor-element-4761fef elementor-invisible\" data-id=\"4761fef\" data-element_type=\"column\" data-settings=\"{&quot;animation&quot;:&quot;fadeInUp&quot;}\">\n\t\t\t<div class=\"elementor-widget-wrap elementor-element-populated\">\n\t\t\t\t\t\t<div class=\"elementor-element elementor-element-667d6992 elementor-widget elementor-widget-text-editor\" data-id=\"667d6992\" data-element_type=\"widget\" data-widget_type=\"text-editor.default\">\n\t\t\t\t<div class=\"elementor-widget-container\">\n\t\t\t\t\t\t\t\t\t<p>MAHLE: La elecci\u00f3n l\u00edder para bicicletas de carretera y gravel de alto rendimiento. Nuestra tecnolog\u00eda de buje ligero ofrece una conducci\u00f3n electrizante, y tres de cada cuatro modelos de bicicletas de carretera y gravel est\u00e1n impulsados por sistemas MAHLE. \u00a1Descubre por qu\u00e9!<\/p>\t\t\t\t\t\t\t\t<\/div>\n\t\t\t\t<\/div>\n\t\t\t\t\t<\/div>\n\t\t<\/div>\n\t\t\t\t\t<\/div>\n\t\t<\/section>\n\t\t\t\t<section class=\"elementor-section elementor-top-section elementor-element elementor-element-261e53f elementor-reverse-mobile elementor-section-boxed elementor-section-height-default elementor-section-height-default\" data-id=\"261e53f\" data-element_type=\"section\">\n\t\t\t\t\t\t<div class=\"elementor-container elementor-column-gap-default\">\n\t\t\t\t\t<div class=\"elementor-column elementor-col-100 elementor-top-column elementor-element elementor-element-c5be889\" data-id=\"c5be889\" data-element_type=\"column\">\n\t\t\t<div class=\"elementor-widget-wrap elementor-element-populated\">\n\t\t\t\t\t\t<section class=\"elementor-section elementor-inner-section elementor-element elementor-element-6d0e989 elementor-section-full_width elementor-reverse-mobile elementor-section-height-default elementor-section-height-default\" data-id=\"6d0e989\" data-element_type=\"section\">\n\t\t\t\t\t\t<div class=\"elementor-container elementor-column-gap-extended\">\n\t\t\t\t\t<div class=\"elementor-column elementor-col-50 elementor-inner-column elementor-element elementor-element-9f0aea1\" data-id=\"9f0aea1\" data-element_type=\"column\">\n\t\t\t<div class=\"elementor-widget-wrap elementor-element-populated\">\n\t\t\t\t\t\t<div class=\"elementor-element elementor-element-ba51329 elementor-widget elementor-widget-heading\" data-id=\"ba51329\" data-element_type=\"widget\" data-widget_type=\"heading.default\">\n\t\t\t\t<div class=\"elementor-widget-container\">\n\t\t\t\t\t<h4 class=\"elementor-heading-title elementor-size-default\">Ligero y Compacto<\/h4>\t\t\t\t<\/div>\n\t\t\t\t<\/div>\n\t\t\t\t<div class=\"elementor-element elementor-element-c5d9b9c elementor-widget elementor-widget-text-editor\" data-id=\"c5d9b9c\" data-element_type=\"widget\" data-widget_type=\"text-editor.default\">\n\t\t\t\t<div class=\"elementor-widget-container\">\n\t\t\t\t\t\t\t\t\t<p>Los sistemas MAHLE establecen un nuevo est\u00e1ndar en aplicaciones de eBikes de alta velocidad, donde los bujes juegan un papel crucial para maximizar el rendimiento y reducir el peso.<\/p><p>Como pioneros en soluciones de electrificaci\u00f3n ligeras y completamente integradas, MAHLE ha redefinido las expectativas del mercado.<\/p><p>Nuestros sistemas basados en buje son ideales para aplicaciones de alta velocidad, ofreciendo mayor estabilidad y rendimiento, especialmente en bicicletas de carretera y gravel.<\/p>\t\t\t\t\t\t\t\t<\/div>\n\t\t\t\t<\/div>\n\t\t\t\t\t<\/div>\n\t\t<\/div>\n\t\t\t\t<div class=\"elementor-column elementor-col-50 elementor-inner-column elementor-element elementor-element-5b6d204\" data-id=\"5b6d204\" data-element_type=\"column\">\n\t\t\t<div class=\"elementor-widget-wrap elementor-element-populated\">\n\t\t\t\t\t\t<div class=\"elementor-element elementor-element-89ba1c0 elementor-widget__width-inherit e-transform elementor-widget elementor-widget-image\" data-id=\"89ba1c0\" data-element_type=\"widget\" data-settings=\"{&quot;_transform_scaleX_effect&quot;:{&quot;unit&quot;:&quot;px&quot;,&quot;size&quot;:1,&quot;sizes&quot;:[]},&quot;_transform_scaleY_effect&quot;:{&quot;unit&quot;:&quot;px&quot;,&quot;size&quot;:1,&quot;sizes&quot;:[]},&quot;_transform_scaleX_effect_widescreen&quot;:{&quot;unit&quot;:&quot;px&quot;,&quot;size&quot;:&quot;&quot;,&quot;sizes&quot;:[]},&quot;_transform_scaleX_effect_tablet&quot;:{&quot;unit&quot;:&quot;px&quot;,&quot;size&quot;:&quot;&quot;,&quot;sizes&quot;:[]},&quot;_transform_scaleX_effect_mobile_extra&quot;:{&quot;unit&quot;:&quot;px&quot;,&quot;size&quot;:&quot;&quot;,&quot;sizes&quot;:[]},&quot;_transform_scaleX_effect_mobile&quot;:{&quot;unit&quot;:&quot;px&quot;,&quot;size&quot;:&quot;&quot;,&quot;sizes&quot;:[]},&quot;_transform_scaleY_effect_widescreen&quot;:{&quot;unit&quot;:&quot;px&quot;,&quot;size&quot;:&quot;&quot;,&quot;sizes&quot;:[]},&quot;_transform_scaleY_effect_tablet&quot;:{&quot;unit&quot;:&quot;px&quot;,&quot;size&quot;:&quot;&quot;,&quot;sizes&quot;:[]},&quot;_transform_scaleY_effect_mobile_extra&quot;:{&quot;unit&quot;:&quot;px&quot;,&quot;size&quot;:&quot;&quot;,&quot;sizes&quot;:[]},&quot;_transform_scaleY_effect_mobile&quot;:{&quot;unit&quot;:&quot;px&quot;,&quot;size&quot;:&quot;&quot;,&quot;sizes&quot;:[]}}\" data-widget_type=\"image.default\">\n\t\t\t\t<div class=\"elementor-widget-container\">\n\t\t\t\t\t\t\t\t\t\t\t\t\t\t\t<img fetchpriority=\"high\" decoding=\"async\" width=\"1614\" height=\"1210\" src=\"https:\/\/mahle-smartbike.com\/wp-content\/uploads\/2024\/09\/MAHLE-MONTANA-PALENTINA-135-1-2-1-1.jpg\" class=\"attachment-full size-full wp-image-42346\" alt=\"\" srcset=\"https:\/\/mahle-smartbike.com\/wp-content\/uploads\/2024\/09\/MAHLE-MONTANA-PALENTINA-135-1-2-1-1.jpg 1614w, https:\/\/mahle-smartbike.com\/wp-content\/uploads\/2024\/09\/MAHLE-MONTANA-PALENTINA-135-1-2-1-1-300x225.jpg 300w, https:\/\/mahle-smartbike.com\/wp-content\/uploads\/2024\/09\/MAHLE-MONTANA-PALENTINA-135-1-2-1-1-1024x768.jpg 1024w, https:\/\/mahle-smartbike.com\/wp-content\/uploads\/2024\/09\/MAHLE-MONTANA-PALENTINA-135-1-2-1-1-768x576.jpg 768w, https:\/\/mahle-smartbike.com\/wp-content\/uploads\/2024\/09\/MAHLE-MONTANA-PALENTINA-135-1-2-1-1-1536x1152.jpg 1536w\" sizes=\"(max-width: 1614px) 100vw, 1614px\" \/>\t\t\t\t\t\t\t\t\t\t\t\t\t\t\t<\/div>\n\t\t\t\t<\/div>\n\t\t\t\t\t<\/div>\n\t\t<\/div>\n\t\t\t\t\t<\/div>\n\t\t<\/section>\n\t\t\t\t\t<\/div>\n\t\t<\/div>\n\t\t\t\t\t<\/div>\n\t\t<\/section>\n\t\t\t\t<section class=\"elementor-section elementor-top-section elementor-element elementor-element-ed5aa7f elementor-section-boxed elementor-section-height-default elementor-section-height-default\" data-id=\"ed5aa7f\" data-element_type=\"section\">\n\t\t\t\t\t\t<div class=\"elementor-container elementor-column-gap-default\">\n\t\t\t\t\t<div class=\"elementor-column elementor-col-100 elementor-top-column elementor-element elementor-element-6c8a105\" data-id=\"6c8a105\" data-element_type=\"column\">\n\t\t\t<div class=\"elementor-widget-wrap elementor-element-populated\">\n\t\t\t\t\t\t<section class=\"elementor-section elementor-inner-section elementor-element elementor-element-3c25f97 elementor-section-content-middle elementor-section-full_width elementor-section-height-default elementor-section-height-default\" data-id=\"3c25f97\" data-element_type=\"section\">\n\t\t\t\t\t\t<div class=\"elementor-container elementor-column-gap-extended\">\n\t\t\t\t\t<div class=\"elementor-column elementor-col-50 elementor-inner-column elementor-element elementor-element-c0fc6b2\" data-id=\"c0fc6b2\" data-element_type=\"column\">\n\t\t\t<div class=\"elementor-widget-wrap elementor-element-populated\">\n\t\t\t\t\t\t<div class=\"elementor-element elementor-element-c8951a6 elementor-widget elementor-widget-image\" data-id=\"c8951a6\" data-element_type=\"widget\" data-widget_type=\"image.default\">\n\t\t\t\t<div class=\"elementor-widget-container\">\n\t\t\t\t\t\t\t\t\t\t\t\t\t\t\t<img decoding=\"async\" width=\"768\" height=\"576\" src=\"https:\/\/mahle-smartbike.com\/wp-content\/uploads\/2024\/09\/MAHLE-MONTANA-PALENTINA-77-1-1-2-1-768x576.jpg\" class=\"attachment-medium_large size-medium_large wp-image-42351\" alt=\"\" srcset=\"https:\/\/mahle-smartbike.com\/wp-content\/uploads\/2024\/09\/MAHLE-MONTANA-PALENTINA-77-1-1-2-1-768x576.jpg 768w, https:\/\/mahle-smartbike.com\/wp-content\/uploads\/2024\/09\/MAHLE-MONTANA-PALENTINA-77-1-1-2-1-300x225.jpg 300w, https:\/\/mahle-smartbike.com\/wp-content\/uploads\/2024\/09\/MAHLE-MONTANA-PALENTINA-77-1-1-2-1-1024x768.jpg 1024w, https:\/\/mahle-smartbike.com\/wp-content\/uploads\/2024\/09\/MAHLE-MONTANA-PALENTINA-77-1-1-2-1-1536x1152.jpg 1536w, https:\/\/mahle-smartbike.com\/wp-content\/uploads\/2024\/09\/MAHLE-MONTANA-PALENTINA-77-1-1-2-1.jpg 2000w\" sizes=\"(max-width: 768px) 100vw, 768px\" \/>\t\t\t\t\t\t\t\t\t\t\t\t\t\t\t<\/div>\n\t\t\t\t<\/div>\n\t\t\t\t\t<\/div>\n\t\t<\/div>\n\t\t\t\t<div class=\"elementor-column elementor-col-50 elementor-inner-column elementor-element elementor-element-52299ef\" data-id=\"52299ef\" data-element_type=\"column\">\n\t\t\t<div class=\"elementor-widget-wrap elementor-element-populated\">\n\t\t\t\t\t\t<div class=\"elementor-element elementor-element-82fc44f elementor-widget elementor-widget-heading\" data-id=\"82fc44f\" data-element_type=\"widget\" data-widget_type=\"heading.default\">\n\t\t\t\t<div class=\"elementor-widget-container\">\n\t\t\t\t\t<h4 class=\"elementor-heading-title elementor-size-default\">Eficiencia en nuestro ADN<\/h4>\t\t\t\t<\/div>\n\t\t\t\t<\/div>\n\t\t\t\t<div class=\"elementor-element elementor-element-afca7bd elementor-widget elementor-widget-text-editor\" data-id=\"afca7bd\" data-element_type=\"widget\" data-widget_type=\"text-editor.default\">\n\t\t\t\t<div class=\"elementor-widget-container\">\n\t\t\t\t\t\t\t\t\t<p>Lograr una bater\u00eda compacta con suficiente capacidad para llevar al ciclista al l\u00edmite requiere precisi\u00f3n en la optimizaci\u00f3n de la eficiencia del sistema.<\/p><p>Los sistemas MAHLE proporcionan hasta 200 km de autonom\u00eda gracias a un consumo de bater\u00eda altamente eficiente, extendiendo el uso de la bicicleta sin comprometer el peso o el dise\u00f1o.<\/p><p>Esta eficiencia no solo impacta en el rendimiento de la bater\u00eda, sino que tambi\u00e9n reduce el peso total de la eBike, mejorando la deportividad y contribuyendo a la sostenibilidad al minimizar el consumo de recursos.<\/p>\t\t\t\t\t\t\t\t<\/div>\n\t\t\t\t<\/div>\n\t\t\t\t\t<\/div>\n\t\t<\/div>\n\t\t\t\t\t<\/div>\n\t\t<\/section>\n\t\t\t\t\t<\/div>\n\t\t<\/div>\n\t\t\t\t\t<\/div>\n\t\t<\/section>\n\t\t\t\t<section class=\"elementor-section elementor-top-section elementor-element elementor-element-3230832 elementor-section-boxed elementor-section-height-default elementor-section-height-default\" data-id=\"3230832\" data-element_type=\"section\">\n\t\t\t\t\t\t<div class=\"elementor-container elementor-column-gap-default\">\n\t\t\t\t\t<div class=\"elementor-column elementor-col-100 elementor-top-column elementor-element elementor-element-bbacd6f\" data-id=\"bbacd6f\" data-element_type=\"column\">\n\t\t\t<div class=\"elementor-widget-wrap elementor-element-populated\">\n\t\t\t\t\t\t<section class=\"elementor-section elementor-inner-section elementor-element elementor-element-0aebc10 elementor-reverse-mobile_extra elementor-reverse-mobile elementor-section-content-middle elementor-section-full_width elementor-section-height-default elementor-section-height-default\" data-id=\"0aebc10\" data-element_type=\"section\">\n\t\t\t\t\t\t<div class=\"elementor-container elementor-column-gap-extended\">\n\t\t\t\t\t<div class=\"elementor-column elementor-col-50 elementor-inner-column elementor-element elementor-element-eb7dd6b\" data-id=\"eb7dd6b\" data-element_type=\"column\">\n\t\t\t<div class=\"elementor-widget-wrap elementor-element-populated\">\n\t\t\t\t\t\t<div class=\"elementor-element elementor-element-a896449 elementor-widget elementor-widget-heading\" data-id=\"a896449\" data-element_type=\"widget\" data-widget_type=\"heading.default\">\n\t\t\t\t<div class=\"elementor-widget-container\">\n\t\t\t\t\t<h4 class=\"elementor-heading-title elementor-size-default\">Smart by Design<\/h4>\t\t\t\t<\/div>\n\t\t\t\t<\/div>\n\t\t\t\t<div class=\"elementor-element elementor-element-dbfdff3 elementor-widget elementor-widget-text-editor\" data-id=\"dbfdff3\" data-element_type=\"widget\" data-widget_type=\"text-editor.default\">\n\t\t\t\t<div class=\"elementor-widget-container\">\n\t\t\t\t\t\t\t\t\t<p>La tecnolog\u00eda avanzada de MAHLE toma la delantera, ofreciendo soluciones inteligentes que mejoran cada aspecto del viaje. Nuestros sistemas aseguran una perfecta sincronizaci\u00f3n entre el ciclista y la eBike, adaptando cada recorrido a las preferencias individuales.<\/p><p>La aplicaci\u00f3n My Smartbike facilita que los ciclistas se concentren \u00fanicamente en el placer de conducir\u2014porque en MAHLE, es parte de nuestro ADN ofrecer la experiencia definitiva a trav\u00e9s de la tecnolog\u00eda m\u00e1s avanzada.<\/p>\t\t\t\t\t\t\t\t<\/div>\n\t\t\t\t<\/div>\n\t\t\t\t\t<\/div>\n\t\t<\/div>\n\t\t\t\t<div class=\"elementor-column elementor-col-50 elementor-inner-column elementor-element elementor-element-3edfda9\" data-id=\"3edfda9\" data-element_type=\"column\">\n\t\t\t<div class=\"elementor-widget-wrap elementor-element-populated\">\n\t\t\t\t\t\t<div class=\"elementor-element elementor-element-549fb56 elementor-widget elementor-widget-image\" data-id=\"549fb56\" data-element_type=\"widget\" data-widget_type=\"image.default\">\n\t\t\t\t<div class=\"elementor-widget-container\">\n\t\t\t\t\t\t\t\t\t\t\t\t\t\t\t<img decoding=\"async\" width=\"2560\" height=\"1920\" src=\"https:\/\/mahle-smartbike.com\/wp-content\/uploads\/2024\/09\/MAHLE-MONTANA-PALENTINA-84-n_screen-1-1-scaled.jpg\" class=\"attachment-full size-full wp-image-42359\" alt=\"\" srcset=\"https:\/\/mahle-smartbike.com\/wp-content\/uploads\/2024\/09\/MAHLE-MONTANA-PALENTINA-84-n_screen-1-1-scaled.jpg 2560w, https:\/\/mahle-smartbike.com\/wp-content\/uploads\/2024\/09\/MAHLE-MONTANA-PALENTINA-84-n_screen-1-1-300x225.jpg 300w, https:\/\/mahle-smartbike.com\/wp-content\/uploads\/2024\/09\/MAHLE-MONTANA-PALENTINA-84-n_screen-1-1-1024x768.jpg 1024w, https:\/\/mahle-smartbike.com\/wp-content\/uploads\/2024\/09\/MAHLE-MONTANA-PALENTINA-84-n_screen-1-1-768x576.jpg 768w, https:\/\/mahle-smartbike.com\/wp-content\/uploads\/2024\/09\/MAHLE-MONTANA-PALENTINA-84-n_screen-1-1-1536x1152.jpg 1536w, https:\/\/mahle-smartbike.com\/wp-content\/uploads\/2024\/09\/MAHLE-MONTANA-PALENTINA-84-n_screen-1-1-2048x1536.jpg 2048w\" sizes=\"(max-width: 2560px) 100vw, 2560px\" \/>\t\t\t\t\t\t\t\t\t\t\t\t\t\t\t<\/div>\n\t\t\t\t<\/div>\n\t\t\t\t\t<\/div>\n\t\t<\/div>\n\t\t\t\t\t<\/div>\n\t\t<\/section>\n\t\t\t\t\t<\/div>\n\t\t<\/div>\n\t\t\t\t\t<\/div>\n\t\t<\/section>\n\t\t\t\t<section class=\"elementor-section elementor-top-section elementor-element elementor-element-ca27ca1 elementor-section-boxed elementor-section-height-default elementor-section-height-default\" data-id=\"ca27ca1\" data-element_type=\"section\">\n\t\t\t\t\t\t<div class=\"elementor-container elementor-column-gap-default\">\n\t\t\t\t\t<div class=\"elementor-column elementor-col-100 elementor-top-column elementor-element elementor-element-8c39191\" data-id=\"8c39191\" data-element_type=\"column\">\n\t\t\t<div class=\"elementor-widget-wrap elementor-element-populated\">\n\t\t\t\t\t\t<section class=\"elementor-section elementor-inner-section elementor-element elementor-element-2c9536d elementor-section-content-middle elementor-section-full_width elementor-section-height-default elementor-section-height-default\" data-id=\"2c9536d\" data-element_type=\"section\">\n\t\t\t\t\t\t<div class=\"elementor-container elementor-column-gap-extended\">\n\t\t\t\t\t<div class=\"elementor-column elementor-col-50 elementor-inner-column elementor-element elementor-element-9576ec6\" data-id=\"9576ec6\" data-element_type=\"column\">\n\t\t\t<div class=\"elementor-widget-wrap elementor-element-populated\">\n\t\t\t\t\t\t<div class=\"elementor-element elementor-element-894f546 elementor-widget elementor-widget-image\" data-id=\"894f546\" data-element_type=\"widget\" data-widget_type=\"image.default\">\n\t\t\t\t<div class=\"elementor-widget-container\">\n\t\t\t\t\t\t\t\t\t\t\t\t\t\t\t<img loading=\"lazy\" decoding=\"async\" width=\"768\" height=\"576\" src=\"https:\/\/mahle-smartbike.com\/wp-content\/uploads\/2024\/09\/MAHLE-MONTANA-PALENTINA-92-1-1-1-768x576.jpg\" class=\"attachment-medium_large size-medium_large wp-image-42364\" alt=\"\" srcset=\"https:\/\/mahle-smartbike.com\/wp-content\/uploads\/2024\/09\/MAHLE-MONTANA-PALENTINA-92-1-1-1-768x576.jpg 768w, https:\/\/mahle-smartbike.com\/wp-content\/uploads\/2024\/09\/MAHLE-MONTANA-PALENTINA-92-1-1-1-300x225.jpg 300w, https:\/\/mahle-smartbike.com\/wp-content\/uploads\/2024\/09\/MAHLE-MONTANA-PALENTINA-92-1-1-1-1024x768.jpg 1024w, https:\/\/mahle-smartbike.com\/wp-content\/uploads\/2024\/09\/MAHLE-MONTANA-PALENTINA-92-1-1-1-1536x1152.jpg 1536w, https:\/\/mahle-smartbike.com\/wp-content\/uploads\/2024\/09\/MAHLE-MONTANA-PALENTINA-92-1-1-1.jpg 2000w\" sizes=\"(max-width: 768px) 100vw, 768px\" \/>\t\t\t\t\t\t\t\t\t\t\t\t\t\t\t<\/div>\n\t\t\t\t<\/div>\n\t\t\t\t\t<\/div>\n\t\t<\/div>\n\t\t\t\t<div class=\"elementor-column elementor-col-50 elementor-inner-column elementor-element elementor-element-3353d05\" data-id=\"3353d05\" data-element_type=\"column\">\n\t\t\t<div class=\"elementor-widget-wrap elementor-element-populated\">\n\t\t\t\t\t\t<div class=\"elementor-element elementor-element-b721d81 elementor-widget elementor-widget-heading\" data-id=\"b721d81\" data-element_type=\"widget\" data-widget_type=\"heading.default\">\n\t\t\t\t<div class=\"elementor-widget-container\">\n\t\t\t\t\t<h4 class=\"elementor-heading-title elementor-size-default\">Personalizaci\u00f3n y Flexibilidad<\/h4>\t\t\t\t<\/div>\n\t\t\t\t<\/div>\n\t\t\t\t<div class=\"elementor-element elementor-element-8379c20 elementor-widget elementor-widget-text-editor\" data-id=\"8379c20\" data-element_type=\"widget\" data-widget_type=\"text-editor.default\">\n\t\t\t\t<div class=\"elementor-widget-container\">\n\t\t\t\t\t\t\t\t\t<p>MAHLE ofrece una amplia gama de opciones de personalizaci\u00f3n para las marcas de bicicletas, permitiendo a los fabricantes incorporar su identidad \u00fanica.<\/p><p>Los ciclistas tambi\u00e9n pueden personalizar su experiencia con una variedad de accesorios dise\u00f1ados por MAHLE, creando un ecosistema distintivo y a medida que evoluciona con el tiempo.<\/p>\t\t\t\t\t\t\t\t<\/div>\n\t\t\t\t<\/div>\n\t\t\t\t\t<\/div>\n\t\t<\/div>\n\t\t\t\t\t<\/div>\n\t\t<\/section>\n\t\t\t\t\t<\/div>\n\t\t<\/div>\n\t\t\t\t\t<\/div>\n\t\t<\/section>\n\t\t<div class=\"elementor-element elementor-element-9a98e4f e-flex e-con-boxed e-con e-parent\" data-id=\"9a98e4f\" data-element_type=\"container\">\n\t\t\t\t\t<div class=\"e-con-inner\">\n\t\t\t\t<div class=\"elementor-element elementor-element-a3635c7 elementor-align-center mahle-blue-btn elementor-widget__width-auto elementor-invisible elementor-widget elementor-widget-button\" data-id=\"a3635c7\" data-element_type=\"widget\" data-settings=\"{&quot;_animation&quot;:&quot;fadeInUp&quot;}\" data-widget_type=\"button.default\">\n\t\t\t\t<div class=\"elementor-widget-container\">\n\t\t\t\t\t\t\t\t\t<div class=\"elementor-button-wrapper\">\n\t\t\t\t\t<a class=\"elementor-button elementor-button-link elementor-size-sm\" href=\"https:\/\/mahle-smartbike.com\/es\/ebikes\/\">\n\t\t\t\t\t\t<span class=\"elementor-button-content-wrapper\">\n\t\t\t\t\t\t<span class=\"elementor-button-icon\">\n\t\t\t\t<svg xmlns=\"http:\/\/www.w3.org\/2000\/svg\" width=\"14.251\" height=\"27.104\" viewBox=\"0 0 14.251 27.104\"><path id=\"Path_3710\" data-name=\"Path 3710\" d=\"M69.329.558,82.18,13.692,69.048,26.544l.553.565L83.3,13.7,69.895,0Z\" transform=\"translate(-69.048 -0.005)\" fill=\"#ffffff\"><\/path><\/svg>\t\t\t<\/span>\n\t\t\t\t\t\t\t\t\t<span class=\"elementor-button-text\">Descubre las eBikes con nuestros sistemas<\/span>\n\t\t\t\t\t<\/span>\n\t\t\t\t\t<\/a>\n\t\t\t\t<\/div>\n\t\t\t\t\t\t\t\t<\/div>\n\t\t\t\t<\/div>\n\t\t\t\t\t<\/div>\n\t\t\t\t<\/div>\n\t\t\t\t<\/div>\n\t\t","protected":false},"excerpt":{"rendered":"<p>MAHLE: La elecci\u00f3n l\u00edder para bicicletas de carretera y gravel de alto rendimiento. Nuestra tecnolog\u00eda de buje ligero ofrece una conducci\u00f3n electrizante, y tres de cada cuatro modelos de bicicletas de carretera y gravel est\u00e1n impulsados por sistemas MAHLE. \u00a1Descubre por qu\u00e9!<\/p>\n","protected":false},"featured_media":42324,"parent":0,"menu_order":0,"template":"","news-and-events":[],"class_list":["post-42616","news-event","type-news-event","status-publish","has-post-thumbnail","hentry","news-events-category-historias"],"acf":[],"yoast_head":"<!-- This site is optimized with the Yoast SEO plugin v27.5 - https:\/\/yoast.com\/product\/yoast-seo-wordpress\/ -->\n<title>Por qu\u00e9 MAHLE equipa 3 de cada 4 bicicletas de carretera y gravel - MAHLE SmartBike Systems<\/title>\n<meta name=\"description\" content=\"MAHLE: La elecci\u00f3n l\u00edder para bicicletas de carretera y gravel de alto rendimiento. Nuestra tecnolog\u00eda de buje ligero ofrece una conducci\u00f3n electrizante, y tres de cada cuatro modelos de bicicletas de carretera y gravel est\u00e1n impulsados por sistemas MAHLE. \u00a1Descubre por qu\u00e9!\" \/>\n<meta name=\"robots\" content=\"index, follow, max-snippet:-1, max-image-preview:large, max-video-preview:-1\" \/>\n<link rel=\"canonical\" href=\"https:\/\/mahle-smartbike.com\/es\/news-event\/por-que-mahle-equipa-3-de-cada-4-bicicletas-de-carretera-y-gravel\/\" \/>\n<meta property=\"og:locale\" content=\"es_ES\" \/>\n<meta property=\"og:type\" content=\"article\" \/>\n<meta property=\"og:title\" content=\"Por qu\u00e9 MAHLE equipa 3 de cada 4 bicicletas de carretera y gravel - MAHLE SmartBike Systems\" \/>\n<meta property=\"og:description\" content=\"MAHLE: La elecci\u00f3n l\u00edder para bicicletas de carretera y gravel de alto rendimiento. Nuestra tecnolog\u00eda de buje ligero ofrece una conducci\u00f3n electrizante, y tres de cada cuatro modelos de bicicletas de carretera y gravel est\u00e1n impulsados por sistemas MAHLE. \u00a1Descubre por qu\u00e9!\" \/>\n<meta property=\"og:url\" content=\"https:\/\/mahle-smartbike.com\/es\/news-event\/por-que-mahle-equipa-3-de-cada-4-bicicletas-de-carretera-y-gravel\/\" \/>\n<meta property=\"og:site_name\" content=\"MAHLE SmartBike Systems\" \/>\n<meta property=\"article:publisher\" content=\"https:\/\/www.facebook.com\/mahlesmartbikesystems\/\" \/>\n<meta property=\"article:modified_time\" content=\"2024-10-01T14:51:59+00:00\" \/>\n<meta property=\"og:image\" content=\"https:\/\/mahle-smartbike.com\/wp-content\/uploads\/2024\/09\/MAHLE-MONTANA-PALENTINA-146-_1_-_1_-_1_-scaled.webp\" \/>\n\t<meta property=\"og:image:width\" content=\"1707\" \/>\n\t<meta property=\"og:image:height\" content=\"2560\" \/>\n\t<meta property=\"og:image:type\" content=\"image\/webp\" \/>\n<meta name=\"twitter:card\" content=\"summary_large_image\" \/>\n<meta name=\"twitter:label1\" content=\"Tiempo de lectura\" \/>\n\t<meta name=\"twitter:data1\" content=\"3 minutos\" \/>\n<script type=\"application\/ld+json\" class=\"yoast-schema-graph\">{\"@context\":\"https:\\\/\\\/schema.org\",\"@graph\":[{\"@type\":\"WebPage\",\"@id\":\"https:\\\/\\\/mahle-smartbike.com\\\/es\\\/news-event\\\/por-que-mahle-equipa-3-de-cada-4-bicicletas-de-carretera-y-gravel\\\/\",\"url\":\"https:\\\/\\\/mahle-smartbike.com\\\/es\\\/news-event\\\/por-que-mahle-equipa-3-de-cada-4-bicicletas-de-carretera-y-gravel\\\/\",\"name\":\"Por qu\u00e9 MAHLE equipa 3 de cada 4 bicicletas de carretera y gravel - MAHLE SmartBike Systems\",\"isPartOf\":{\"@id\":\"https:\\\/\\\/mahle-smartbike.com\\\/#website\"},\"primaryImageOfPage\":{\"@id\":\"https:\\\/\\\/mahle-smartbike.com\\\/es\\\/news-event\\\/por-que-mahle-equipa-3-de-cada-4-bicicletas-de-carretera-y-gravel\\\/#primaryimage\"},\"image\":{\"@id\":\"https:\\\/\\\/mahle-smartbike.com\\\/es\\\/news-event\\\/por-que-mahle-equipa-3-de-cada-4-bicicletas-de-carretera-y-gravel\\\/#primaryimage\"},\"thumbnailUrl\":\"https:\\\/\\\/mahle-smartbike.com\\\/wp-content\\\/uploads\\\/2024\\\/09\\\/MAHLE-MONTANA-PALENTINA-146-_1_-_1_-_1_-scaled.webp\",\"datePublished\":\"2024-09-27T12:26:11+00:00\",\"dateModified\":\"2024-10-01T14:51:59+00:00\",\"description\":\"MAHLE: La elecci\u00f3n l\u00edder para bicicletas de carretera y gravel de alto rendimiento. Nuestra tecnolog\u00eda de buje ligero ofrece una conducci\u00f3n electrizante, y tres de cada cuatro modelos de bicicletas de carretera y gravel est\u00e1n impulsados por sistemas MAHLE. \u00a1Descubre por qu\u00e9!\",\"breadcrumb\":{\"@id\":\"https:\\\/\\\/mahle-smartbike.com\\\/es\\\/news-event\\\/por-que-mahle-equipa-3-de-cada-4-bicicletas-de-carretera-y-gravel\\\/#breadcrumb\"},\"inLanguage\":\"es\",\"potentialAction\":[{\"@type\":\"ReadAction\",\"target\":[\"https:\\\/\\\/mahle-smartbike.com\\\/es\\\/news-event\\\/por-que-mahle-equipa-3-de-cada-4-bicicletas-de-carretera-y-gravel\\\/\"]}]},{\"@type\":\"ImageObject\",\"inLanguage\":\"es\",\"@id\":\"https:\\\/\\\/mahle-smartbike.com\\\/es\\\/news-event\\\/por-que-mahle-equipa-3-de-cada-4-bicicletas-de-carretera-y-gravel\\\/#primaryimage\",\"url\":\"https:\\\/\\\/mahle-smartbike.com\\\/wp-content\\\/uploads\\\/2024\\\/09\\\/MAHLE-MONTANA-PALENTINA-146-_1_-_1_-_1_-scaled.webp\",\"contentUrl\":\"https:\\\/\\\/mahle-smartbike.com\\\/wp-content\\\/uploads\\\/2024\\\/09\\\/MAHLE-MONTANA-PALENTINA-146-_1_-_1_-_1_-scaled.webp\",\"width\":1707,\"height\":2560},{\"@type\":\"BreadcrumbList\",\"@id\":\"https:\\\/\\\/mahle-smartbike.com\\\/es\\\/news-event\\\/por-que-mahle-equipa-3-de-cada-4-bicicletas-de-carretera-y-gravel\\\/#breadcrumb\",\"itemListElement\":[{\"@type\":\"ListItem\",\"position\":1,\"name\":\"News & Events\",\"item\":\"https:\\\/\\\/mahle-smartbike.com\\\/es\\\/content-hub\\\/\"},{\"@type\":\"ListItem\",\"position\":2,\"name\":\"Por qu\u00e9 MAHLE equipa 3 de cada 4 bicicletas de carretera y gravel\"}]},{\"@type\":\"WebSite\",\"@id\":\"https:\\\/\\\/mahle-smartbike.com\\\/#website\",\"url\":\"https:\\\/\\\/mahle-smartbike.com\\\/\",\"name\":\"MAHLE SmartBike Systems\",\"description\":\"The lightest ebike systems on the market\",\"publisher\":{\"@id\":\"https:\\\/\\\/mahle-smartbike.com\\\/#organization\"},\"potentialAction\":[{\"@type\":\"SearchAction\",\"target\":{\"@type\":\"EntryPoint\",\"urlTemplate\":\"https:\\\/\\\/mahle-smartbike.com\\\/?s={search_term_string}\"},\"query-input\":{\"@type\":\"PropertyValueSpecification\",\"valueRequired\":true,\"valueName\":\"search_term_string\"}}],\"inLanguage\":\"es\"},{\"@type\":\"Organization\",\"@id\":\"https:\\\/\\\/mahle-smartbike.com\\\/#organization\",\"name\":\"MAHLE SmartBike Systems\",\"url\":\"https:\\\/\\\/mahle-smartbike.com\\\/\",\"logo\":{\"@type\":\"ImageObject\",\"inLanguage\":\"es\",\"@id\":\"https:\\\/\\\/mahle-smartbike.com\\\/#\\\/schema\\\/logo\\\/image\\\/\",\"url\":\"https:\\\/\\\/mahle-smartbike.com\\\/wp-content\\\/uploads\\\/2024\\\/05\\\/MAHLE-SmartBike-Systems-Logo-1-1.jpg\",\"contentUrl\":\"https:\\\/\\\/mahle-smartbike.com\\\/wp-content\\\/uploads\\\/2024\\\/05\\\/MAHLE-SmartBike-Systems-Logo-1-1.jpg\",\"width\":1920,\"height\":1920,\"caption\":\"MAHLE SmartBike Systems\"},\"image\":{\"@id\":\"https:\\\/\\\/mahle-smartbike.com\\\/#\\\/schema\\\/logo\\\/image\\\/\"},\"sameAs\":[\"https:\\\/\\\/www.facebook.com\\\/mahlesmartbikesystems\\\/\",\"https:\\\/\\\/www.instagram.com\\\/mahle_smartbikesystems\\\/\",\"https:\\\/\\\/www.linkedin.com\\\/company\\\/mahlesmartbikesystems\\\/\",\"https:\\\/\\\/www.youtube.com\\\/channel\\\/UCgfNyF-Wtgq0WTlzsV8bDmQ\",\"https:\\\/\\\/www.strava.com\\\/clubs\\\/mahle\",\"https:\\\/\\\/www.tiktok.com\\\/@mahlesmartbikesystems\"]}]}<\/script>\n<!-- \/ Yoast SEO plugin. -->","yoast_head_json":{"title":"Por qu\u00e9 MAHLE equipa 3 de cada 4 bicicletas de carretera y gravel - MAHLE SmartBike Systems","description":"MAHLE: La elecci\u00f3n l\u00edder para bicicletas de carretera y gravel de alto rendimiento. Nuestra tecnolog\u00eda de buje ligero ofrece una conducci\u00f3n electrizante, y tres de cada cuatro modelos de bicicletas de carretera y gravel est\u00e1n impulsados por sistemas MAHLE. \u00a1Descubre por qu\u00e9!","robots":{"index":"index","follow":"follow","max-snippet":"max-snippet:-1","max-image-preview":"max-image-preview:large","max-video-preview":"max-video-preview:-1"},"canonical":"https:\/\/mahle-smartbike.com\/es\/news-event\/por-que-mahle-equipa-3-de-cada-4-bicicletas-de-carretera-y-gravel\/","og_locale":"es_ES","og_type":"article","og_title":"Por qu\u00e9 MAHLE equipa 3 de cada 4 bicicletas de carretera y gravel - MAHLE SmartBike Systems","og_description":"MAHLE: La elecci\u00f3n l\u00edder para bicicletas de carretera y gravel de alto rendimiento. Nuestra tecnolog\u00eda de buje ligero ofrece una conducci\u00f3n electrizante, y tres de cada cuatro modelos de bicicletas de carretera y gravel est\u00e1n impulsados por sistemas MAHLE. \u00a1Descubre por qu\u00e9!","og_url":"https:\/\/mahle-smartbike.com\/es\/news-event\/por-que-mahle-equipa-3-de-cada-4-bicicletas-de-carretera-y-gravel\/","og_site_name":"MAHLE SmartBike Systems","article_publisher":"https:\/\/www.facebook.com\/mahlesmartbikesystems\/","article_modified_time":"2024-10-01T14:51:59+00:00","og_image":[{"width":1707,"height":2560,"url":"https:\/\/mahle-smartbike.com\/wp-content\/uploads\/2024\/09\/MAHLE-MONTANA-PALENTINA-146-_1_-_1_-_1_-scaled.webp","type":"image\/webp"}],"twitter_card":"summary_large_image","twitter_misc":{"Tiempo de lectura":"3 minutos"},"schema":{"@context":"https:\/\/schema.org","@graph":[{"@type":"WebPage","@id":"https:\/\/mahle-smartbike.com\/es\/news-event\/por-que-mahle-equipa-3-de-cada-4-bicicletas-de-carretera-y-gravel\/","url":"https:\/\/mahle-smartbike.com\/es\/news-event\/por-que-mahle-equipa-3-de-cada-4-bicicletas-de-carretera-y-gravel\/","name":"Por qu\u00e9 MAHLE equipa 3 de cada 4 bicicletas de carretera y gravel - MAHLE SmartBike Systems","isPartOf":{"@id":"https:\/\/mahle-smartbike.com\/#website"},"primaryImageOfPage":{"@id":"https:\/\/mahle-smartbike.com\/es\/news-event\/por-que-mahle-equipa-3-de-cada-4-bicicletas-de-carretera-y-gravel\/#primaryimage"},"image":{"@id":"https:\/\/mahle-smartbike.com\/es\/news-event\/por-que-mahle-equipa-3-de-cada-4-bicicletas-de-carretera-y-gravel\/#primaryimage"},"thumbnailUrl":"https:\/\/mahle-smartbike.com\/wp-content\/uploads\/2024\/09\/MAHLE-MONTANA-PALENTINA-146-_1_-_1_-_1_-scaled.webp","datePublished":"2024-09-27T12:26:11+00:00","dateModified":"2024-10-01T14:51:59+00:00","description":"MAHLE: La elecci\u00f3n l\u00edder para bicicletas de carretera y gravel de alto rendimiento. Nuestra tecnolog\u00eda de buje ligero ofrece una conducci\u00f3n electrizante, y tres de cada cuatro modelos de bicicletas de carretera y gravel est\u00e1n impulsados por sistemas MAHLE. \u00a1Descubre por qu\u00e9!","breadcrumb":{"@id":"https:\/\/mahle-smartbike.com\/es\/news-event\/por-que-mahle-equipa-3-de-cada-4-bicicletas-de-carretera-y-gravel\/#breadcrumb"},"inLanguage":"es","potentialAction":[{"@type":"ReadAction","target":["https:\/\/mahle-smartbike.com\/es\/news-event\/por-que-mahle-equipa-3-de-cada-4-bicicletas-de-carretera-y-gravel\/"]}]},{"@type":"ImageObject","inLanguage":"es","@id":"https:\/\/mahle-smartbike.com\/es\/news-event\/por-que-mahle-equipa-3-de-cada-4-bicicletas-de-carretera-y-gravel\/#primaryimage","url":"https:\/\/mahle-smartbike.com\/wp-content\/uploads\/2024\/09\/MAHLE-MONTANA-PALENTINA-146-_1_-_1_-_1_-scaled.webp","contentUrl":"https:\/\/mahle-smartbike.com\/wp-content\/uploads\/2024\/09\/MAHLE-MONTANA-PALENTINA-146-_1_-_1_-_1_-scaled.webp","width":1707,"height":2560},{"@type":"BreadcrumbList","@id":"https:\/\/mahle-smartbike.com\/es\/news-event\/por-que-mahle-equipa-3-de-cada-4-bicicletas-de-carretera-y-gravel\/#breadcrumb","itemListElement":[{"@type":"ListItem","position":1,"name":"News & Events","item":"https:\/\/mahle-smartbike.com\/es\/content-hub\/"},{"@type":"ListItem","position":2,"name":"Por qu\u00e9 MAHLE equipa 3 de cada 4 bicicletas de carretera y gravel"}]},{"@type":"WebSite","@id":"https:\/\/mahle-smartbike.com\/#website","url":"https:\/\/mahle-smartbike.com\/","name":"MAHLE SmartBike Systems","description":"The lightest ebike systems on the market","publisher":{"@id":"https:\/\/mahle-smartbike.com\/#organization"},"potentialAction":[{"@type":"SearchAction","target":{"@type":"EntryPoint","urlTemplate":"https:\/\/mahle-smartbike.com\/?s={search_term_string}"},"query-input":{"@type":"PropertyValueSpecification","valueRequired":true,"valueName":"search_term_string"}}],"inLanguage":"es"},{"@type":"Organization","@id":"https:\/\/mahle-smartbike.com\/#organization","name":"MAHLE SmartBike Systems","url":"https:\/\/mahle-smartbike.com\/","logo":{"@type":"ImageObject","inLanguage":"es","@id":"https:\/\/mahle-smartbike.com\/#\/schema\/logo\/image\/","url":"https:\/\/mahle-smartbike.com\/wp-content\/uploads\/2024\/05\/MAHLE-SmartBike-Systems-Logo-1-1.jpg","contentUrl":"https:\/\/mahle-smartbike.com\/wp-content\/uploads\/2024\/05\/MAHLE-SmartBike-Systems-Logo-1-1.jpg","width":1920,"height":1920,"caption":"MAHLE SmartBike Systems"},"image":{"@id":"https:\/\/mahle-smartbike.com\/#\/schema\/logo\/image\/"},"sameAs":["https:\/\/www.facebook.com\/mahlesmartbikesystems\/","https:\/\/www.instagram.com\/mahle_smartbikesystems\/","https:\/\/www.linkedin.com\/company\/mahlesmartbikesystems\/","https:\/\/www.youtube.com\/channel\/UCgfNyF-Wtgq0WTlzsV8bDmQ","https:\/\/www.strava.com\/clubs\/mahle","https:\/\/www.tiktok.com\/@mahlesmartbikesystems"]}]}},"_links":{"self":[{"href":"https:\/\/mahle-smartbike.com\/es\/wp-json\/wp\/v2\/news-events\/42616","targetHints":{"allow":["GET"]}}],"collection":[{"href":"https:\/\/mahle-smartbike.com\/es\/wp-json\/wp\/v2\/news-events"}],"about":[{"href":"https:\/\/mahle-smartbike.com\/es\/wp-json\/wp\/v2\/types\/news-event"}],"version-history":[{"count":0,"href":"https:\/\/mahle-smartbike.com\/es\/wp-json\/wp\/v2\/news-events\/42616\/revisions"}],"wp:featuredmedia":[{"embeddable":true,"href":"https:\/\/mahle-smartbike.com\/es\/wp-json\/wp\/v2\/media\/42324"}],"wp:attachment":[{"href":"https:\/\/mahle-smartbike.com\/es\/wp-json\/wp\/v2\/media?parent=42616"}],"wp:term":[{"taxonomy":"news-and-events","embeddable":true,"href":"https:\/\/mahle-smartbike.com\/es\/wp-json\/wp\/v2\/news-and-events?post=42616"}],"curies":[{"name":"wp","href":"https:\/\/api.w.org\/{rel}","templated":true}]}}