{"id":67148,"date":"2025-10-22T16:50:26","date_gmt":"2025-10-22T14:50:26","guid":{"rendered":"https:\/\/mahle-smartbike.com\/?post_type=news-event&#038;p=67148"},"modified":"2025-11-12T16:55:05","modified_gmt":"2025-11-12T14:55:05","slug":"aventura-de-bikepacking-450-km-con-mahle-x20","status":"publish","type":"news-event","link":"https:\/\/mahle-smartbike.com\/es\/content-hub\/aventura-de-bikepacking-450-km-con-mahle-x20\/","title":{"rendered":"Aventura de bikepacking: 450 km con MAHLE X20"},"content":{"rendered":"\t\t<div data-elementor-type=\"wp-post\" data-elementor-id=\"67148\" class=\"elementor elementor-67148 elementor-67103\" data-elementor-post-type=\"news-event\">\n\t\t\t\t\t\t<section class=\"elementor-section elementor-top-section elementor-element elementor-element-7e0634f elementor-section-full_width sticky-inner-header elementor-section-height-min-height elementor-section-height-default elementor-section-items-middle\" data-id=\"7e0634f\" data-element_type=\"section\" data-settings=\"{&quot;background_background&quot;:&quot;classic&quot;,&quot;sticky&quot;:&quot;top&quot;,&quot;sticky_offset&quot;:72,&quot;sticky_on&quot;:[&quot;widescreen&quot;,&quot;desktop&quot;,&quot;tablet&quot;,&quot;mobile_extra&quot;,&quot;mobile&quot;],&quot;sticky_effects_offset&quot;:0,&quot;sticky_anchor_link_offset&quot;:0}\">\n\t\t\t\t\t\t<div class=\"elementor-container elementor-column-gap-default\">\n\t\t\t\t\t<div class=\"elementor-column elementor-col-100 elementor-top-column elementor-element elementor-element-02653c6\" data-id=\"02653c6\" data-element_type=\"column\">\n\t\t\t<div class=\"elementor-widget-wrap elementor-element-populated\">\n\t\t\t\t\t\t<section class=\"elementor-section elementor-inner-section elementor-element elementor-element-43061e7 elementor-section-content-middle elementor-section-boxed elementor-section-height-default elementor-section-height-default\" data-id=\"43061e7\" data-element_type=\"section\">\n\t\t\t\t\t\t<div class=\"elementor-container elementor-column-gap-default\">\n\t\t\t\t\t<div class=\"elementor-column elementor-col-100 elementor-inner-column elementor-element elementor-element-dd224d3\" data-id=\"dd224d3\" data-element_type=\"column\">\n\t\t\t<div class=\"elementor-widget-wrap elementor-element-populated\">\n\t\t\t\t\t\t<div class=\"elementor-element elementor-element-b5d42a5 elementor-widget-tablet__width-initial elementor-widget-mobile_extra__width-initial elementor-widget-mobile__width-initial elementor-widget elementor-widget-heading\" data-id=\"b5d42a5\" data-element_type=\"widget\" data-widget_type=\"heading.default\">\n\t\t\t\t<div class=\"elementor-widget-container\">\n\t\t\t\t\t<h1 class=\"elementor-heading-title elementor-size-default\">Aventura de bikepacking: 450 km con MAHLE X20<\/h1>\t\t\t\t<\/div>\n\t\t\t\t<\/div>\n\t\t\t\t\t<\/div>\n\t\t<\/div>\n\t\t\t\t\t<\/div>\n\t\t<\/section>\n\t\t\t\t\t<\/div>\n\t\t<\/div>\n\t\t\t\t\t<\/div>\n\t\t<\/section>\n\t\t\t\t<section class=\"elementor-section elementor-top-section elementor-element elementor-element-9839725 elementor-section-full_width elementor-section-height-min-height elementor-section-items-stretch elementor-section-content-top elementor-section-height-default\" data-id=\"9839725\" data-element_type=\"section\" data-settings=\"{&quot;background_background&quot;:&quot;classic&quot;}\">\n\t\t\t\t\t\t<div class=\"elementor-container elementor-column-gap-default\">\n\t\t\t\t\t<div class=\"elementor-column elementor-col-100 elementor-top-column elementor-element elementor-element-eb853f1\" data-id=\"eb853f1\" data-element_type=\"column\" data-settings=\"{&quot;background_background&quot;:&quot;slideshow&quot;,&quot;background_slideshow_gallery&quot;:[],&quot;background_slideshow_loop&quot;:&quot;yes&quot;,&quot;background_slideshow_slide_duration&quot;:5000,&quot;background_slideshow_slide_transition&quot;:&quot;fade&quot;,&quot;background_slideshow_transition_duration&quot;:500}\">\n\t\t\t<div class=\"elementor-widget-wrap\">\n\t\t\t\t\t\t\t<\/div>\n\t\t<\/div>\n\t\t\t\t\t<\/div>\n\t\t<\/section>\n\t\t<div class=\"elementor-element elementor-element-80291d2 e-flex e-con-boxed e-con e-parent\" data-id=\"80291d2\" data-element_type=\"container\">\n\t\t\t\t\t<div class=\"e-con-inner\">\n\t\t\t\t<div class=\"elementor-element elementor-element-c7c53c4 elementor-widget elementor-widget-text-editor\" data-id=\"c7c53c4\" data-element_type=\"widget\" data-widget_type=\"text-editor.default\">\n\t\t\t\t<div class=\"elementor-widget-container\">\n\t\t\t\t\t\t\t\t\t<p>Cuatro d\u00edas. 450 km. Un sinf\u00edn de caminos de grava y el silencio de los paisajes m\u00e1s salvajes de Espa\u00f1a. De esto est\u00e1n hechos los sue\u00f1os de bikepacking.   <\/p><p>Alberto llev\u00f3 la Conor E Selva, con tecnolog\u00eda ePowered by el System MAHLE X20, a lo m\u00e1s profundo de las Monta\u00f1as Vac\u00edas, una ruta que desaf\u00eda a los ciclistas con aislamiento, elevaci\u00f3n y pura aventura.<\/p>\t\t\t\t\t\t\t\t<\/div>\n\t\t\t\t<\/div>\n\t\t\t\t\t<\/div>\n\t\t\t\t<\/div>\n\t\t<div class=\"elementor-element elementor-element-4f8a9c8 e-flex e-con-boxed e-con e-parent\" data-id=\"4f8a9c8\" data-element_type=\"container\">\n\t\t\t\t\t<div class=\"e-con-inner\">\n\t\t\t\t<div class=\"elementor-element elementor-element-1558587 elementor-widget__width-auto elementor-widget elementor-widget-image\" data-id=\"1558587\" data-element_type=\"widget\" data-widget_type=\"image.default\">\n\t\t\t\t<div class=\"elementor-widget-container\">\n\t\t\t\t\t\t\t\t\t\t\t\t\t\t\t<img decoding=\"async\" src=\"https:\/\/mahle-smartbike.com\/wp-content\/uploads\/elementor\/thumbs\/20251015_113037442_iOS-rdkp06g5tiq2zas0awbrkjq4i658tyw9k7wqwijz9c.webp\" title=\"20251015_113037442_iOS\" alt=\"20251015_113037442_iOS\" loading=\"lazy\" \/>\t\t\t\t\t\t\t\t\t\t\t\t\t\t\t<\/div>\n\t\t\t\t<\/div>\n\t\t\t\t<div class=\"elementor-element elementor-element-15fd2f7 elementor-widget elementor-widget-heading\" data-id=\"15fd2f7\" data-element_type=\"widget\" data-widget_type=\"heading.default\">\n\t\t\t\t<div class=\"elementor-widget-container\">\n\t\t\t\t\t<h2 class=\"elementor-heading-title elementor-size-default\">Libertad para llegar m\u00e1s lejos<\/h2>\t\t\t\t<\/div>\n\t\t\t\t<\/div>\n\t\t\t\t<div class=\"elementor-element elementor-element-eb1f140 elementor-widget elementor-widget-text-editor\" data-id=\"eb1f140\" data-element_type=\"widget\" data-widget_type=\"text-editor.default\">\n\t\t\t\t<div class=\"elementor-widget-container\">\n\t\t\t\t\t\t\t\t\t<p>El System MAHLE X20 est\u00e1 dise\u00f1ado para ciclistas que desean superar los l\u00edmites. Ligero pero potente, ofrece una asistencia natural que se adapta a tu esfuerzo y al terreno, haciendo que cada ascenso sea m\u00e1s suave y cada kil\u00f3metro m\u00e1s agradable. <\/p><p>Con la bater\u00eda externa eX1 y el Energy Hub, Alberto ampli\u00f3 su autonom\u00eda y mantuvo la aventura sin concesiones.<\/p>\t\t\t\t\t\t\t\t<\/div>\n\t\t\t\t<\/div>\n\t\t\t\t\t<\/div>\n\t\t\t\t<\/div>\n\t\t<div class=\"elementor-element elementor-element-0c7e11b e-flex e-con-boxed e-con e-parent\" data-id=\"0c7e11b\" data-element_type=\"container\">\n\t\t\t\t\t<div class=\"e-con-inner\">\n\t\t\t\t<div class=\"elementor-element elementor-element-904c474 elementor-widget__width-auto elementor-widget elementor-widget-image\" data-id=\"904c474\" data-element_type=\"widget\" data-widget_type=\"image.default\">\n\t\t\t\t<div class=\"elementor-widget-container\">\n\t\t\t\t\t\t\t\t\t\t\t\t\t\t\t<img decoding=\"async\" src=\"https:\/\/mahle-smartbike.com\/wp-content\/uploads\/elementor\/thumbs\/20251016_134648367_iOS-rdkp00t4oiid1n077tw05l5cxux1js9vjfzu0uscao.webp\" title=\"20251016_134648367_iOS\" alt=\"20251016_134648367_iOS\" loading=\"lazy\" \/>\t\t\t\t\t\t\t\t\t\t\t\t\t\t\t<\/div>\n\t\t\t\t<\/div>\n\t\t\t\t<div class=\"elementor-element elementor-element-d0dcc3f elementor-widget elementor-widget-heading\" data-id=\"d0dcc3f\" data-element_type=\"widget\" data-widget_type=\"heading.default\">\n\t\t\t\t<div class=\"elementor-widget-container\">\n\t\t\t\t\t<h2 class=\"elementor-heading-title elementor-size-default\">Por qu\u00e9 el X20 est\u00e1 hecho para la aventura<\/h2>\t\t\t\t<\/div>\n\t\t\t\t<\/div>\n\t\t\t\t<div class=\"elementor-element elementor-element-f47eae0 elementor-widget elementor-widget-text-editor\" data-id=\"f47eae0\" data-element_type=\"widget\" data-widget_type=\"text-editor.default\">\n\t\t\t\t<div class=\"elementor-widget-container\">\n\t\t\t\t\t\t\t\t\t<ul><li>Motor ultraligero (1,39 kg) para una sensaci\u00f3n de conducci\u00f3n natural.<\/li><li>Hasta 65 Nm de par y 275 W de potencia m\u00e1xima.<\/li><li>Extensi\u00f3n de autonom\u00eda modular con la bater\u00eda externa eX1 <\/li><li>Integraci\u00f3n perfecta para un dise\u00f1o limpio y minimalista.<\/li><\/ul><p> <\/p><p>Monta\u00f1as Vac\u00edas demostr\u00f3 lo que el System X20 puede hacer cuando se prueba en condiciones reales: libertad, fiabilidad y rendimiento donde m\u00e1s importa.<\/p><ul><li style=\"list-style-type: none;\"> <\/li><\/ul>\t\t\t\t\t\t\t\t<\/div>\n\t\t\t\t<\/div>\n\t\t\t\t<div class=\"elementor-element elementor-element-c4fd3e8 elementor-align-center elementor-widget__width-auto mahle-blue-btn elementor-invisible elementor-widget elementor-widget-button\" data-id=\"c4fd3e8\" data-element_type=\"widget\" data-settings=\"{&quot;_animation&quot;:&quot;fadeInUp&quot;}\" data-widget_type=\"button.default\">\n\t\t\t\t<div class=\"elementor-widget-container\">\n\t\t\t\t\t\t\t\t\t<div class=\"elementor-button-wrapper\">\n\t\t\t\t\t<a class=\"elementor-button elementor-button-link elementor-size-sm\" href=\"https:\/\/mahle-smartbike.com\/es\/sistema-x20\/\">\n\t\t\t\t\t\t<span class=\"elementor-button-content-wrapper\">\n\t\t\t\t\t\t\t\t\t<span class=\"elementor-button-text\">Descubre el System X20<\/span>\n\t\t\t\t\t<\/span>\n\t\t\t\t\t<\/a>\n\t\t\t\t<\/div>\n\t\t\t\t\t\t\t\t<\/div>\n\t\t\t\t<\/div>\n\t\t\t\t\t<\/div>\n\t\t\t\t<\/div>\n\t\t\t\t<\/div>\n\t\t","protected":false},"excerpt":{"rendered":"<p>Cuatro d\u00edas. 450 km. Un sinf\u00edn de caminos de grava y el silencio de los paisajes m\u00e1s salvajes de Espa\u00f1a. De esto est\u00e1n hechos los sue\u00f1os de bikepacking.   <\/p>\n","protected":false},"featured_media":67134,"parent":0,"menu_order":0,"template":"","news-and-events":[],"class_list":["post-67148","news-event","type-news-event","status-publish","has-post-thumbnail","hentry","news-events-category-historias"],"acf":[],"yoast_head":"<!-- This site is optimized with the Yoast SEO plugin v27.5 - https:\/\/yoast.com\/product\/yoast-seo-wordpress\/ -->\n<title>Aventura de bikepacking: 450 km con MAHLE X20 - MAHLE SmartBike Systems<\/title>\n<meta name=\"description\" content=\"Cuatro d\u00edas. 450 km. Un sinf\u00edn de caminos de grava y el silencio de los paisajes m\u00e1s salvajes de Espa\u00f1a. De esto est\u00e1n hechos los sue\u00f1os de bikepacking.\" \/>\n<meta name=\"robots\" content=\"index, follow, max-snippet:-1, max-image-preview:large, max-video-preview:-1\" \/>\n<link rel=\"canonical\" href=\"https:\/\/mahle-smartbike.com\/es\/news-event\/aventura-de-bikepacking-450-km-con-mahle-x20\/\" \/>\n<meta property=\"og:locale\" content=\"es_ES\" \/>\n<meta property=\"og:type\" content=\"article\" \/>\n<meta property=\"og:title\" content=\"Aventura de bikepacking: 450 km con MAHLE X20 - MAHLE SmartBike Systems\" \/>\n<meta property=\"og:description\" content=\"Cuatro d\u00edas. 450 km. Un sinf\u00edn de caminos de grava y el silencio de los paisajes m\u00e1s salvajes de Espa\u00f1a. De esto est\u00e1n hechos los sue\u00f1os de bikepacking.\" \/>\n<meta property=\"og:url\" content=\"https:\/\/mahle-smartbike.com\/es\/news-event\/aventura-de-bikepacking-450-km-con-mahle-x20\/\" \/>\n<meta property=\"og:site_name\" content=\"MAHLE SmartBike Systems\" \/>\n<meta property=\"article:publisher\" content=\"https:\/\/www.facebook.com\/mahlesmartbikesystems\/\" \/>\n<meta property=\"article:modified_time\" content=\"2025-11-12T14:55:05+00:00\" \/>\n<meta property=\"og:image\" content=\"https:\/\/mahle-smartbike.com\/wp-content\/uploads\/2025\/10\/Montanas-Vacias-5-1.webp\" \/>\n\t<meta property=\"og:image:width\" content=\"1920\" \/>\n\t<meta property=\"og:image:height\" content=\"1080\" \/>\n\t<meta property=\"og:image:type\" content=\"image\/webp\" \/>\n<meta name=\"twitter:card\" content=\"summary_large_image\" \/>\n<meta name=\"twitter:label1\" content=\"Tiempo de lectura\" \/>\n\t<meta name=\"twitter:data1\" content=\"2 minutos\" \/>\n<script type=\"application\/ld+json\" class=\"yoast-schema-graph\">{\"@context\":\"https:\\\/\\\/schema.org\",\"@graph\":[{\"@type\":\"WebPage\",\"@id\":\"https:\\\/\\\/mahle-smartbike.com\\\/es\\\/news-event\\\/aventura-de-bikepacking-450-km-con-mahle-x20\\\/\",\"url\":\"https:\\\/\\\/mahle-smartbike.com\\\/es\\\/news-event\\\/aventura-de-bikepacking-450-km-con-mahle-x20\\\/\",\"name\":\"Aventura de bikepacking: 450 km con MAHLE X20 - MAHLE SmartBike Systems\",\"isPartOf\":{\"@id\":\"https:\\\/\\\/mahle-smartbike.com\\\/#website\"},\"primaryImageOfPage\":{\"@id\":\"https:\\\/\\\/mahle-smartbike.com\\\/es\\\/news-event\\\/aventura-de-bikepacking-450-km-con-mahle-x20\\\/#primaryimage\"},\"image\":{\"@id\":\"https:\\\/\\\/mahle-smartbike.com\\\/es\\\/news-event\\\/aventura-de-bikepacking-450-km-con-mahle-x20\\\/#primaryimage\"},\"thumbnailUrl\":\"https:\\\/\\\/mahle-smartbike.com\\\/wp-content\\\/uploads\\\/2025\\\/10\\\/Montanas-Vacias-5-1.webp\",\"datePublished\":\"2025-10-22T14:50:26+00:00\",\"dateModified\":\"2025-11-12T14:55:05+00:00\",\"description\":\"Cuatro d\u00edas. 450 km. Un sinf\u00edn de caminos de grava y el silencio de los paisajes m\u00e1s salvajes de Espa\u00f1a. De esto est\u00e1n hechos los sue\u00f1os de bikepacking.\",\"breadcrumb\":{\"@id\":\"https:\\\/\\\/mahle-smartbike.com\\\/es\\\/news-event\\\/aventura-de-bikepacking-450-km-con-mahle-x20\\\/#breadcrumb\"},\"inLanguage\":\"es\",\"potentialAction\":[{\"@type\":\"ReadAction\",\"target\":[\"https:\\\/\\\/mahle-smartbike.com\\\/es\\\/news-event\\\/aventura-de-bikepacking-450-km-con-mahle-x20\\\/\"]}]},{\"@type\":\"ImageObject\",\"inLanguage\":\"es\",\"@id\":\"https:\\\/\\\/mahle-smartbike.com\\\/es\\\/news-event\\\/aventura-de-bikepacking-450-km-con-mahle-x20\\\/#primaryimage\",\"url\":\"https:\\\/\\\/mahle-smartbike.com\\\/wp-content\\\/uploads\\\/2025\\\/10\\\/Montanas-Vacias-5-1.webp\",\"contentUrl\":\"https:\\\/\\\/mahle-smartbike.com\\\/wp-content\\\/uploads\\\/2025\\\/10\\\/Montanas-Vacias-5-1.webp\",\"width\":1920,\"height\":1080},{\"@type\":\"BreadcrumbList\",\"@id\":\"https:\\\/\\\/mahle-smartbike.com\\\/es\\\/news-event\\\/aventura-de-bikepacking-450-km-con-mahle-x20\\\/#breadcrumb\",\"itemListElement\":[{\"@type\":\"ListItem\",\"position\":1,\"name\":\"News & Events\",\"item\":\"https:\\\/\\\/mahle-smartbike.com\\\/es\\\/content-hub\\\/\"},{\"@type\":\"ListItem\",\"position\":2,\"name\":\"Aventura de bikepacking: 450 km con MAHLE X20\"}]},{\"@type\":\"WebSite\",\"@id\":\"https:\\\/\\\/mahle-smartbike.com\\\/#website\",\"url\":\"https:\\\/\\\/mahle-smartbike.com\\\/\",\"name\":\"MAHLE SmartBike Systems\",\"description\":\"The lightest ebike systems on the market\",\"publisher\":{\"@id\":\"https:\\\/\\\/mahle-smartbike.com\\\/#organization\"},\"potentialAction\":[{\"@type\":\"SearchAction\",\"target\":{\"@type\":\"EntryPoint\",\"urlTemplate\":\"https:\\\/\\\/mahle-smartbike.com\\\/?s={search_term_string}\"},\"query-input\":{\"@type\":\"PropertyValueSpecification\",\"valueRequired\":true,\"valueName\":\"search_term_string\"}}],\"inLanguage\":\"es\"},{\"@type\":\"Organization\",\"@id\":\"https:\\\/\\\/mahle-smartbike.com\\\/#organization\",\"name\":\"MAHLE SmartBike Systems\",\"url\":\"https:\\\/\\\/mahle-smartbike.com\\\/\",\"logo\":{\"@type\":\"ImageObject\",\"inLanguage\":\"es\",\"@id\":\"https:\\\/\\\/mahle-smartbike.com\\\/#\\\/schema\\\/logo\\\/image\\\/\",\"url\":\"https:\\\/\\\/mahle-smartbike.com\\\/wp-content\\\/uploads\\\/2024\\\/05\\\/MAHLE-SmartBike-Systems-Logo-1-1.jpg\",\"contentUrl\":\"https:\\\/\\\/mahle-smartbike.com\\\/wp-content\\\/uploads\\\/2024\\\/05\\\/MAHLE-SmartBike-Systems-Logo-1-1.jpg\",\"width\":1920,\"height\":1920,\"caption\":\"MAHLE SmartBike Systems\"},\"image\":{\"@id\":\"https:\\\/\\\/mahle-smartbike.com\\\/#\\\/schema\\\/logo\\\/image\\\/\"},\"sameAs\":[\"https:\\\/\\\/www.facebook.com\\\/mahlesmartbikesystems\\\/\",\"https:\\\/\\\/www.instagram.com\\\/mahle_smartbikesystems\\\/\",\"https:\\\/\\\/www.linkedin.com\\\/company\\\/mahlesmartbikesystems\\\/\",\"https:\\\/\\\/www.youtube.com\\\/channel\\\/UCgfNyF-Wtgq0WTlzsV8bDmQ\",\"https:\\\/\\\/www.strava.com\\\/clubs\\\/mahle\",\"https:\\\/\\\/www.tiktok.com\\\/@mahlesmartbikesystems\"]}]}<\/script>\n<!-- \/ Yoast SEO plugin. -->","yoast_head_json":{"title":"Aventura de bikepacking: 450 km con MAHLE X20 - MAHLE SmartBike Systems","description":"Cuatro d\u00edas. 450 km. Un sinf\u00edn de caminos de grava y el silencio de los paisajes m\u00e1s salvajes de Espa\u00f1a. De esto est\u00e1n hechos los sue\u00f1os de bikepacking.","robots":{"index":"index","follow":"follow","max-snippet":"max-snippet:-1","max-image-preview":"max-image-preview:large","max-video-preview":"max-video-preview:-1"},"canonical":"https:\/\/mahle-smartbike.com\/es\/news-event\/aventura-de-bikepacking-450-km-con-mahle-x20\/","og_locale":"es_ES","og_type":"article","og_title":"Aventura de bikepacking: 450 km con MAHLE X20 - MAHLE SmartBike Systems","og_description":"Cuatro d\u00edas. 450 km. Un sinf\u00edn de caminos de grava y el silencio de los paisajes m\u00e1s salvajes de Espa\u00f1a. De esto est\u00e1n hechos los sue\u00f1os de bikepacking.","og_url":"https:\/\/mahle-smartbike.com\/es\/news-event\/aventura-de-bikepacking-450-km-con-mahle-x20\/","og_site_name":"MAHLE SmartBike Systems","article_publisher":"https:\/\/www.facebook.com\/mahlesmartbikesystems\/","article_modified_time":"2025-11-12T14:55:05+00:00","og_image":[{"width":1920,"height":1080,"url":"https:\/\/mahle-smartbike.com\/wp-content\/uploads\/2025\/10\/Montanas-Vacias-5-1.webp","type":"image\/webp"}],"twitter_card":"summary_large_image","twitter_misc":{"Tiempo de lectura":"2 minutos"},"schema":{"@context":"https:\/\/schema.org","@graph":[{"@type":"WebPage","@id":"https:\/\/mahle-smartbike.com\/es\/news-event\/aventura-de-bikepacking-450-km-con-mahle-x20\/","url":"https:\/\/mahle-smartbike.com\/es\/news-event\/aventura-de-bikepacking-450-km-con-mahle-x20\/","name":"Aventura de bikepacking: 450 km con MAHLE X20 - MAHLE SmartBike Systems","isPartOf":{"@id":"https:\/\/mahle-smartbike.com\/#website"},"primaryImageOfPage":{"@id":"https:\/\/mahle-smartbike.com\/es\/news-event\/aventura-de-bikepacking-450-km-con-mahle-x20\/#primaryimage"},"image":{"@id":"https:\/\/mahle-smartbike.com\/es\/news-event\/aventura-de-bikepacking-450-km-con-mahle-x20\/#primaryimage"},"thumbnailUrl":"https:\/\/mahle-smartbike.com\/wp-content\/uploads\/2025\/10\/Montanas-Vacias-5-1.webp","datePublished":"2025-10-22T14:50:26+00:00","dateModified":"2025-11-12T14:55:05+00:00","description":"Cuatro d\u00edas. 450 km. Un sinf\u00edn de caminos de grava y el silencio de los paisajes m\u00e1s salvajes de Espa\u00f1a. De esto est\u00e1n hechos los sue\u00f1os de bikepacking.","breadcrumb":{"@id":"https:\/\/mahle-smartbike.com\/es\/news-event\/aventura-de-bikepacking-450-km-con-mahle-x20\/#breadcrumb"},"inLanguage":"es","potentialAction":[{"@type":"ReadAction","target":["https:\/\/mahle-smartbike.com\/es\/news-event\/aventura-de-bikepacking-450-km-con-mahle-x20\/"]}]},{"@type":"ImageObject","inLanguage":"es","@id":"https:\/\/mahle-smartbike.com\/es\/news-event\/aventura-de-bikepacking-450-km-con-mahle-x20\/#primaryimage","url":"https:\/\/mahle-smartbike.com\/wp-content\/uploads\/2025\/10\/Montanas-Vacias-5-1.webp","contentUrl":"https:\/\/mahle-smartbike.com\/wp-content\/uploads\/2025\/10\/Montanas-Vacias-5-1.webp","width":1920,"height":1080},{"@type":"BreadcrumbList","@id":"https:\/\/mahle-smartbike.com\/es\/news-event\/aventura-de-bikepacking-450-km-con-mahle-x20\/#breadcrumb","itemListElement":[{"@type":"ListItem","position":1,"name":"News & Events","item":"https:\/\/mahle-smartbike.com\/es\/content-hub\/"},{"@type":"ListItem","position":2,"name":"Aventura de bikepacking: 450 km con MAHLE X20"}]},{"@type":"WebSite","@id":"https:\/\/mahle-smartbike.com\/#website","url":"https:\/\/mahle-smartbike.com\/","name":"MAHLE SmartBike Systems","description":"The lightest ebike systems on the market","publisher":{"@id":"https:\/\/mahle-smartbike.com\/#organization"},"potentialAction":[{"@type":"SearchAction","target":{"@type":"EntryPoint","urlTemplate":"https:\/\/mahle-smartbike.com\/?s={search_term_string}"},"query-input":{"@type":"PropertyValueSpecification","valueRequired":true,"valueName":"search_term_string"}}],"inLanguage":"es"},{"@type":"Organization","@id":"https:\/\/mahle-smartbike.com\/#organization","name":"MAHLE SmartBike Systems","url":"https:\/\/mahle-smartbike.com\/","logo":{"@type":"ImageObject","inLanguage":"es","@id":"https:\/\/mahle-smartbike.com\/#\/schema\/logo\/image\/","url":"https:\/\/mahle-smartbike.com\/wp-content\/uploads\/2024\/05\/MAHLE-SmartBike-Systems-Logo-1-1.jpg","contentUrl":"https:\/\/mahle-smartbike.com\/wp-content\/uploads\/2024\/05\/MAHLE-SmartBike-Systems-Logo-1-1.jpg","width":1920,"height":1920,"caption":"MAHLE SmartBike Systems"},"image":{"@id":"https:\/\/mahle-smartbike.com\/#\/schema\/logo\/image\/"},"sameAs":["https:\/\/www.facebook.com\/mahlesmartbikesystems\/","https:\/\/www.instagram.com\/mahle_smartbikesystems\/","https:\/\/www.linkedin.com\/company\/mahlesmartbikesystems\/","https:\/\/www.youtube.com\/channel\/UCgfNyF-Wtgq0WTlzsV8bDmQ","https:\/\/www.strava.com\/clubs\/mahle","https:\/\/www.tiktok.com\/@mahlesmartbikesystems"]}]}},"_links":{"self":[{"href":"https:\/\/mahle-smartbike.com\/es\/wp-json\/wp\/v2\/news-events\/67148","targetHints":{"allow":["GET"]}}],"collection":[{"href":"https:\/\/mahle-smartbike.com\/es\/wp-json\/wp\/v2\/news-events"}],"about":[{"href":"https:\/\/mahle-smartbike.com\/es\/wp-json\/wp\/v2\/types\/news-event"}],"version-history":[{"count":3,"href":"https:\/\/mahle-smartbike.com\/es\/wp-json\/wp\/v2\/news-events\/67148\/revisions"}],"predecessor-version":[{"id":67160,"href":"https:\/\/mahle-smartbike.com\/es\/wp-json\/wp\/v2\/news-events\/67148\/revisions\/67160"}],"wp:featuredmedia":[{"embeddable":true,"href":"https:\/\/mahle-smartbike.com\/es\/wp-json\/wp\/v2\/media\/67134"}],"wp:attachment":[{"href":"https:\/\/mahle-smartbike.com\/es\/wp-json\/wp\/v2\/media?parent=67148"}],"wp:term":[{"taxonomy":"news-and-events","embeddable":true,"href":"https:\/\/mahle-smartbike.com\/es\/wp-json\/wp\/v2\/news-and-events?post=67148"}],"curies":[{"name":"wp","href":"https:\/\/api.w.org\/{rel}","templated":true}]}}