{"id":70273,"date":"2026-01-05T12:28:58","date_gmt":"2026-01-05T10:28:58","guid":{"rendered":"https:\/\/mahle-smartbike.com\/content-hub\/de-vuelta-a-la-carretera-encuentranos-en-los-principales-eventos-ciclistas-de-2026\/"},"modified":"2026-02-19T13:38:58","modified_gmt":"2026-02-19T11:38:58","slug":"de-vuelta-a-la-carretera-encuentranos-en-los-principales-eventos-ciclistas-de-2026","status":"publish","type":"news-event","link":"https:\/\/mahle-smartbike.com\/es\/content-hub\/de-vuelta-a-la-carretera-encuentranos-en-los-principales-eventos-ciclistas-de-2026\/","title":{"rendered":"De vuelta a la carretera: \u00a1encu\u00e9ntranos en los principales eventos ciclistas de 2026!"},"content":{"rendered":"\t\t<div data-elementor-type=\"wp-post\" data-elementor-id=\"70273\" class=\"elementor elementor-70273 elementor-70233\" data-elementor-post-type=\"news-event\">\n\t\t\t\t\t\t<section class=\"elementor-section elementor-top-section elementor-element elementor-element-7e0634f elementor-section-full_width sticky-inner-header elementor-section-height-min-height elementor-section-height-default elementor-section-items-middle\" data-id=\"7e0634f\" data-element_type=\"section\" data-settings=\"{&quot;background_background&quot;:&quot;classic&quot;,&quot;sticky&quot;:&quot;top&quot;,&quot;sticky_offset&quot;:72,&quot;sticky_on&quot;:[&quot;widescreen&quot;,&quot;desktop&quot;,&quot;tablet&quot;,&quot;mobile_extra&quot;,&quot;mobile&quot;],&quot;sticky_effects_offset&quot;:0,&quot;sticky_anchor_link_offset&quot;:0}\">\n\t\t\t\t\t\t<div class=\"elementor-container elementor-column-gap-default\">\n\t\t\t\t\t<div class=\"elementor-column elementor-col-100 elementor-top-column elementor-element elementor-element-02653c6\" data-id=\"02653c6\" data-element_type=\"column\">\n\t\t\t<div class=\"elementor-widget-wrap elementor-element-populated\">\n\t\t\t\t\t\t<section class=\"elementor-section elementor-inner-section elementor-element elementor-element-43061e7 elementor-section-content-middle elementor-section-boxed elementor-section-height-default elementor-section-height-default\" data-id=\"43061e7\" data-element_type=\"section\">\n\t\t\t\t\t\t<div class=\"elementor-container elementor-column-gap-default\">\n\t\t\t\t\t<div class=\"elementor-column elementor-col-100 elementor-inner-column elementor-element elementor-element-dd224d3\" data-id=\"dd224d3\" data-element_type=\"column\">\n\t\t\t<div class=\"elementor-widget-wrap elementor-element-populated\">\n\t\t\t\t\t\t<div class=\"elementor-element elementor-element-b5d42a5 elementor-widget-tablet__width-initial elementor-widget-mobile_extra__width-initial elementor-widget-mobile__width-initial elementor-widget elementor-widget-heading\" data-id=\"b5d42a5\" data-element_type=\"widget\" data-widget_type=\"heading.default\">\n\t\t\t\t<div class=\"elementor-widget-container\">\n\t\t\t\t\t<h1 class=\"elementor-heading-title elementor-size-default\">De vuelta a la carretera: \u00a1encu\u00e9ntranos en los principales eventos ciclistas de 2026! <\/h1>\t\t\t\t<\/div>\n\t\t\t\t<\/div>\n\t\t\t\t\t<\/div>\n\t\t<\/div>\n\t\t\t\t\t<\/div>\n\t\t<\/section>\n\t\t\t\t\t<\/div>\n\t\t<\/div>\n\t\t\t\t\t<\/div>\n\t\t<\/section>\n\t\t\t\t<section class=\"elementor-section elementor-top-section elementor-element elementor-element-9839725 elementor-section-full_width elementor-section-height-min-height elementor-section-items-stretch elementor-section-content-top elementor-section-height-default\" data-id=\"9839725\" data-element_type=\"section\" data-settings=\"{&quot;background_background&quot;:&quot;classic&quot;}\">\n\t\t\t\t\t\t<div class=\"elementor-container elementor-column-gap-default\">\n\t\t\t\t\t<div class=\"elementor-column elementor-col-100 elementor-top-column elementor-element elementor-element-eb853f1\" data-id=\"eb853f1\" data-element_type=\"column\" data-settings=\"{&quot;background_background&quot;:&quot;slideshow&quot;,&quot;background_slideshow_gallery&quot;:[],&quot;background_slideshow_loop&quot;:&quot;yes&quot;,&quot;background_slideshow_slide_duration&quot;:5000,&quot;background_slideshow_slide_transition&quot;:&quot;fade&quot;,&quot;background_slideshow_transition_duration&quot;:500}\">\n\t\t\t<div class=\"elementor-widget-wrap\">\n\t\t\t\t\t\t\t<\/div>\n\t\t<\/div>\n\t\t\t\t\t<\/div>\n\t\t<\/section>\n\t\t<div class=\"elementor-element elementor-element-80291d2 e-flex e-con-boxed e-con e-parent\" data-id=\"80291d2\" data-element_type=\"container\">\n\t\t\t\t\t<div class=\"e-con-inner\">\n\t\t\t\t<div class=\"elementor-element elementor-element-c7c53c4 elementor-widget elementor-widget-text-editor\" data-id=\"c7c53c4\" data-element_type=\"widget\" data-widget_type=\"text-editor.default\">\n\t\t\t\t<div class=\"elementor-widget-container\">\n\t\t\t\t\t\t\t\t\t<p>2026 marca un a\u00f1o emocionante para MAHLE SmartBike Systems, ya que regresamos a los eventos ciclistas m\u00e1s influyentes del mundo. Estos encuentros son m\u00e1s que simples exposiciones: son oportunidades para conectar con ciclistas, marcas y l\u00edderes del sector, y para mostrar c\u00f3mo nuestra tecnolog\u00eda est\u00e1 dando forma al futuro de la eMobility. Desde Europa hasta Asia, estaremos presentes en eventos clave para compartir innovaci\u00f3n, conocimiento y experiencias pr\u00e1cticas. <\/p>\t\t\t\t\t\t\t\t<\/div>\n\t\t\t\t<\/div>\n\t\t\t\t\t<\/div>\n\t\t\t\t<\/div>\n\t\t<div class=\"elementor-element elementor-element-4f8a9c8 e-flex e-con-boxed e-con e-parent\" data-id=\"4f8a9c8\" data-element_type=\"container\">\n\t\t\t\t\t<div class=\"e-con-inner\">\n\t\t\t\t<div class=\"elementor-element elementor-element-1558587 elementor-widget__width-auto elementor-widget elementor-widget-image\" data-id=\"1558587\" data-element_type=\"widget\" data-widget_type=\"image.default\">\n\t\t\t\t<div class=\"elementor-widget-container\">\n\t\t\t\t\t\t\t\t\t\t\t\t\t\t\t<img decoding=\"async\" src=\"https:\/\/mahle-smartbike.com\/wp-content\/uploads\/elementor\/thumbs\/MAHLE_Eurobike_25-9-rh7amq0uuiwsi7asac1rv8s7h6bskgkys89ifb83ls.webp\" title=\"MAHLE_Eurobike_25-9\" alt=\"MAHLE_Eurobike_25-9\" loading=\"lazy\" \/>\t\t\t\t\t\t\t\t\t\t\t\t\t\t\t<\/div>\n\t\t\t\t<\/div>\n\t\t\t\t<div class=\"elementor-element elementor-element-d5e2421 elementor-widget elementor-widget-heading\" data-id=\"d5e2421\" data-element_type=\"widget\" data-widget_type=\"heading.default\">\n\t\t\t\t<div class=\"elementor-widget-container\">\n\t\t\t\t\t<h2 class=\"elementor-heading-title elementor-size-default\">Calendario de eventos 2026<\/h2>\t\t\t\t<\/div>\n\t\t\t\t<\/div>\n\t\t\t\t<div class=\"elementor-element elementor-element-eb1f140 elementor-widget elementor-widget-text-editor\" data-id=\"eb1f140\" data-element_type=\"widget\" data-widget_type=\"text-editor.default\">\n\t\t\t\t<div class=\"elementor-widget-container\">\n\t\t\t\t\t\t\t\t\t<p>Nuestro viaje comienza en enero y contin\u00faa durante todo el a\u00f1o con paradas en los eventos ciclistas m\u00e1s importantes:<\/p><ul><li><strong>Velofollies<\/strong>: 16\u201318 de enero, Kortrijk, B\u00e9lgica.<\/li><li><strong>Sea Otter Classics<\/strong>: 16\u201319 de abril, Monterrey, Estados Unidos.<\/li><li><strong>eBike Days<\/strong>: 24\u201326 de abril, M\u00fanich, Alemania.<\/li><li><strong>Riva Bike Festival<\/strong>: 1\u20134 de mayo, Riva del Garda, Italia.<\/li><li><strong>Eurobike<\/strong>: 24\u201327 de junio, Fr\u00e1ncfort, Alemania.<\/li><li><strong>Conferencia de prensa t\u00e9cnica:<\/strong> 2\u20138 de julio, Stuttgart, Alemania.<\/li><li><strong>Prodays:<\/strong> 5\u20137 de julio, Par\u00eds, Francia.<\/li><li><strong>Ard Rock<\/strong>: 25\u201327 de julio, Swaledale, Reino Unido.<\/li><li><strong>Italian Bike Festival<\/strong>: 5\u20137 de septiembre, Misano, Italia.<\/li><li><strong>Taichung Bike Week<\/strong>: 15\u201318 de septiembre, Taichung, Taiw\u00e1n.<\/li><li><strong>Sea Otter Europe<\/strong>: 19\u201321 de septiembre, Gerona, Espa\u00f1a.<\/li><li><strong>Roc d\u2019Azur<\/strong>: 9\u201312 de octubre, Fr\u00e9jus, Francia \u2026\u00a1y m\u00e1s por venir!<\/li><\/ul><p>Estos eventos son el escenario perfecto para descubrir las \u00faltimas tendencias en ciclismo y experimentar la tecnolog\u00eda MAHLE en acci\u00f3n.<\/p>\t\t\t\t\t\t\t\t<\/div>\n\t\t\t\t<\/div>\n\t\t\t\t\t<\/div>\n\t\t\t\t<\/div>\n\t\t<div class=\"elementor-element elementor-element-0c7e11b e-flex e-con-boxed e-con e-parent\" data-id=\"0c7e11b\" data-element_type=\"container\">\n\t\t\t\t\t<div class=\"e-con-inner\">\n\t\t\t\t<div class=\"elementor-element elementor-element-904c474 elementor-widget__width-auto elementor-widget elementor-widget-image\" data-id=\"904c474\" data-element_type=\"widget\" data-widget_type=\"image.default\">\n\t\t\t\t<div class=\"elementor-widget-container\">\n\t\t\t\t\t\t\t\t\t\t\t\t\t\t\t<img decoding=\"async\" src=\"https:\/\/mahle-smartbike.com\/wp-content\/uploads\/elementor\/thumbs\/MAHLE_Eurobike_25-43-rh7amsudf10nh16otv9nkq2l9bxw7jw5sm7yv53x34.webp\" title=\"MAHLE_Eurobike_25-43\" alt=\"MAHLE_Eurobike_25-43\" loading=\"lazy\" \/>\t\t\t\t\t\t\t\t\t\t\t\t\t\t\t<\/div>\n\t\t\t\t<\/div>\n\t\t\t\t<div class=\"elementor-element elementor-element-e840cd6 elementor-widget elementor-widget-heading\" data-id=\"e840cd6\" data-element_type=\"widget\" data-widget_type=\"heading.default\">\n\t\t\t\t<div class=\"elementor-widget-container\">\n\t\t\t\t\t<h2 class=\"elementor-heading-title elementor-size-default\">Experimenta el futuro de los sistemas para eBike<\/h2>\t\t\t\t<\/div>\n\t\t\t\t<\/div>\n\t\t\t\t<div class=\"elementor-element elementor-element-f47eae0 elementor-widget elementor-widget-text-editor\" data-id=\"f47eae0\" data-element_type=\"widget\" data-widget_type=\"text-editor.default\">\n\t\t\t\t<div class=\"elementor-widget-container\">\n\t\t\t\t\t\t\t\t\t<p>En cada evento, mostraremos nuestra gama completa de sistemas para eBike de las series X y M, que representan lo \u00faltimo en dise\u00f1o ligero, integraci\u00f3n y rendimiento.<\/p><p>Los visitantes tambi\u00e9n descubrir\u00e1n accesorios que mejoran la autonom\u00eda y la conectividad, como la bater\u00eda externa eX1, el Gateway y el controlador Duo, todos dise\u00f1ados para ofrecer una experiencia de conducci\u00f3n m\u00e1s inteligente y conectada dentro del ecosistema ONE.<\/p><p>Nuestro equipo de expertos estar\u00e1 disponible para proporcionar informaci\u00f3n sobre c\u00f3mo esta plataforma digital aporta funciones avanzadas como la configuraci\u00f3n del mapa del motor, las actualizaciones de firmware OTA y la conectividad en tiempo real, creando una experiencia totalmente personalizada para cada ciclista.<\/p>\t\t\t\t\t\t\t\t<\/div>\n\t\t\t\t<\/div>\n\t\t\t\t\t<\/div>\n\t\t\t\t<\/div>\n\t\t<div class=\"elementor-element elementor-element-b93a45f e-flex e-con-boxed e-con e-parent\" data-id=\"b93a45f\" data-element_type=\"container\">\n\t\t\t\t\t<div class=\"e-con-inner\">\n\t\t\t\t<div class=\"elementor-element elementor-element-cc7deab elementor-widget__width-auto elementor-widget elementor-widget-image\" data-id=\"cc7deab\" data-element_type=\"widget\" data-widget_type=\"image.default\">\n\t\t\t\t<div class=\"elementor-widget-container\">\n\t\t\t\t\t\t\t\t\t\t\t\t\t\t\t<img decoding=\"async\" src=\"https:\/\/mahle-smartbike.com\/wp-content\/uploads\/elementor\/thumbs\/MAHLE_Eurobike_25-2-rh7amvnvzj4ifv2ldehja7cz1hjzun7ct06fayzqkg.webp\" title=\"MAHLE_Eurobike_25-2\" alt=\"MAHLE_Eurobike_25-2\" loading=\"lazy\" \/>\t\t\t\t\t\t\t\t\t\t\t\t\t\t\t<\/div>\n\t\t\t\t<\/div>\n\t\t\t\t<div class=\"elementor-element elementor-element-a18c37a elementor-widget elementor-widget-heading\" data-id=\"a18c37a\" data-element_type=\"widget\" data-widget_type=\"heading.default\">\n\t\t\t\t<div class=\"elementor-widget-container\">\n\t\t\t\t\t<h2 class=\"elementor-heading-title elementor-size-default\">\u00bfPor qu\u00e9 visitarnos?<\/h2>\t\t\t\t<\/div>\n\t\t\t\t<\/div>\n\t\t\t\t<div class=\"elementor-element elementor-element-01716ad elementor-widget elementor-widget-text-editor\" data-id=\"01716ad\" data-element_type=\"widget\" data-widget_type=\"text-editor.default\">\n\t\t\t\t<div class=\"elementor-widget-container\">\n\t\t\t\t\t\t\t\t\t<p>Unirte a nosotros en estos eventos significa m\u00e1s que descubrir productos, se trata de vivir la experiencia. Tendr\u00e1s la oportunidad de probar eBikes equipadas con sistemas MAHLE, sentir la diferencia en rendimiento e integraci\u00f3n, y aprender directamente de nuestros especialistas sobre la tecnolog\u00eda detr\u00e1s de nuestras soluciones. Para los fabricantes de equipos originales y los distribuidores, estos eventos son la plataforma ideal para explorar nuevas oportunidades de negocio, descubrir los pr\u00f3ximos modelos de bicicletas con sistemas MAHLE y ver c\u00f3mo nuestras soluciones pueden mejorar tu oferta de eBike.  <\/p>\t\t\t\t\t\t\t\t<\/div>\n\t\t\t\t<\/div>\n\t\t\t\t\t<\/div>\n\t\t\t\t<\/div>\n\t\t<div class=\"elementor-element elementor-element-8be3cbe e-flex e-con-boxed e-con e-parent\" data-id=\"8be3cbe\" data-element_type=\"container\">\n\t\t\t\t\t<div class=\"e-con-inner\">\n\t\t\t\t<div class=\"elementor-element elementor-element-7079a02 elementor-widget__width-auto elementor-widget elementor-widget-image\" data-id=\"7079a02\" data-element_type=\"widget\" data-widget_type=\"image.default\">\n\t\t\t\t<div class=\"elementor-widget-container\">\n\t\t\t\t\t\t\t\t\t\t\t\t\t\t\t<img decoding=\"async\" src=\"https:\/\/mahle-smartbike.com\/wp-content\/uploads\/elementor\/thumbs\/MAHLE_Eurobike_25-60-rh7amn7ca0sxjdevqstw5rhtp0poxd9rrub1zhca4g.webp\" title=\"MAHLE_Eurobike_25-60\" alt=\"MAHLE_Eurobike_25-60\" loading=\"lazy\" \/>\t\t\t\t\t\t\t\t\t\t\t\t\t\t\t<\/div>\n\t\t\t\t<\/div>\n\t\t\t\t<div class=\"elementor-element elementor-element-eea5da2 elementor-widget elementor-widget-heading\" data-id=\"eea5da2\" data-element_type=\"widget\" data-widget_type=\"heading.default\">\n\t\t\t\t<div class=\"elementor-widget-container\">\n\t\t\t\t\t<h2 class=\"elementor-heading-title elementor-size-default\">Fortalecimiento de las asociaciones<\/h2>\t\t\t\t<\/div>\n\t\t\t\t<\/div>\n\t\t\t\t<div class=\"elementor-element elementor-element-c1f2b8b elementor-widget elementor-widget-text-editor\" data-id=\"c1f2b8b\" data-element_type=\"widget\" data-widget_type=\"text-editor.default\">\n\t\t\t\t<div class=\"elementor-widget-container\">\n\t\t\t\t\t\t\t\t\t<p>En 2026, reforzaremos nuestra presencia en las exposiciones B2B y ampliaremos las colaboraciones con las marcas OEM. Espera ver nuevos modelos de bicicletas equipados con sistemas MAHLE en las categor\u00edas de urbanas, gravel, carretera y MTB. Estas asociaciones destacan c\u00f3mo nuestra tecnolog\u00eda ayuda a las marcas a ofrecer eBikes m\u00e1s ligeras, inteligentes y eficientes.  <\/p>\t\t\t\t\t\t\t\t<\/div>\n\t\t\t\t<\/div>\n\t\t\t\t\t<\/div>\n\t\t\t\t<\/div>\n\t\t<div class=\"elementor-element elementor-element-f806162 e-flex e-con-boxed e-con e-parent\" data-id=\"f806162\" data-element_type=\"container\">\n\t\t\t\t\t<div class=\"e-con-inner\">\n\t\t\t\t<div class=\"elementor-element elementor-element-b848175 elementor-widget__width-auto elementor-widget elementor-widget-image\" data-id=\"b848175\" data-element_type=\"widget\" data-widget_type=\"image.default\">\n\t\t\t\t<div class=\"elementor-widget-container\">\n\t\t\t\t\t\t\t\t\t\t\t\t\t\t\t<img decoding=\"async\" src=\"https:\/\/mahle-smartbike.com\/wp-content\/uploads\/elementor\/thumbs\/Back-to-the-road-2026-1-rh7amyhek18deoyhwxpezonctn63hqijte4vqsvk1s.webp\" title=\"Back to the road 2026 (1)\" alt=\"Back to the road 2026 (1)\" loading=\"lazy\" \/>\t\t\t\t\t\t\t\t\t\t\t\t\t\t\t<\/div>\n\t\t\t\t<\/div>\n\t\t\t\t<div class=\"elementor-element elementor-element-3777ca0 elementor-widget elementor-widget-text-editor\" data-id=\"3777ca0\" data-element_type=\"widget\" data-widget_type=\"text-editor.default\">\n\t\t\t\t<div class=\"elementor-widget-container\">\n\t\t\t\t\t\t\t\t\t<p><strong><span class=\"notion-enable-hover\" data-token-index=\"0\">Mantente conectado<\/span>:<\/strong> S\u00edguenos en las redes sociales y subscr\u00edbete a nuestra newsletter para mantenerte al d\u00eda.<\/p>\t\t\t\t\t\t\t\t<\/div>\n\t\t\t\t<\/div>\n\t\t\t\t\t<\/div>\n\t\t\t\t<\/div>\n\t\t\t\t<\/div>\n\t\t","protected":false},"excerpt":{"rendered":"<p>2026 marca un a\u00f1o emocionante para MAHLE SmartBike Systems, ya que regresamos a los eventos ciclistas m\u00e1s influyentes del mundo. Estas reuniones son m\u00e1s que exposiciones, son oportunidades para conectar con ciclistas, marcas y l\u00edderes de la industria, y para mostrar c\u00f3mo nuestra tecnolog\u00eda est\u00e1 dando forma al futuro de la eMovilidad. Desde Europa hasta Asia, estaremos presentes en eventos clave para compartir innovaci\u00f3n, experiencia y experiencias pr\u00e1cticas.  <\/p>\n","protected":false},"featured_media":70263,"parent":0,"menu_order":0,"template":"","news-and-events":[],"class_list":["post-70273","news-event","type-news-event","status-publish","has-post-thumbnail","hentry","news-events-category-event-es"],"acf":[],"yoast_head":"<!-- This site is optimized with the Yoast SEO plugin v27.5 - https:\/\/yoast.com\/product\/yoast-seo-wordpress\/ -->\n<title>De vuelta a la carretera: \u00a1encu\u00e9ntranos en los principales eventos ciclistas de 2026! - MAHLE SmartBike Systems<\/title>\n<meta name=\"description\" content=\"2026 marca un a\u00f1o emocionante para MAHLE SmartBike Systems, ya que regresamos a los eventos ciclistas m\u00e1s influyentes del mundo.\" \/>\n<meta name=\"robots\" content=\"index, follow, max-snippet:-1, max-image-preview:large, max-video-preview:-1\" \/>\n<link rel=\"canonical\" href=\"https:\/\/mahle-smartbike.com\/es\/content-hub\/de-vuelta-a-la-carretera-encuentranos-en-los-principales-eventos-ciclistas-de-2026\/\" \/>\n<meta property=\"og:locale\" content=\"es_ES\" \/>\n<meta property=\"og:type\" content=\"article\" \/>\n<meta property=\"og:title\" content=\"De vuelta a la carretera: \u00a1encu\u00e9ntranos en los principales eventos ciclistas de 2026! - MAHLE SmartBike Systems\" \/>\n<meta property=\"og:description\" content=\"2026 marca un a\u00f1o emocionante para MAHLE SmartBike Systems, ya que regresamos a los eventos ciclistas m\u00e1s influyentes del mundo.\" \/>\n<meta property=\"og:url\" content=\"https:\/\/mahle-smartbike.com\/es\/content-hub\/de-vuelta-a-la-carretera-encuentranos-en-los-principales-eventos-ciclistas-de-2026\/\" \/>\n<meta property=\"og:site_name\" content=\"MAHLE SmartBike Systems\" \/>\n<meta property=\"article:publisher\" content=\"https:\/\/www.facebook.com\/mahlesmartbikesystems\/\" \/>\n<meta property=\"article:modified_time\" content=\"2026-02-19T11:38:58+00:00\" \/>\n<meta property=\"og:image\" content=\"https:\/\/mahle-smartbike.com\/wp-content\/uploads\/2026\/01\/Back-to-the-road-2026.webp\" \/>\n\t<meta property=\"og:image:width\" content=\"2560\" \/>\n\t<meta property=\"og:image:height\" content=\"1707\" \/>\n\t<meta property=\"og:image:type\" content=\"image\/webp\" \/>\n<meta name=\"twitter:card\" content=\"summary_large_image\" \/>\n<meta name=\"twitter:label1\" content=\"Tiempo de lectura\" \/>\n\t<meta name=\"twitter:data1\" content=\"3 minutos\" \/>\n<script type=\"application\/ld+json\" class=\"yoast-schema-graph\">{\"@context\":\"https:\\\/\\\/schema.org\",\"@graph\":[{\"@type\":\"WebPage\",\"@id\":\"https:\\\/\\\/mahle-smartbike.com\\\/es\\\/content-hub\\\/de-vuelta-a-la-carretera-encuentranos-en-los-principales-eventos-ciclistas-de-2026\\\/\",\"url\":\"https:\\\/\\\/mahle-smartbike.com\\\/es\\\/content-hub\\\/de-vuelta-a-la-carretera-encuentranos-en-los-principales-eventos-ciclistas-de-2026\\\/\",\"name\":\"De vuelta a la carretera: \u00a1encu\u00e9ntranos en los principales eventos ciclistas de 2026! - MAHLE SmartBike Systems\",\"isPartOf\":{\"@id\":\"https:\\\/\\\/mahle-smartbike.com\\\/#website\"},\"primaryImageOfPage\":{\"@id\":\"https:\\\/\\\/mahle-smartbike.com\\\/es\\\/content-hub\\\/de-vuelta-a-la-carretera-encuentranos-en-los-principales-eventos-ciclistas-de-2026\\\/#primaryimage\"},\"image\":{\"@id\":\"https:\\\/\\\/mahle-smartbike.com\\\/es\\\/content-hub\\\/de-vuelta-a-la-carretera-encuentranos-en-los-principales-eventos-ciclistas-de-2026\\\/#primaryimage\"},\"thumbnailUrl\":\"https:\\\/\\\/mahle-smartbike.com\\\/wp-content\\\/uploads\\\/2026\\\/01\\\/Back-to-the-road-2026.webp\",\"datePublished\":\"2026-01-05T10:28:58+00:00\",\"dateModified\":\"2026-02-19T11:38:58+00:00\",\"description\":\"2026 marca un a\u00f1o emocionante para MAHLE SmartBike Systems, ya que regresamos a los eventos ciclistas m\u00e1s influyentes del mundo.\",\"breadcrumb\":{\"@id\":\"https:\\\/\\\/mahle-smartbike.com\\\/es\\\/content-hub\\\/de-vuelta-a-la-carretera-encuentranos-en-los-principales-eventos-ciclistas-de-2026\\\/#breadcrumb\"},\"inLanguage\":\"es\",\"potentialAction\":[{\"@type\":\"ReadAction\",\"target\":[\"https:\\\/\\\/mahle-smartbike.com\\\/es\\\/content-hub\\\/de-vuelta-a-la-carretera-encuentranos-en-los-principales-eventos-ciclistas-de-2026\\\/\"]}]},{\"@type\":\"ImageObject\",\"inLanguage\":\"es\",\"@id\":\"https:\\\/\\\/mahle-smartbike.com\\\/es\\\/content-hub\\\/de-vuelta-a-la-carretera-encuentranos-en-los-principales-eventos-ciclistas-de-2026\\\/#primaryimage\",\"url\":\"https:\\\/\\\/mahle-smartbike.com\\\/wp-content\\\/uploads\\\/2026\\\/01\\\/Back-to-the-road-2026.webp\",\"contentUrl\":\"https:\\\/\\\/mahle-smartbike.com\\\/wp-content\\\/uploads\\\/2026\\\/01\\\/Back-to-the-road-2026.webp\",\"width\":2560,\"height\":1707},{\"@type\":\"BreadcrumbList\",\"@id\":\"https:\\\/\\\/mahle-smartbike.com\\\/es\\\/content-hub\\\/de-vuelta-a-la-carretera-encuentranos-en-los-principales-eventos-ciclistas-de-2026\\\/#breadcrumb\",\"itemListElement\":[{\"@type\":\"ListItem\",\"position\":1,\"name\":\"News & Events\",\"item\":\"https:\\\/\\\/mahle-smartbike.com\\\/es\\\/content-hub\\\/\"},{\"@type\":\"ListItem\",\"position\":2,\"name\":\"De vuelta a la carretera: \u00a1encu\u00e9ntranos en los principales eventos ciclistas de 2026!\"}]},{\"@type\":\"WebSite\",\"@id\":\"https:\\\/\\\/mahle-smartbike.com\\\/#website\",\"url\":\"https:\\\/\\\/mahle-smartbike.com\\\/\",\"name\":\"MAHLE SmartBike Systems\",\"description\":\"The lightest ebike systems on the market\",\"publisher\":{\"@id\":\"https:\\\/\\\/mahle-smartbike.com\\\/#organization\"},\"potentialAction\":[{\"@type\":\"SearchAction\",\"target\":{\"@type\":\"EntryPoint\",\"urlTemplate\":\"https:\\\/\\\/mahle-smartbike.com\\\/?s={search_term_string}\"},\"query-input\":{\"@type\":\"PropertyValueSpecification\",\"valueRequired\":true,\"valueName\":\"search_term_string\"}}],\"inLanguage\":\"es\"},{\"@type\":\"Organization\",\"@id\":\"https:\\\/\\\/mahle-smartbike.com\\\/#organization\",\"name\":\"MAHLE SmartBike Systems\",\"url\":\"https:\\\/\\\/mahle-smartbike.com\\\/\",\"logo\":{\"@type\":\"ImageObject\",\"inLanguage\":\"es\",\"@id\":\"https:\\\/\\\/mahle-smartbike.com\\\/#\\\/schema\\\/logo\\\/image\\\/\",\"url\":\"https:\\\/\\\/mahle-smartbike.com\\\/wp-content\\\/uploads\\\/2024\\\/05\\\/MAHLE-SmartBike-Systems-Logo-1-1.jpg\",\"contentUrl\":\"https:\\\/\\\/mahle-smartbike.com\\\/wp-content\\\/uploads\\\/2024\\\/05\\\/MAHLE-SmartBike-Systems-Logo-1-1.jpg\",\"width\":1920,\"height\":1920,\"caption\":\"MAHLE SmartBike Systems\"},\"image\":{\"@id\":\"https:\\\/\\\/mahle-smartbike.com\\\/#\\\/schema\\\/logo\\\/image\\\/\"},\"sameAs\":[\"https:\\\/\\\/www.facebook.com\\\/mahlesmartbikesystems\\\/\",\"https:\\\/\\\/www.instagram.com\\\/mahle_smartbikesystems\\\/\",\"https:\\\/\\\/www.linkedin.com\\\/company\\\/mahlesmartbikesystems\\\/\",\"https:\\\/\\\/www.youtube.com\\\/channel\\\/UCgfNyF-Wtgq0WTlzsV8bDmQ\",\"https:\\\/\\\/www.strava.com\\\/clubs\\\/mahle\",\"https:\\\/\\\/www.tiktok.com\\\/@mahlesmartbikesystems\"]}]}<\/script>\n<!-- \/ Yoast SEO plugin. -->","yoast_head_json":{"title":"De vuelta a la carretera: \u00a1encu\u00e9ntranos en los principales eventos ciclistas de 2026! - MAHLE SmartBike Systems","description":"2026 marca un a\u00f1o emocionante para MAHLE SmartBike Systems, ya que regresamos a los eventos ciclistas m\u00e1s influyentes del mundo.","robots":{"index":"index","follow":"follow","max-snippet":"max-snippet:-1","max-image-preview":"max-image-preview:large","max-video-preview":"max-video-preview:-1"},"canonical":"https:\/\/mahle-smartbike.com\/es\/content-hub\/de-vuelta-a-la-carretera-encuentranos-en-los-principales-eventos-ciclistas-de-2026\/","og_locale":"es_ES","og_type":"article","og_title":"De vuelta a la carretera: \u00a1encu\u00e9ntranos en los principales eventos ciclistas de 2026! - MAHLE SmartBike Systems","og_description":"2026 marca un a\u00f1o emocionante para MAHLE SmartBike Systems, ya que regresamos a los eventos ciclistas m\u00e1s influyentes del mundo.","og_url":"https:\/\/mahle-smartbike.com\/es\/content-hub\/de-vuelta-a-la-carretera-encuentranos-en-los-principales-eventos-ciclistas-de-2026\/","og_site_name":"MAHLE SmartBike Systems","article_publisher":"https:\/\/www.facebook.com\/mahlesmartbikesystems\/","article_modified_time":"2026-02-19T11:38:58+00:00","og_image":[{"width":2560,"height":1707,"url":"https:\/\/mahle-smartbike.com\/wp-content\/uploads\/2026\/01\/Back-to-the-road-2026.webp","type":"image\/webp"}],"twitter_card":"summary_large_image","twitter_misc":{"Tiempo de lectura":"3 minutos"},"schema":{"@context":"https:\/\/schema.org","@graph":[{"@type":"WebPage","@id":"https:\/\/mahle-smartbike.com\/es\/content-hub\/de-vuelta-a-la-carretera-encuentranos-en-los-principales-eventos-ciclistas-de-2026\/","url":"https:\/\/mahle-smartbike.com\/es\/content-hub\/de-vuelta-a-la-carretera-encuentranos-en-los-principales-eventos-ciclistas-de-2026\/","name":"De vuelta a la carretera: \u00a1encu\u00e9ntranos en los principales eventos ciclistas de 2026! - MAHLE SmartBike Systems","isPartOf":{"@id":"https:\/\/mahle-smartbike.com\/#website"},"primaryImageOfPage":{"@id":"https:\/\/mahle-smartbike.com\/es\/content-hub\/de-vuelta-a-la-carretera-encuentranos-en-los-principales-eventos-ciclistas-de-2026\/#primaryimage"},"image":{"@id":"https:\/\/mahle-smartbike.com\/es\/content-hub\/de-vuelta-a-la-carretera-encuentranos-en-los-principales-eventos-ciclistas-de-2026\/#primaryimage"},"thumbnailUrl":"https:\/\/mahle-smartbike.com\/wp-content\/uploads\/2026\/01\/Back-to-the-road-2026.webp","datePublished":"2026-01-05T10:28:58+00:00","dateModified":"2026-02-19T11:38:58+00:00","description":"2026 marca un a\u00f1o emocionante para MAHLE SmartBike Systems, ya que regresamos a los eventos ciclistas m\u00e1s influyentes del mundo.","breadcrumb":{"@id":"https:\/\/mahle-smartbike.com\/es\/content-hub\/de-vuelta-a-la-carretera-encuentranos-en-los-principales-eventos-ciclistas-de-2026\/#breadcrumb"},"inLanguage":"es","potentialAction":[{"@type":"ReadAction","target":["https:\/\/mahle-smartbike.com\/es\/content-hub\/de-vuelta-a-la-carretera-encuentranos-en-los-principales-eventos-ciclistas-de-2026\/"]}]},{"@type":"ImageObject","inLanguage":"es","@id":"https:\/\/mahle-smartbike.com\/es\/content-hub\/de-vuelta-a-la-carretera-encuentranos-en-los-principales-eventos-ciclistas-de-2026\/#primaryimage","url":"https:\/\/mahle-smartbike.com\/wp-content\/uploads\/2026\/01\/Back-to-the-road-2026.webp","contentUrl":"https:\/\/mahle-smartbike.com\/wp-content\/uploads\/2026\/01\/Back-to-the-road-2026.webp","width":2560,"height":1707},{"@type":"BreadcrumbList","@id":"https:\/\/mahle-smartbike.com\/es\/content-hub\/de-vuelta-a-la-carretera-encuentranos-en-los-principales-eventos-ciclistas-de-2026\/#breadcrumb","itemListElement":[{"@type":"ListItem","position":1,"name":"News & Events","item":"https:\/\/mahle-smartbike.com\/es\/content-hub\/"},{"@type":"ListItem","position":2,"name":"De vuelta a la carretera: \u00a1encu\u00e9ntranos en los principales eventos ciclistas de 2026!"}]},{"@type":"WebSite","@id":"https:\/\/mahle-smartbike.com\/#website","url":"https:\/\/mahle-smartbike.com\/","name":"MAHLE SmartBike Systems","description":"The lightest ebike systems on the market","publisher":{"@id":"https:\/\/mahle-smartbike.com\/#organization"},"potentialAction":[{"@type":"SearchAction","target":{"@type":"EntryPoint","urlTemplate":"https:\/\/mahle-smartbike.com\/?s={search_term_string}"},"query-input":{"@type":"PropertyValueSpecification","valueRequired":true,"valueName":"search_term_string"}}],"inLanguage":"es"},{"@type":"Organization","@id":"https:\/\/mahle-smartbike.com\/#organization","name":"MAHLE SmartBike Systems","url":"https:\/\/mahle-smartbike.com\/","logo":{"@type":"ImageObject","inLanguage":"es","@id":"https:\/\/mahle-smartbike.com\/#\/schema\/logo\/image\/","url":"https:\/\/mahle-smartbike.com\/wp-content\/uploads\/2024\/05\/MAHLE-SmartBike-Systems-Logo-1-1.jpg","contentUrl":"https:\/\/mahle-smartbike.com\/wp-content\/uploads\/2024\/05\/MAHLE-SmartBike-Systems-Logo-1-1.jpg","width":1920,"height":1920,"caption":"MAHLE SmartBike Systems"},"image":{"@id":"https:\/\/mahle-smartbike.com\/#\/schema\/logo\/image\/"},"sameAs":["https:\/\/www.facebook.com\/mahlesmartbikesystems\/","https:\/\/www.instagram.com\/mahle_smartbikesystems\/","https:\/\/www.linkedin.com\/company\/mahlesmartbikesystems\/","https:\/\/www.youtube.com\/channel\/UCgfNyF-Wtgq0WTlzsV8bDmQ","https:\/\/www.strava.com\/clubs\/mahle","https:\/\/www.tiktok.com\/@mahlesmartbikesystems"]}]}},"_links":{"self":[{"href":"https:\/\/mahle-smartbike.com\/es\/wp-json\/wp\/v2\/news-events\/70273","targetHints":{"allow":["GET"]}}],"collection":[{"href":"https:\/\/mahle-smartbike.com\/es\/wp-json\/wp\/v2\/news-events"}],"about":[{"href":"https:\/\/mahle-smartbike.com\/es\/wp-json\/wp\/v2\/types\/news-event"}],"version-history":[{"count":8,"href":"https:\/\/mahle-smartbike.com\/es\/wp-json\/wp\/v2\/news-events\/70273\/revisions"}],"predecessor-version":[{"id":73917,"href":"https:\/\/mahle-smartbike.com\/es\/wp-json\/wp\/v2\/news-events\/70273\/revisions\/73917"}],"wp:featuredmedia":[{"embeddable":true,"href":"https:\/\/mahle-smartbike.com\/es\/wp-json\/wp\/v2\/media\/70263"}],"wp:attachment":[{"href":"https:\/\/mahle-smartbike.com\/es\/wp-json\/wp\/v2\/media?parent=70273"}],"wp:term":[{"taxonomy":"news-and-events","embeddable":true,"href":"https:\/\/mahle-smartbike.com\/es\/wp-json\/wp\/v2\/news-and-events?post=70273"}],"curies":[{"name":"wp","href":"https:\/\/api.w.org\/{rel}","templated":true}]}}