{"id":30275,"date":"2023-06-06T10:39:32","date_gmt":"2023-06-06T10:39:32","guid":{"rendered":"https:\/\/mahle-smartbike.com\/news-event\/prsentation-des-innovations-en-matire-debike-leurobike-2023\/"},"modified":"2024-03-10T20:35:22","modified_gmt":"2024-03-10T20:35:22","slug":"prsentation-des-innovations-en-matire-debike-leurobike-2023","status":"publish","type":"news-event","link":"https:\/\/mahle-smartbike.com\/fr\/content-hub\/prsentation-des-innovations-en-matire-debike-leurobike-2023\/","title":{"rendered":"Pr&eacute;sentation des innovations en mati&egrave;re d&rsquo;eBike &agrave; l&rsquo;Eurobike&nbsp;2023"},"content":{"rendered":"\t\t<div data-elementor-type=\"wp-post\" data-elementor-id=\"30275\" class=\"elementor elementor-30275 elementor-21461\" data-elementor-post-type=\"news-event\">\n\t\t\t\t\t\t<section class=\"elementor-section elementor-top-section elementor-element elementor-element-165e2493 elementor-section-full_width sticky-inner-header elementor-section-height-min-height elementor-section-height-default elementor-section-items-middle\" data-id=\"165e2493\" data-element_type=\"section\" data-settings=\"{&quot;background_background&quot;:&quot;classic&quot;,&quot;sticky&quot;:&quot;top&quot;,&quot;sticky_offset&quot;:72,&quot;sticky_on&quot;:[&quot;widescreen&quot;,&quot;desktop&quot;,&quot;tablet&quot;,&quot;mobile_extra&quot;,&quot;mobile&quot;],&quot;sticky_effects_offset&quot;:0,&quot;sticky_anchor_link_offset&quot;:0}\">\n\t\t\t\t\t\t<div class=\"elementor-container elementor-column-gap-default\">\n\t\t\t\t\t<div class=\"elementor-column elementor-col-100 elementor-top-column elementor-element elementor-element-30262c6\" data-id=\"30262c6\" data-element_type=\"column\">\n\t\t\t<div class=\"elementor-widget-wrap elementor-element-populated\">\n\t\t\t\t\t\t<section class=\"elementor-section elementor-inner-section elementor-element elementor-element-18424cef elementor-section-content-middle elementor-section-boxed elementor-section-height-default elementor-section-height-default\" data-id=\"18424cef\" data-element_type=\"section\">\n\t\t\t\t\t\t<div class=\"elementor-container elementor-column-gap-default\">\n\t\t\t\t\t<div class=\"elementor-column elementor-col-100 elementor-inner-column elementor-element elementor-element-2cb48e52\" data-id=\"2cb48e52\" data-element_type=\"column\">\n\t\t\t<div class=\"elementor-widget-wrap elementor-element-populated\">\n\t\t\t\t\t\t<div class=\"elementor-element elementor-element-7cccddd8 elementor-widget elementor-widget-heading\" data-id=\"7cccddd8\" data-element_type=\"widget\" data-widget_type=\"heading.default\">\n\t\t\t\t<div class=\"elementor-widget-container\">\n\t\t\t\t\t<h3 class=\"elementor-heading-title elementor-size-default\">Pr&eacute;sentation des innovations en mati&egrave;re d&rsquo;eBike &agrave; l&rsquo;Eurobike&nbsp;2023<\/h3>\t\t\t\t<\/div>\n\t\t\t\t<\/div>\n\t\t\t\t\t<\/div>\n\t\t<\/div>\n\t\t\t\t\t<\/div>\n\t\t<\/section>\n\t\t\t\t\t<\/div>\n\t\t<\/div>\n\t\t\t\t\t<\/div>\n\t\t<\/section>\n\t\t\t\t<section class=\"elementor-section elementor-top-section elementor-element elementor-element-7d5e62ec elementor-section-full_width elementor-section-height-min-height inner-page-hero-section elementor-section-items-stretch elementor-section-height-default\" data-id=\"7d5e62ec\" data-element_type=\"section\" data-settings=\"{&quot;background_background&quot;:&quot;video&quot;,&quot;background_play_on_mobile&quot;:&quot;yes&quot;}\">\n\t\t\t\t\t\t\t<div class=\"elementor-background-overlay\"><\/div>\n\t\t\t\t\t\t\t<div class=\"elementor-container elementor-column-gap-default\">\n\t\t\t\t\t<div class=\"elementor-column elementor-col-100 elementor-top-column elementor-element elementor-element-a21e2a7\" data-id=\"a21e2a7\" data-element_type=\"column\">\n\t\t\t<div class=\"elementor-widget-wrap\">\n\t\t\t\t\t\t\t<\/div>\n\t\t<\/div>\n\t\t\t\t\t<\/div>\n\t\t<\/section>\n\t\t\t\t<section class=\"elementor-section elementor-top-section elementor-element elementor-element-b8b67bf elementor-section-boxed elementor-section-height-default elementor-section-height-default\" data-id=\"b8b67bf\" data-element_type=\"section\">\n\t\t\t\t\t\t<div class=\"elementor-container elementor-column-gap-default\">\n\t\t\t\t\t<div class=\"elementor-column elementor-col-100 elementor-top-column elementor-element elementor-element-4761fef elementor-invisible\" data-id=\"4761fef\" data-element_type=\"column\" data-settings=\"{&quot;animation&quot;:&quot;fadeInUp&quot;}\">\n\t\t\t<div class=\"elementor-widget-wrap elementor-element-populated\">\n\t\t\t\t\t\t<div class=\"elementor-element elementor-element-667d6992 elementor-widget elementor-widget-text-editor\" data-id=\"667d6992\" data-element_type=\"widget\" data-widget_type=\"text-editor.default\">\n\t\t\t\t<div class=\"elementor-widget-container\">\n\t\t\t\t\t\t\t\t\t<p>Nous allons pr&eacute;senter en exclusivit&eacute; les toutes derni&egrave;res int&eacute;grations et technologies &agrave; l&rsquo;occasion du salon commercial du v&eacute;lo le plus important au monde, qui se tiendra &agrave; Francfort du 21 au 25&nbsp;juin. Soyez parmi les premiers &agrave; d&eacute;couvrir ces innovations r&eacute;volutionnaires en visitant notre stand&nbsp;!<\/p>\n\t\t\t\t\t\t\t\t<\/div>\n\t\t\t\t<\/div>\n\t\t\t\t\t<\/div>\n\t\t<\/div>\n\t\t\t\t\t<\/div>\n\t\t<\/section>\n\t\t\t\t<section class=\"elementor-section elementor-top-section elementor-element elementor-element-10bb65eb elementor-section-boxed elementor-section-height-default elementor-section-height-default\" data-id=\"10bb65eb\" data-element_type=\"section\" id=\"web-app\">\n\t\t\t\t\t\t<div class=\"elementor-container elementor-column-gap-default\">\n\t\t\t\t\t<div class=\"elementor-column elementor-col-100 elementor-top-column elementor-element elementor-element-5f940124\" data-id=\"5f940124\" data-element_type=\"column\">\n\t\t\t<div class=\"elementor-widget-wrap elementor-element-populated\">\n\t\t\t\t\t\t<section class=\"elementor-section elementor-inner-section elementor-element elementor-element-343f0c03 elementor-section-content-middle elementor-section-boxed elementor-section-height-default elementor-section-height-default\" data-id=\"343f0c03\" data-element_type=\"section\">\n\t\t\t\t\t\t<div class=\"elementor-container elementor-column-gap-default\">\n\t\t\t\t\t<div class=\"elementor-column elementor-col-50 elementor-inner-column elementor-element elementor-element-6462e0de\" data-id=\"6462e0de\" data-element_type=\"column\">\n\t\t\t<div class=\"elementor-widget-wrap elementor-element-populated\">\n\t\t\t\t\t\t<div class=\"elementor-element elementor-element-3372e8cc elementor-invisible elementor-widget elementor-widget-heading\" data-id=\"3372e8cc\" data-element_type=\"widget\" data-settings=\"{&quot;_animation&quot;:&quot;fadeInUp&quot;}\" data-widget_type=\"heading.default\">\n\t\t\t\t<div class=\"elementor-widget-container\">\n\t\t\t\t\t<h4 class=\"elementor-heading-title elementor-size-default\">D&eacute;couvrez le syst&egrave;me&nbsp;X20, le syst&egrave;me pour eBike le plus l&eacute;ger du marche<\/h4>\t\t\t\t<\/div>\n\t\t\t\t<\/div>\n\t\t\t\t<div class=\"elementor-element elementor-element-4c52decd elementor-invisible elementor-widget elementor-widget-text-editor\" data-id=\"4c52decd\" data-element_type=\"widget\" data-settings=\"{&quot;_animation&quot;:&quot;fadeInUp&quot;}\" data-widget_type=\"text-editor.default\">\n\t\t\t\t<div class=\"elementor-widget-container\">\n\t\t\t\t\t\t\t\t\t<p>D&eacute;couvrez les performances incomparables de notre syst&egrave;me&nbsp;X20, r&eacute;cemment r&eacute;compens&eacute; au Design &amp; Innovation Award&nbsp;2023, le syst&egrave;me pour eBike le plus l&eacute;ger du march&eacute;. <strong>Avec un poids de seulement 3,2&nbsp;kg et une puissance de couple impressionnante de 55&nbsp;Nm<\/strong>, il vous offrira une exp&eacute;rience de conduite in&eacute;dite. Profitez-en &eacute;galement pour d&eacute;couvrir notre syst&egrave;me&nbsp;X35 polyvalent.<\/p>\n\t\t\t\t\t\t\t\t<\/div>\n\t\t\t\t<\/div>\n\t\t\t\t\t<\/div>\n\t\t<\/div>\n\t\t\t\t<div class=\"elementor-column elementor-col-50 elementor-inner-column elementor-element elementor-element-44f57888\" data-id=\"44f57888\" data-element_type=\"column\">\n\t\t\t<div class=\"elementor-widget-wrap elementor-element-populated\">\n\t\t\t\t\t\t<div class=\"elementor-element elementor-element-76bbf192 elementor-invisible elementor-widget elementor-widget-image\" data-id=\"76bbf192\" data-element_type=\"widget\" data-settings=\"{&quot;_animation&quot;:&quot;fadeInUp&quot;}\" data-widget_type=\"image.default\">\n\t\t\t\t<div class=\"elementor-widget-container\">\n\t\t\t\t\t\t\t\t\t\t\t\t\t\t\t\t<a href=\"https:\/\/mahle-smartbike.com\/wp-content\/uploads\/2023\/06\/DI.A2023_Mahle_X20_System-3-scaled-1.jpg\" data-elementor-open-lightbox=\"yes\" data-elementor-lightbox-title=\"MAHLE X20 Sysem\" data-elementor-lightbox-description=\"MAHLE X20 Sysem\" data-e-action-hash=\"#elementor-action%3Aaction%3Dlightbox%26settings%3DeyJpZCI6MjEyNTUsInVybCI6Imh0dHBzOlwvXC9tYWhsZS1zbWFydGJpa2UuY29tXC93cC1jb250ZW50XC91cGxvYWRzXC8yMDIzXC8wNlwvREkuQTIwMjNfTWFobGVfWDIwX1N5c3RlbS0zLXNjYWxlZC0xLmpwZyJ9\">\n\t\t\t\t\t\t\t<img fetchpriority=\"high\" decoding=\"async\" width=\"2560\" height=\"1708\" src=\"https:\/\/mahle-smartbike.com\/wp-content\/uploads\/2023\/06\/DI.A2023_Mahle_X20_System-3-scaled-1.jpg\" class=\"attachment-full size-full wp-image-21255\" alt=\"MAHLE X20 Sysem\" srcset=\"https:\/\/mahle-smartbike.com\/wp-content\/uploads\/2023\/06\/DI.A2023_Mahle_X20_System-3-scaled-1.jpg 2560w, https:\/\/mahle-smartbike.com\/wp-content\/uploads\/2023\/06\/DI.A2023_Mahle_X20_System-3-scaled-1-300x200.jpg 300w, https:\/\/mahle-smartbike.com\/wp-content\/uploads\/2023\/06\/DI.A2023_Mahle_X20_System-3-scaled-1-1024x683.jpg 1024w, https:\/\/mahle-smartbike.com\/wp-content\/uploads\/2023\/06\/DI.A2023_Mahle_X20_System-3-scaled-1-768x512.jpg 768w, https:\/\/mahle-smartbike.com\/wp-content\/uploads\/2023\/06\/DI.A2023_Mahle_X20_System-3-scaled-1-1536x1025.jpg 1536w, https:\/\/mahle-smartbike.com\/wp-content\/uploads\/2023\/06\/DI.A2023_Mahle_X20_System-3-scaled-1-2048x1366.jpg 2048w\" sizes=\"(max-width: 2560px) 100vw, 2560px\" \/>\t\t\t\t\t\t\t\t<\/a>\n\t\t\t\t\t\t\t\t\t\t\t\t\t\t\t<\/div>\n\t\t\t\t<\/div>\n\t\t\t\t\t<\/div>\n\t\t<\/div>\n\t\t\t\t\t<\/div>\n\t\t<\/section>\n\t\t\t\t\t<\/div>\n\t\t<\/div>\n\t\t\t\t\t<\/div>\n\t\t<\/section>\n\t\t\t\t<section class=\"elementor-section elementor-top-section elementor-element elementor-element-a18fe42 elementor-section-boxed elementor-section-height-default elementor-section-height-default\" data-id=\"a18fe42\" data-element_type=\"section\" id=\"application\">\n\t\t\t\t\t\t<div class=\"elementor-container elementor-column-gap-default\">\n\t\t\t\t\t<div class=\"elementor-column elementor-col-100 elementor-top-column elementor-element elementor-element-18a456f9\" data-id=\"18a456f9\" data-element_type=\"column\">\n\t\t\t<div class=\"elementor-widget-wrap elementor-element-populated\">\n\t\t\t\t\t\t<section class=\"elementor-section elementor-inner-section elementor-element elementor-element-790f1740 elementor-section-content-middle elementor-reverse-mobile_extra elementor-reverse-mobile elementor-section-boxed elementor-section-height-default elementor-section-height-default\" data-id=\"790f1740\" data-element_type=\"section\">\n\t\t\t\t\t\t<div class=\"elementor-container elementor-column-gap-default\">\n\t\t\t\t\t<div class=\"elementor-column elementor-col-50 elementor-inner-column elementor-element elementor-element-7610a74e\" data-id=\"7610a74e\" data-element_type=\"column\">\n\t\t\t<div class=\"elementor-widget-wrap elementor-element-populated\">\n\t\t\t\t\t\t<div class=\"elementor-element elementor-element-3c0b74aa elementor-invisible elementor-widget elementor-widget-image\" data-id=\"3c0b74aa\" data-element_type=\"widget\" data-settings=\"{&quot;_animation&quot;:&quot;fadeInUp&quot;}\" data-widget_type=\"image.default\">\n\t\t\t\t<div class=\"elementor-widget-container\">\n\t\t\t\t\t\t\t\t\t\t\t\t\t\t\t\t<a href=\"https:\/\/mahle-smartbike.com\/wp-content\/uploads\/2023\/06\/DSC3290-scaled.jpg\" data-elementor-open-lightbox=\"yes\" data-elementor-lightbox-title=\"MAHLE eBikes Eurobike\" data-e-action-hash=\"#elementor-action%3Aaction%3Dlightbox%26settings%3DeyJpZCI6MzAyNzgsInVybCI6Imh0dHBzOlwvXC9tYWhsZS1zbWFydGJpa2UuY29tXC93cC1jb250ZW50XC91cGxvYWRzXC8yMDIzXC8wNlwvRFNDMzI5MC1zY2FsZWQuanBnIn0%3D\">\n\t\t\t\t\t\t\t<img decoding=\"async\" width=\"2560\" height=\"1707\" src=\"https:\/\/mahle-smartbike.com\/wp-content\/uploads\/2023\/06\/DSC3290-scaled.jpg\" class=\"attachment-full size-full wp-image-30278\" alt=\"\" srcset=\"https:\/\/mahle-smartbike.com\/wp-content\/uploads\/2023\/06\/DSC3290-scaled.jpg 2560w, https:\/\/mahle-smartbike.com\/wp-content\/uploads\/2023\/06\/DSC3290-300x200.jpg 300w, https:\/\/mahle-smartbike.com\/wp-content\/uploads\/2023\/06\/DSC3290-1024x683.jpg 1024w, https:\/\/mahle-smartbike.com\/wp-content\/uploads\/2023\/06\/DSC3290-768x512.jpg 768w, https:\/\/mahle-smartbike.com\/wp-content\/uploads\/2023\/06\/DSC3290-1536x1024.jpg 1536w, https:\/\/mahle-smartbike.com\/wp-content\/uploads\/2023\/06\/DSC3290-2048x1365.jpg 2048w\" sizes=\"(max-width: 2560px) 100vw, 2560px\" \/>\t\t\t\t\t\t\t\t<\/a>\n\t\t\t\t\t\t\t\t\t\t\t\t\t\t\t<\/div>\n\t\t\t\t<\/div>\n\t\t\t\t\t<\/div>\n\t\t<\/div>\n\t\t\t\t<div class=\"elementor-column elementor-col-50 elementor-inner-column elementor-element elementor-element-1963bfbb\" data-id=\"1963bfbb\" data-element_type=\"column\">\n\t\t\t<div class=\"elementor-widget-wrap elementor-element-populated\">\n\t\t\t\t\t\t<div class=\"elementor-element elementor-element-12fea36e elementor-invisible elementor-widget elementor-widget-heading\" data-id=\"12fea36e\" data-element_type=\"widget\" data-settings=\"{&quot;_animation&quot;:&quot;fadeInUp&quot;}\" data-widget_type=\"heading.default\">\n\t\t\t\t<div class=\"elementor-widget-container\">\n\t\t\t\t\t<h4 class=\"elementor-heading-title elementor-size-default\">Des nouvelles technologies pour une exp&eacute;rience sans pr&eacute;c&eacute;dent<\/h4>\t\t\t\t<\/div>\n\t\t\t\t<\/div>\n\t\t\t\t<div class=\"elementor-element elementor-element-7983bb48 elementor-invisible elementor-widget elementor-widget-text-editor\" data-id=\"7983bb48\" data-element_type=\"widget\" data-settings=\"{&quot;_animation&quot;:&quot;fadeInUp&quot;}\" data-widget_type=\"text-editor.default\">\n\t\t\t\t<div class=\"elementor-widget-container\">\n\t\t\t\t\t\t\t\t\t<p>&Agrave; l&rsquo;occasion de cet &eacute;v&egrave;nement, nous pr&eacute;senterons de nouvelles int&eacute;grations et des technologies exclusives.&nbsp;<span style=\"color: var( --e-global-color-text );\">D&eacute;couvrez en avant-premi&egrave;re ces innovations r&eacute;volutionnaires en visitant notre stand et apprenez-en davantage sur l&rsquo;avenir de l&rsquo;industrie du v&eacute;lo &eacute;lectrique gr&acirc;ce &agrave; MAHLE.&nbsp;<\/span><\/p>\n\t\t\t\t\t\t\t\t<\/div>\n\t\t\t\t<\/div>\n\t\t\t\t\t<\/div>\n\t\t<\/div>\n\t\t\t\t\t<\/div>\n\t\t<\/section>\n\t\t\t\t\t<\/div>\n\t\t<\/div>\n\t\t\t\t\t<\/div>\n\t\t<\/section>\n\t\t\t\t<section class=\"elementor-section elementor-top-section elementor-element elementor-element-1a2ed2c elementor-section-boxed elementor-section-height-default elementor-section-height-default\" data-id=\"1a2ed2c\" data-element_type=\"section\">\n\t\t\t\t\t\t<div class=\"elementor-container elementor-column-gap-default\">\n\t\t\t\t\t<div class=\"elementor-column elementor-col-100 elementor-top-column elementor-element elementor-element-76fa1eb\" data-id=\"76fa1eb\" data-element_type=\"column\">\n\t\t\t<div class=\"elementor-widget-wrap elementor-element-populated\">\n\t\t\t\t\t\t<section class=\"elementor-section elementor-inner-section elementor-element elementor-element-3a74eca elementor-section-content-middle elementor-section-boxed elementor-section-height-default elementor-section-height-default\" data-id=\"3a74eca\" data-element_type=\"section\">\n\t\t\t\t\t\t<div class=\"elementor-container elementor-column-gap-default\">\n\t\t\t\t\t<div class=\"elementor-column elementor-col-50 elementor-inner-column elementor-element elementor-element-ea4dad4\" data-id=\"ea4dad4\" data-element_type=\"column\">\n\t\t\t<div class=\"elementor-widget-wrap elementor-element-populated\">\n\t\t\t\t\t\t<div class=\"elementor-element elementor-element-e167026 elementor-invisible elementor-widget elementor-widget-heading\" data-id=\"e167026\" data-element_type=\"widget\" data-settings=\"{&quot;_animation&quot;:&quot;fadeInUp&quot;}\" data-widget_type=\"heading.default\">\n\t\t\t\t<div class=\"elementor-widget-container\">\n\t\t\t\t\t<h4 class=\"elementor-heading-title elementor-size-default\">L&rsquo;avenir de l&rsquo;eBike est entre vos mains<\/h4>\t\t\t\t<\/div>\n\t\t\t\t<\/div>\n\t\t\t\t<div class=\"elementor-element elementor-element-754f78f elementor-invisible elementor-widget elementor-widget-text-editor\" data-id=\"754f78f\" data-element_type=\"widget\" data-settings=\"{&quot;_animation&quot;:&quot;fadeInUp&quot;}\" data-widget_type=\"text-editor.default\">\n\t\t\t\t<div class=\"elementor-widget-container\">\n\t\t\t\t\t\t\t\t\t<p class=\"MsoNormal\"><span lang=\"EN-US\" style=\"font-size: 13.5pt; line-height: 107%; font-family: Arial, sans-serif; background-image: initial; background-position: initial; background-size: initial; background-repeat: initial; background-attachment: initial; background-origin: initial; background-clip: initial;\"><span style=\"font-family: Roboto, sans-serif;\">Nous serons pr&eacute;sents &agrave; l&rsquo;Eurobike pour t&eacute;moigner de notre engagement &agrave; vouloir r&eacute;volutionner l&rsquo;industrie du eBike. Nous sommes ravis de vous pr&eacute;senter notre technologie de pointe et d&rsquo;avoir l&rsquo;opportunit&eacute; de faire &eacute;voluer les mentalit&eacute;s concernant les eBike, la durabilit&eacute; et l&rsquo;innovation.<\/span><\/span><\/p>\n<p>Parce que nous partageons la m&ecirc;me passion, nous esp&eacute;rons vous voir &agrave; notre <strong>stand principal situ&eacute; dans le hall&nbsp;8, stand&nbsp;H14, et dans notre espace de d&eacute;mo interactive install&eacute; en plein air, &agrave; l&rsquo;emplacement&nbsp;F12.0, stand&nbsp;F28<\/strong>.&nbsp;<span style=\"color: var( --e-global-color-text );\">Nous avons h&acirc;te de vous rencontrer &agrave; l&rsquo;Eurobike et de r&eacute;volutionner votre exp&eacute;rience de conduite.<\/span><\/p>\n\t\t\t\t\t\t\t\t<\/div>\n\t\t\t\t<\/div>\n\t\t\t\t\t<\/div>\n\t\t<\/div>\n\t\t\t\t<div class=\"elementor-column elementor-col-50 elementor-inner-column elementor-element elementor-element-5ab6039\" data-id=\"5ab6039\" data-element_type=\"column\">\n\t\t\t<div class=\"elementor-widget-wrap elementor-element-populated\">\n\t\t\t\t\t\t<div class=\"elementor-element elementor-element-9422af7 elementor-invisible elementor-widget elementor-widget-image\" data-id=\"9422af7\" data-element_type=\"widget\" data-settings=\"{&quot;_animation&quot;:&quot;fadeInUp&quot;}\" data-widget_type=\"image.default\">\n\t\t\t\t<div class=\"elementor-widget-container\">\n\t\t\t\t\t\t\t\t\t\t\t\t\t\t\t\t<a href=\"https:\/\/mahle-smartbike.com\/wp-content\/uploads\/2023\/06\/DSC3852-scaled.jpg\" data-elementor-open-lightbox=\"yes\" data-elementor-lightbox-title=\"MAHLE booth\" data-elementor-lightbox-description=\"MAHLE booth\" data-e-action-hash=\"#elementor-action%3Aaction%3Dlightbox%26settings%3DeyJpZCI6MzAyNzYsInVybCI6Imh0dHBzOlwvXC9tYWhsZS1zbWFydGJpa2UuY29tXC93cC1jb250ZW50XC91cGxvYWRzXC8yMDIzXC8wNlwvRFNDMzg1Mi1zY2FsZWQuanBnIn0%3D\">\n\t\t\t\t\t\t\t<img decoding=\"async\" width=\"2560\" height=\"1707\" src=\"https:\/\/mahle-smartbike.com\/wp-content\/uploads\/2023\/06\/DSC3852-scaled.jpg\" class=\"attachment-full size-full wp-image-30276\" alt=\"\" srcset=\"https:\/\/mahle-smartbike.com\/wp-content\/uploads\/2023\/06\/DSC3852-scaled.jpg 2560w, https:\/\/mahle-smartbike.com\/wp-content\/uploads\/2023\/06\/DSC3852-300x200.jpg 300w, https:\/\/mahle-smartbike.com\/wp-content\/uploads\/2023\/06\/DSC3852-1024x683.jpg 1024w, https:\/\/mahle-smartbike.com\/wp-content\/uploads\/2023\/06\/DSC3852-768x512.jpg 768w, https:\/\/mahle-smartbike.com\/wp-content\/uploads\/2023\/06\/DSC3852-1536x1024.jpg 1536w, https:\/\/mahle-smartbike.com\/wp-content\/uploads\/2023\/06\/DSC3852-2048x1365.jpg 2048w\" sizes=\"(max-width: 2560px) 100vw, 2560px\" \/>\t\t\t\t\t\t\t\t<\/a>\n\t\t\t\t\t\t\t\t\t\t\t\t\t\t\t<\/div>\n\t\t\t\t<\/div>\n\t\t\t\t\t<\/div>\n\t\t<\/div>\n\t\t\t\t\t<\/div>\n\t\t<\/section>\n\t\t\t\t\t<\/div>\n\t\t<\/div>\n\t\t\t\t\t<\/div>\n\t\t<\/section>\n\t\t\t\t<section class=\"elementor-section elementor-top-section elementor-element elementor-element-59051bff elementor-section-boxed elementor-section-height-default elementor-section-height-default\" data-id=\"59051bff\" data-element_type=\"section\">\n\t\t\t\t\t\t<div class=\"elementor-container elementor-column-gap-default\">\n\t\t\t\t\t<div class=\"elementor-column elementor-col-100 elementor-top-column elementor-element elementor-element-470a3c8a\" data-id=\"470a3c8a\" data-element_type=\"column\">\n\t\t\t<div class=\"elementor-widget-wrap elementor-element-populated\">\n\t\t\t\t\t\t<section class=\"elementor-section elementor-inner-section elementor-element elementor-element-7bc1b1e7 elementor-section-height-min-height elementor-section-boxed elementor-section-height-default\" data-id=\"7bc1b1e7\" data-element_type=\"section\">\n\t\t\t\t\t\t<div class=\"elementor-container elementor-column-gap-default\">\n\t\t\t\t\t<div class=\"elementor-column elementor-col-50 elementor-inner-column elementor-element elementor-element-7f5784fe\" data-id=\"7f5784fe\" data-element_type=\"column\" data-settings=\"{&quot;background_background&quot;:&quot;classic&quot;}\">\n\t\t\t<div class=\"elementor-widget-wrap elementor-element-populated\">\n\t\t\t\t\t\t<div class=\"elementor-element elementor-element-75149de1 elementor-widget elementor-widget-image\" data-id=\"75149de1\" data-element_type=\"widget\" data-settings=\"{&quot;_animation&quot;:&quot;none&quot;}\" data-widget_type=\"image.default\">\n\t\t\t\t<div class=\"elementor-widget-container\">\n\t\t\t\t\t\t\t\t\t\t\t\t\t\t\t\t<a href=\"https:\/\/mahle-smartbike.com\/x20\/\">\n\t\t\t\t\t\t\t<img loading=\"lazy\" decoding=\"async\" width=\"800\" height=\"533\" src=\"https:\/\/mahle-smartbike.com\/wp-content\/uploads\/2022\/09\/MAHLE-BIKE.215-1024x682.png\" class=\"attachment-large size-large wp-image-11102\" alt=\"\" srcset=\"https:\/\/mahle-smartbike.com\/wp-content\/uploads\/2022\/09\/MAHLE-BIKE.215-1024x682.png 1024w, https:\/\/mahle-smartbike.com\/wp-content\/uploads\/2022\/09\/MAHLE-BIKE.215-300x200.png 300w, https:\/\/mahle-smartbike.com\/wp-content\/uploads\/2022\/09\/MAHLE-BIKE.215-768x512.png 768w, https:\/\/mahle-smartbike.com\/wp-content\/uploads\/2022\/09\/MAHLE-BIKE.215-1536x1023.png 1536w, https:\/\/mahle-smartbike.com\/wp-content\/uploads\/2022\/09\/MAHLE-BIKE.215-2048x1365.png 2048w\" sizes=\"(max-width: 800px) 100vw, 800px\" \/>\t\t\t\t\t\t\t\t<\/a>\n\t\t\t\t\t\t\t\t\t\t\t\t\t\t\t<\/div>\n\t\t\t\t<\/div>\n\t\t\t\t<div class=\"elementor-element elementor-element-22d1595f elementor-widget elementor-widget-heading\" data-id=\"22d1595f\" data-element_type=\"widget\" data-widget_type=\"heading.default\">\n\t\t\t\t<div class=\"elementor-widget-container\">\n\t\t\t\t\t<h3 class=\"elementor-heading-title elementor-size-default\">Syst&egrave;me X20<\/h3>\t\t\t\t<\/div>\n\t\t\t\t<\/div>\n\t\t\t\t<div class=\"elementor-element elementor-element-63a2cb25 elementor-widget elementor-widget-text-editor\" data-id=\"63a2cb25\" data-element_type=\"widget\" data-widget_type=\"text-editor.default\">\n\t\t\t\t<div class=\"elementor-widget-container\">\n\t\t\t\t\t\t\t\t\t<p>Le syst&egrave;me de moyeu arri&egrave;re<br \/>pour eBike le plus l&eacute;ger et le plus intelligent du march&eacute;.<\/p>\n\t\t\t\t\t\t\t\t<\/div>\n\t\t\t\t<\/div>\n\t\t\t\t<div class=\"elementor-element elementor-element-39c0e7fd read-more-cta-link elementor-widget elementor-widget-heading\" data-id=\"39c0e7fd\" data-element_type=\"widget\" data-widget_type=\"heading.default\">\n\t\t\t\t<div class=\"elementor-widget-container\">\n\t\t\t\t\t<div class=\"elementor-heading-title elementor-size-default\"><a href=\"https:\/\/mahle-smartbike.com\/x20\/\">En savoir plus<\/a><\/div>\t\t\t\t<\/div>\n\t\t\t\t<\/div>\n\t\t\t\t\t<\/div>\n\t\t<\/div>\n\t\t\t\t<div class=\"elementor-column elementor-col-50 elementor-inner-column elementor-element elementor-element-7436b0e8 elementor-invisible\" data-id=\"7436b0e8\" data-element_type=\"column\" data-settings=\"{&quot;background_background&quot;:&quot;gradient&quot;,&quot;animation&quot;:&quot;fadeIn&quot;}\">\n\t\t\t<div class=\"elementor-widget-wrap elementor-element-populated\">\n\t\t\t\t\t\t<div class=\"elementor-element elementor-element-42f66347 elementor-widget elementor-widget-image\" data-id=\"42f66347\" data-element_type=\"widget\" data-widget_type=\"image.default\">\n\t\t\t\t<div class=\"elementor-widget-container\">\n\t\t\t\t\t\t\t\t\t\t\t\t\t\t\t\t<a href=\"https:\/\/mahle-smartbike.com\/accessories\/\">\n\t\t\t\t\t\t\t<img loading=\"lazy\" decoding=\"async\" width=\"708\" height=\"451\" src=\"https:\/\/mahle-smartbike.com\/wp-content\/uploads\/2022\/03\/accessories.png\" class=\"attachment-full size-full wp-image-889\" alt=\"\" srcset=\"https:\/\/mahle-smartbike.com\/wp-content\/uploads\/2022\/03\/accessories.png 708w, https:\/\/mahle-smartbike.com\/wp-content\/uploads\/2022\/03\/accessories-300x191.png 300w\" sizes=\"(max-width: 708px) 100vw, 708px\" \/>\t\t\t\t\t\t\t\t<\/a>\n\t\t\t\t\t\t\t\t\t\t\t\t\t\t\t<\/div>\n\t\t\t\t<\/div>\n\t\t\t\t<div class=\"elementor-element elementor-element-5e5ea132 elementor-invisible elementor-widget elementor-widget-heading\" data-id=\"5e5ea132\" data-element_type=\"widget\" data-settings=\"{&quot;_animation&quot;:&quot;fadeInUp&quot;}\" data-widget_type=\"heading.default\">\n\t\t\t\t<div class=\"elementor-widget-container\">\n\t\t\t\t\t<h3 class=\"elementor-heading-title elementor-size-default\">Accessoires<\/h3>\t\t\t\t<\/div>\n\t\t\t\t<\/div>\n\t\t\t\t<div class=\"elementor-element elementor-element-12e0ee0d elementor-invisible elementor-widget elementor-widget-text-editor\" data-id=\"12e0ee0d\" data-element_type=\"widget\" data-settings=\"{&quot;_animation&quot;:&quot;fadeInUp&quot;}\" data-widget_type=\"text-editor.default\">\n\t\t\t\t<div class=\"elementor-widget-container\">\n\t\t\t\t\t\t\t\t\t<p>De notre &eacute;cran intelligent PulsarONE au prolongateur d&rsquo;autonomie, sans oublier les commandes &eacute;lectroniques&nbsp;: d&eacute;couvrez notre gamme compl&egrave;te d&rsquo;accessoires intelligents.<\/p>\n\t\t\t\t\t\t\t\t<\/div>\n\t\t\t\t<\/div>\n\t\t\t\t<div class=\"elementor-element elementor-element-2a840b5d read-more-cta-link cta-yellow elementor-invisible elementor-widget elementor-widget-heading\" data-id=\"2a840b5d\" data-element_type=\"widget\" data-settings=\"{&quot;_animation&quot;:&quot;fadeInUp&quot;}\" data-widget_type=\"heading.default\">\n\t\t\t\t<div class=\"elementor-widget-container\">\n\t\t\t\t\t<div class=\"elementor-heading-title elementor-size-default\"><a href=\"https:\/\/mahle-smartbike.com\/accessories\/\">En savoir plus<\/a><\/div>\t\t\t\t<\/div>\n\t\t\t\t<\/div>\n\t\t\t\t\t<\/div>\n\t\t<\/div>\n\t\t\t\t\t<\/div>\n\t\t<\/section>\n\t\t\t\t\t<\/div>\n\t\t<\/div>\n\t\t\t\t\t<\/div>\n\t\t<\/section>\n\t\t\t\t<\/div>\n\t\t","protected":false},"excerpt":{"rendered":"<p>Nous allons pr&eacute;senter en exclusivit&eacute; les toutes derni&egrave;res int&eacute;grations et technologies &agrave; l&rsquo;occasion du salon commercial du v&eacute;lo le plus important au monde, qui se tiendra &agrave; Francfort du 21 au 25&nbsp;juin. Soyez parmi les premiers &agrave; d&eacute;couvrir ces innovations r&eacute;volutionnaires en visitant notre stand&nbsp;!<\/p>\n","protected":false},"featured_media":30279,"parent":0,"menu_order":5,"template":"","news-and-events":[],"class_list":["post-30275","news-event","type-news-event","status-publish","has-post-thumbnail","hentry"],"acf":[],"yoast_head":"<!-- This site is optimized with the Yoast SEO plugin v27.5 - https:\/\/yoast.com\/product\/yoast-seo-wordpress\/ -->\n<title>Pr&eacute;sentation des innovations en mati&egrave;re d&rsquo;eBike &agrave; l&rsquo;Eurobike&nbsp;2023 - MAHLE SmartBike Systems<\/title>\n<meta name=\"description\" content=\"Nous allons pr\u00e9senter en exclusivit\u00e9 les toutes derni\u00e8res int\u00e9grations et technologies \u00e0 l\u2019occasion du salon commercial du v\u00e9lo le plus important au monde, qui se tiendra \u00e0 Francfort du 21 au 25\u00a0juin. Soyez parmi les premiers \u00e0 d\u00e9couvrir ces innovations r\u00e9volutionnaires en visitant notre stand\u00a0!\" \/>\n<meta name=\"robots\" content=\"index, follow, max-snippet:-1, max-image-preview:large, max-video-preview:-1\" \/>\n<link rel=\"canonical\" href=\"https:\/\/mahle-smartbike.com\/news-event\/unveiling-ebike-innovations-at-eurobike-2023\/\" \/>\n<meta property=\"og:locale\" content=\"fr_FR\" \/>\n<meta property=\"og:type\" content=\"article\" \/>\n<meta property=\"og:title\" content=\"Pr&eacute;sentation des innovations en mati&egrave;re d&rsquo;eBike &agrave; l&rsquo;Eurobike&nbsp;2023 - MAHLE SmartBike Systems\" \/>\n<meta property=\"og:description\" content=\"Nous allons pr\u00e9senter en exclusivit\u00e9 les toutes derni\u00e8res int\u00e9grations et technologies \u00e0 l\u2019occasion du salon commercial du v\u00e9lo le plus important au monde, qui se tiendra \u00e0 Francfort du 21 au 25\u00a0juin. Soyez parmi les premiers \u00e0 d\u00e9couvrir ces innovations r\u00e9volutionnaires en visitant notre stand\u00a0!\" \/>\n<meta property=\"og:url\" content=\"https:\/\/mahle-smartbike.com\/news-event\/unveiling-ebike-innovations-at-eurobike-2023\/\" \/>\n<meta property=\"og:site_name\" content=\"MAHLE SmartBike Systems\" \/>\n<meta property=\"article:publisher\" content=\"https:\/\/www.facebook.com\/mahlesmartbikesystems\/\" \/>\n<meta property=\"article:modified_time\" content=\"2024-03-10T20:35:22+00:00\" \/>\n<meta property=\"og:image\" content=\"https:\/\/mahle-smartbike.com\/wp-content\/uploads\/2023\/06\/MicrosoftTeams-image-3.jpg\" \/>\n\t<meta property=\"og:image:width\" content=\"1920\" \/>\n\t<meta property=\"og:image:height\" content=\"1280\" \/>\n\t<meta property=\"og:image:type\" content=\"image\/jpeg\" \/>\n<meta name=\"twitter:card\" content=\"summary_large_image\" \/>\n<meta name=\"twitter:label1\" content=\"Dur\u00e9e de lecture estim\u00e9e\" \/>\n\t<meta name=\"twitter:data1\" content=\"2 minutes\" \/>\n<script type=\"application\/ld+json\" class=\"yoast-schema-graph\">{\"@context\":\"https:\\\/\\\/schema.org\",\"@graph\":[{\"@type\":\"WebPage\",\"@id\":\"https:\\\/\\\/mahle-smartbike.com\\\/news-event\\\/unveiling-ebike-innovations-at-eurobike-2023\\\/\",\"url\":\"https:\\\/\\\/mahle-smartbike.com\\\/news-event\\\/unveiling-ebike-innovations-at-eurobike-2023\\\/\",\"name\":\"Pr&eacute;sentation des innovations en mati&egrave;re d&rsquo;eBike &agrave; l&rsquo;Eurobike&nbsp;2023 - MAHLE SmartBike Systems\",\"isPartOf\":{\"@id\":\"https:\\\/\\\/mahle-smartbike.com\\\/#website\"},\"primaryImageOfPage\":{\"@id\":\"https:\\\/\\\/mahle-smartbike.com\\\/news-event\\\/unveiling-ebike-innovations-at-eurobike-2023\\\/#primaryimage\"},\"image\":{\"@id\":\"https:\\\/\\\/mahle-smartbike.com\\\/news-event\\\/unveiling-ebike-innovations-at-eurobike-2023\\\/#primaryimage\"},\"thumbnailUrl\":\"https:\\\/\\\/mahle-smartbike.com\\\/wp-content\\\/uploads\\\/2023\\\/06\\\/MicrosoftTeams-image-3.jpg\",\"datePublished\":\"2023-06-06T10:39:32+00:00\",\"dateModified\":\"2024-03-10T20:35:22+00:00\",\"description\":\"Nous allons pr\u00e9senter en exclusivit\u00e9 les toutes derni\u00e8res int\u00e9grations et technologies \u00e0 l\u2019occasion du salon commercial du v\u00e9lo le plus important au monde, qui se tiendra \u00e0 Francfort du 21 au 25\u00a0juin. Soyez parmi les premiers \u00e0 d\u00e9couvrir ces innovations r\u00e9volutionnaires en visitant notre stand\u00a0!\",\"breadcrumb\":{\"@id\":\"https:\\\/\\\/mahle-smartbike.com\\\/news-event\\\/unveiling-ebike-innovations-at-eurobike-2023\\\/#breadcrumb\"},\"inLanguage\":\"fr-FR\",\"potentialAction\":[{\"@type\":\"ReadAction\",\"target\":[\"https:\\\/\\\/mahle-smartbike.com\\\/news-event\\\/unveiling-ebike-innovations-at-eurobike-2023\\\/\"]}]},{\"@type\":\"ImageObject\",\"inLanguage\":\"fr-FR\",\"@id\":\"https:\\\/\\\/mahle-smartbike.com\\\/news-event\\\/unveiling-ebike-innovations-at-eurobike-2023\\\/#primaryimage\",\"url\":\"https:\\\/\\\/mahle-smartbike.com\\\/wp-content\\\/uploads\\\/2023\\\/06\\\/MicrosoftTeams-image-3.jpg\",\"contentUrl\":\"https:\\\/\\\/mahle-smartbike.com\\\/wp-content\\\/uploads\\\/2023\\\/06\\\/MicrosoftTeams-image-3.jpg\",\"width\":1920,\"height\":1280,\"caption\":\"X20 MAHLE riding\"},{\"@type\":\"BreadcrumbList\",\"@id\":\"https:\\\/\\\/mahle-smartbike.com\\\/news-event\\\/unveiling-ebike-innovations-at-eurobike-2023\\\/#breadcrumb\",\"itemListElement\":[{\"@type\":\"ListItem\",\"position\":1,\"name\":\"News & Events\",\"item\":\"https:\\\/\\\/mahle-smartbike.com\\\/fr\\\/content-hub\\\/\"},{\"@type\":\"ListItem\",\"position\":2,\"name\":\"Pr&eacute;sentation des innovations en mati&egrave;re d&rsquo;eBike &agrave; l&rsquo;Eurobike&nbsp;2023\"}]},{\"@type\":\"WebSite\",\"@id\":\"https:\\\/\\\/mahle-smartbike.com\\\/#website\",\"url\":\"https:\\\/\\\/mahle-smartbike.com\\\/\",\"name\":\"MAHLE SmartBike Systems\",\"description\":\"The lightest ebike systems on the market\",\"publisher\":{\"@id\":\"https:\\\/\\\/mahle-smartbike.com\\\/#organization\"},\"potentialAction\":[{\"@type\":\"SearchAction\",\"target\":{\"@type\":\"EntryPoint\",\"urlTemplate\":\"https:\\\/\\\/mahle-smartbike.com\\\/?s={search_term_string}\"},\"query-input\":{\"@type\":\"PropertyValueSpecification\",\"valueRequired\":true,\"valueName\":\"search_term_string\"}}],\"inLanguage\":\"fr-FR\"},{\"@type\":\"Organization\",\"@id\":\"https:\\\/\\\/mahle-smartbike.com\\\/#organization\",\"name\":\"MAHLE SmartBike Systems\",\"url\":\"https:\\\/\\\/mahle-smartbike.com\\\/\",\"logo\":{\"@type\":\"ImageObject\",\"inLanguage\":\"fr-FR\",\"@id\":\"https:\\\/\\\/mahle-smartbike.com\\\/#\\\/schema\\\/logo\\\/image\\\/\",\"url\":\"https:\\\/\\\/mahle-smartbike.com\\\/wp-content\\\/uploads\\\/2024\\\/05\\\/MAHLE-SmartBike-Systems-Logo-1-1.jpg\",\"contentUrl\":\"https:\\\/\\\/mahle-smartbike.com\\\/wp-content\\\/uploads\\\/2024\\\/05\\\/MAHLE-SmartBike-Systems-Logo-1-1.jpg\",\"width\":1920,\"height\":1920,\"caption\":\"MAHLE SmartBike Systems\"},\"image\":{\"@id\":\"https:\\\/\\\/mahle-smartbike.com\\\/#\\\/schema\\\/logo\\\/image\\\/\"},\"sameAs\":[\"https:\\\/\\\/www.facebook.com\\\/mahlesmartbikesystems\\\/\",\"https:\\\/\\\/www.instagram.com\\\/mahle_smartbikesystems\\\/\",\"https:\\\/\\\/www.linkedin.com\\\/company\\\/mahlesmartbikesystems\\\/\",\"https:\\\/\\\/www.youtube.com\\\/channel\\\/UCgfNyF-Wtgq0WTlzsV8bDmQ\",\"https:\\\/\\\/www.strava.com\\\/clubs\\\/mahle\",\"https:\\\/\\\/www.tiktok.com\\\/@mahlesmartbikesystems\"]}]}<\/script>\n<!-- \/ Yoast SEO plugin. -->","yoast_head_json":{"title":"Pr&eacute;sentation des innovations en mati&egrave;re d&rsquo;eBike &agrave; l&rsquo;Eurobike&nbsp;2023 - MAHLE SmartBike Systems","description":"Nous allons pr\u00e9senter en exclusivit\u00e9 les toutes derni\u00e8res int\u00e9grations et technologies \u00e0 l\u2019occasion du salon commercial du v\u00e9lo le plus important au monde, qui se tiendra \u00e0 Francfort du 21 au 25\u00a0juin. Soyez parmi les premiers \u00e0 d\u00e9couvrir ces innovations r\u00e9volutionnaires en visitant notre stand\u00a0!","robots":{"index":"index","follow":"follow","max-snippet":"max-snippet:-1","max-image-preview":"max-image-preview:large","max-video-preview":"max-video-preview:-1"},"canonical":"https:\/\/mahle-smartbike.com\/news-event\/unveiling-ebike-innovations-at-eurobike-2023\/","og_locale":"fr_FR","og_type":"article","og_title":"Pr&eacute;sentation des innovations en mati&egrave;re d&rsquo;eBike &agrave; l&rsquo;Eurobike&nbsp;2023 - MAHLE SmartBike Systems","og_description":"Nous allons pr\u00e9senter en exclusivit\u00e9 les toutes derni\u00e8res int\u00e9grations et technologies \u00e0 l\u2019occasion du salon commercial du v\u00e9lo le plus important au monde, qui se tiendra \u00e0 Francfort du 21 au 25\u00a0juin. Soyez parmi les premiers \u00e0 d\u00e9couvrir ces innovations r\u00e9volutionnaires en visitant notre stand\u00a0!","og_url":"https:\/\/mahle-smartbike.com\/news-event\/unveiling-ebike-innovations-at-eurobike-2023\/","og_site_name":"MAHLE SmartBike Systems","article_publisher":"https:\/\/www.facebook.com\/mahlesmartbikesystems\/","article_modified_time":"2024-03-10T20:35:22+00:00","og_image":[{"width":1920,"height":1280,"url":"https:\/\/mahle-smartbike.com\/wp-content\/uploads\/2023\/06\/MicrosoftTeams-image-3.jpg","type":"image\/jpeg"}],"twitter_card":"summary_large_image","twitter_misc":{"Dur\u00e9e de lecture estim\u00e9e":"2 minutes"},"schema":{"@context":"https:\/\/schema.org","@graph":[{"@type":"WebPage","@id":"https:\/\/mahle-smartbike.com\/news-event\/unveiling-ebike-innovations-at-eurobike-2023\/","url":"https:\/\/mahle-smartbike.com\/news-event\/unveiling-ebike-innovations-at-eurobike-2023\/","name":"Pr&eacute;sentation des innovations en mati&egrave;re d&rsquo;eBike &agrave; l&rsquo;Eurobike&nbsp;2023 - MAHLE SmartBike Systems","isPartOf":{"@id":"https:\/\/mahle-smartbike.com\/#website"},"primaryImageOfPage":{"@id":"https:\/\/mahle-smartbike.com\/news-event\/unveiling-ebike-innovations-at-eurobike-2023\/#primaryimage"},"image":{"@id":"https:\/\/mahle-smartbike.com\/news-event\/unveiling-ebike-innovations-at-eurobike-2023\/#primaryimage"},"thumbnailUrl":"https:\/\/mahle-smartbike.com\/wp-content\/uploads\/2023\/06\/MicrosoftTeams-image-3.jpg","datePublished":"2023-06-06T10:39:32+00:00","dateModified":"2024-03-10T20:35:22+00:00","description":"Nous allons pr\u00e9senter en exclusivit\u00e9 les toutes derni\u00e8res int\u00e9grations et technologies \u00e0 l\u2019occasion du salon commercial du v\u00e9lo le plus important au monde, qui se tiendra \u00e0 Francfort du 21 au 25\u00a0juin. Soyez parmi les premiers \u00e0 d\u00e9couvrir ces innovations r\u00e9volutionnaires en visitant notre stand\u00a0!","breadcrumb":{"@id":"https:\/\/mahle-smartbike.com\/news-event\/unveiling-ebike-innovations-at-eurobike-2023\/#breadcrumb"},"inLanguage":"fr-FR","potentialAction":[{"@type":"ReadAction","target":["https:\/\/mahle-smartbike.com\/news-event\/unveiling-ebike-innovations-at-eurobike-2023\/"]}]},{"@type":"ImageObject","inLanguage":"fr-FR","@id":"https:\/\/mahle-smartbike.com\/news-event\/unveiling-ebike-innovations-at-eurobike-2023\/#primaryimage","url":"https:\/\/mahle-smartbike.com\/wp-content\/uploads\/2023\/06\/MicrosoftTeams-image-3.jpg","contentUrl":"https:\/\/mahle-smartbike.com\/wp-content\/uploads\/2023\/06\/MicrosoftTeams-image-3.jpg","width":1920,"height":1280,"caption":"X20 MAHLE riding"},{"@type":"BreadcrumbList","@id":"https:\/\/mahle-smartbike.com\/news-event\/unveiling-ebike-innovations-at-eurobike-2023\/#breadcrumb","itemListElement":[{"@type":"ListItem","position":1,"name":"News & Events","item":"https:\/\/mahle-smartbike.com\/fr\/content-hub\/"},{"@type":"ListItem","position":2,"name":"Pr&eacute;sentation des innovations en mati&egrave;re d&rsquo;eBike &agrave; l&rsquo;Eurobike&nbsp;2023"}]},{"@type":"WebSite","@id":"https:\/\/mahle-smartbike.com\/#website","url":"https:\/\/mahle-smartbike.com\/","name":"MAHLE SmartBike Systems","description":"The lightest ebike systems on the market","publisher":{"@id":"https:\/\/mahle-smartbike.com\/#organization"},"potentialAction":[{"@type":"SearchAction","target":{"@type":"EntryPoint","urlTemplate":"https:\/\/mahle-smartbike.com\/?s={search_term_string}"},"query-input":{"@type":"PropertyValueSpecification","valueRequired":true,"valueName":"search_term_string"}}],"inLanguage":"fr-FR"},{"@type":"Organization","@id":"https:\/\/mahle-smartbike.com\/#organization","name":"MAHLE SmartBike Systems","url":"https:\/\/mahle-smartbike.com\/","logo":{"@type":"ImageObject","inLanguage":"fr-FR","@id":"https:\/\/mahle-smartbike.com\/#\/schema\/logo\/image\/","url":"https:\/\/mahle-smartbike.com\/wp-content\/uploads\/2024\/05\/MAHLE-SmartBike-Systems-Logo-1-1.jpg","contentUrl":"https:\/\/mahle-smartbike.com\/wp-content\/uploads\/2024\/05\/MAHLE-SmartBike-Systems-Logo-1-1.jpg","width":1920,"height":1920,"caption":"MAHLE SmartBike Systems"},"image":{"@id":"https:\/\/mahle-smartbike.com\/#\/schema\/logo\/image\/"},"sameAs":["https:\/\/www.facebook.com\/mahlesmartbikesystems\/","https:\/\/www.instagram.com\/mahle_smartbikesystems\/","https:\/\/www.linkedin.com\/company\/mahlesmartbikesystems\/","https:\/\/www.youtube.com\/channel\/UCgfNyF-Wtgq0WTlzsV8bDmQ","https:\/\/www.strava.com\/clubs\/mahle","https:\/\/www.tiktok.com\/@mahlesmartbikesystems"]}]}},"_links":{"self":[{"href":"https:\/\/mahle-smartbike.com\/fr\/wp-json\/wp\/v2\/news-events\/30275","targetHints":{"allow":["GET"]}}],"collection":[{"href":"https:\/\/mahle-smartbike.com\/fr\/wp-json\/wp\/v2\/news-events"}],"about":[{"href":"https:\/\/mahle-smartbike.com\/fr\/wp-json\/wp\/v2\/types\/news-event"}],"version-history":[{"count":0,"href":"https:\/\/mahle-smartbike.com\/fr\/wp-json\/wp\/v2\/news-events\/30275\/revisions"}],"wp:featuredmedia":[{"embeddable":true,"href":"https:\/\/mahle-smartbike.com\/fr\/wp-json\/wp\/v2\/media\/30279"}],"wp:attachment":[{"href":"https:\/\/mahle-smartbike.com\/fr\/wp-json\/wp\/v2\/media?parent=30275"}],"wp:term":[{"taxonomy":"news-and-events","embeddable":true,"href":"https:\/\/mahle-smartbike.com\/fr\/wp-json\/wp\/v2\/news-and-events?post=30275"}],"curies":[{"name":"wp","href":"https:\/\/api.w.org\/{rel}","templated":true}]}}