{"id":30450,"date":"2023-11-23T15:04:31","date_gmt":"2023-11-23T13:04:31","guid":{"rendered":"https:\/\/mahle-smartbike.com\/news-event\/projets-rd-de-mahle-smartbike-systems\/"},"modified":"2024-03-10T20:38:25","modified_gmt":"2024-03-10T20:38:25","slug":"projets-rd-de-mahle-smartbike-systems","status":"publish","type":"news-event","link":"https:\/\/mahle-smartbike.com\/fr\/content-hub\/projets-rd-de-mahle-smartbike-systems\/","title":{"rendered":"Projets R&amp;D de MAHLE SmartBike Systems"},"content":{"rendered":"\t\t<div data-elementor-type=\"wp-post\" data-elementor-id=\"30450\" class=\"elementor elementor-30450 elementor-26907\" data-elementor-post-type=\"news-event\">\n\t\t\t\t\t\t<section class=\"elementor-section elementor-top-section elementor-element elementor-element-165e2493 elementor-section-full_width sticky-inner-header elementor-section-height-min-height elementor-section-height-default elementor-section-items-middle\" data-id=\"165e2493\" data-element_type=\"section\" data-settings=\"{&quot;background_background&quot;:&quot;classic&quot;,&quot;sticky&quot;:&quot;top&quot;,&quot;sticky_offset&quot;:72,&quot;sticky_on&quot;:[&quot;widescreen&quot;,&quot;desktop&quot;,&quot;tablet&quot;,&quot;mobile_extra&quot;,&quot;mobile&quot;],&quot;sticky_effects_offset&quot;:0,&quot;sticky_anchor_link_offset&quot;:0}\">\n\t\t\t\t\t\t<div class=\"elementor-container elementor-column-gap-default\">\n\t\t\t\t\t<div class=\"elementor-column elementor-col-100 elementor-top-column elementor-element elementor-element-30262c6\" data-id=\"30262c6\" data-element_type=\"column\">\n\t\t\t<div class=\"elementor-widget-wrap elementor-element-populated\">\n\t\t\t\t\t\t<section class=\"elementor-section elementor-inner-section elementor-element elementor-element-18424cef elementor-section-content-middle elementor-section-boxed elementor-section-height-default elementor-section-height-default\" data-id=\"18424cef\" data-element_type=\"section\">\n\t\t\t\t\t\t<div class=\"elementor-container elementor-column-gap-default\">\n\t\t\t\t\t<div class=\"elementor-column elementor-col-100 elementor-inner-column elementor-element elementor-element-2cb48e52\" data-id=\"2cb48e52\" data-element_type=\"column\">\n\t\t\t<div class=\"elementor-widget-wrap elementor-element-populated\">\n\t\t\t\t\t\t<div class=\"elementor-element elementor-element-1a9333c elementor-widget elementor-widget-heading\" data-id=\"1a9333c\" data-element_type=\"widget\" data-widget_type=\"heading.default\">\n\t\t\t\t<div class=\"elementor-widget-container\">\n\t\t\t\t\t<h3 class=\"elementor-heading-title elementor-size-default\">Projets R&amp;D de MAHLE SmartBike Systems<\/h3>\t\t\t\t<\/div>\n\t\t\t\t<\/div>\n\t\t\t\t\t<\/div>\n\t\t<\/div>\n\t\t\t\t\t<\/div>\n\t\t<\/section>\n\t\t\t\t\t<\/div>\n\t\t<\/div>\n\t\t\t\t\t<\/div>\n\t\t<\/section>\n\t\t\t\t<section class=\"elementor-section elementor-top-section elementor-element elementor-element-7d5e62ec elementor-section-full_width elementor-section-height-full inner-page-hero-section elementor-section-height-default elementor-section-items-middle\" data-id=\"7d5e62ec\" data-element_type=\"section\" data-settings=\"{&quot;background_background&quot;:&quot;video&quot;,&quot;background_play_on_mobile&quot;:&quot;yes&quot;}\">\n\t\t\t\t\t\t\t<div class=\"elementor-background-overlay\"><\/div>\n\t\t\t\t\t\t\t<div class=\"elementor-container elementor-column-gap-default\">\n\t\t\t\t\t<div class=\"elementor-column elementor-col-100 elementor-top-column elementor-element elementor-element-a21e2a7\" data-id=\"a21e2a7\" data-element_type=\"column\" data-settings=\"{&quot;background_background&quot;:&quot;classic&quot;}\">\n\t\t\t<div class=\"elementor-widget-wrap\">\n\t\t\t\t\t\t\t<\/div>\n\t\t<\/div>\n\t\t\t\t\t<\/div>\n\t\t<\/section>\n\t\t\t\t<section class=\"elementor-section elementor-top-section elementor-element elementor-element-a18fe42 elementor-section-boxed elementor-section-height-default elementor-section-height-default\" data-id=\"a18fe42\" data-element_type=\"section\" id=\"application\">\n\t\t\t\t\t\t<div class=\"elementor-container elementor-column-gap-default\">\n\t\t\t\t\t<div class=\"elementor-column elementor-col-100 elementor-top-column elementor-element elementor-element-18a456f9\" data-id=\"18a456f9\" data-element_type=\"column\">\n\t\t\t<div class=\"elementor-widget-wrap elementor-element-populated\">\n\t\t\t\t\t\t<section class=\"elementor-section elementor-inner-section elementor-element elementor-element-790f1740 elementor-section-content-middle elementor-reverse-mobile_extra elementor-reverse-mobile elementor-section-boxed elementor-section-height-default elementor-section-height-default\" data-id=\"790f1740\" data-element_type=\"section\">\n\t\t\t\t\t\t<div class=\"elementor-container elementor-column-gap-default\">\n\t\t\t\t\t<div class=\"elementor-column elementor-col-100 elementor-inner-column elementor-element elementor-element-7610a74e\" data-id=\"7610a74e\" data-element_type=\"column\">\n\t\t\t<div class=\"elementor-widget-wrap elementor-element-populated\">\n\t\t\t\t\t\t<div class=\"elementor-element elementor-element-a156f62 elementor-widget elementor-widget-heading\" data-id=\"a156f62\" data-element_type=\"widget\" data-widget_type=\"heading.default\">\n\t\t\t\t<div class=\"elementor-widget-container\">\n\t\t\t\t\t<h4 class=\"elementor-heading-title elementor-size-default\">Conception et d&eacute;veloppement de solutions de mobilit&eacute; &eacute;lectrique avanc&eacute;es<\/h4>\t\t\t\t<\/div>\n\t\t\t\t<\/div>\n\t\t\t\t<div class=\"elementor-element elementor-element-0e6a989 elementor-widget elementor-widget-text-editor\" data-id=\"0e6a989\" data-element_type=\"widget\" data-widget_type=\"text-editor.default\">\n\t\t\t\t<div class=\"elementor-widget-container\">\n\t\t\t\t\t\t\t\t\t<p>MAHLE SMARTBIKE SYSTEMS, S.L.U. d&eacute;veloppe au cours de l&rsquo;ann&eacute;e&nbsp;2023 et 2024 un nouveau plan R&amp;D strat&eacute;gique, dont l&rsquo;objectif principal consiste &agrave; concevoir et &agrave; d&eacute;velopper des solutions de mobilit&eacute; &eacute;lectrique avanc&eacute;es qui favoriseront l&rsquo;&eacute;volution des syst&egrave;mes des v&eacute;los &eacute;lectriques.<\/p>\n<p>Le 15&nbsp;septembre&nbsp;2023, le pr&eacute;sident de l&rsquo;Institut promouvant la Comp&eacute;titivit&eacute; des Entreprises de Castille-et-Le&oacute;n ou ICE (Instituto para la Competitividad Empresarial de Castilla y Le&oacute;n) a adopt&eacute; une r&eacute;solution permettant d&rsquo;accorder des subventions pour les 3&nbsp;dossiers constituant le plan strat&eacute;gique de l&rsquo;entreprise pour ces ann&eacute;es-l&agrave;. Financ&eacute; &agrave; l&rsquo;aide de Fonds structurels de l&rsquo;Union europ&eacute;enne, de fonds du FEDER et de fonds de l&rsquo;ICE &agrave; hauteur de 50&nbsp;%, ce plan intitul&eacute; \u00ab&nbsp;Plan strat&eacute;gique pour le d&eacute;veloppement de nouvelles solutions de mobilit&eacute; &eacute;lectrique avanc&eacute;es&nbsp;\u00bb vise &agrave; promouvoir le d&eacute;veloppement technologique et la recherche en mati&egrave;re d&rsquo;innovation et de qualit&eacute;.<\/p>\n<p>Les dossiers concern&eacute;s par ce plan strat&eacute;gique sont les suivants&nbsp;:<\/p>\n<p>1.&nbsp; 10\/18\/PA\/0009 dont l&rsquo;objectif principal consiste &agrave; concevoir et &agrave; d&eacute;velopper un nouveau syst&egrave;me ultra l&eacute;ger et ultra performant.<br \/>2.&nbsp; 10\/18\/PA\/0010 dont l&rsquo;objectif principal consiste &agrave; concevoir et &agrave; d&eacute;velopper un nouveau concept de batteries de 43&nbsp;V.<br \/>3.&nbsp; 10\/18\/PA\/0011 dont l&rsquo;objectif principal consiste &agrave; d&eacute;velopper de nouvelles solutions annexes au moteur de v&eacute;lo &eacute;lectrique de 43&nbsp;V.<\/p>\n<p>Date de la r&eacute;solution&nbsp;: 24\/10\/2023<\/p>\n\t\t\t\t\t\t\t\t<\/div>\n\t\t\t\t<\/div>\n\t\t\t\t\t<\/div>\n\t\t<\/div>\n\t\t\t\t\t<\/div>\n\t\t<\/section>\n\t\t\t\t\t<\/div>\n\t\t<\/div>\n\t\t\t\t\t<\/div>\n\t\t<\/section>\n\t\t\t\t<section class=\"elementor-section elementor-top-section elementor-element elementor-element-6ca7171 elementor-section-boxed elementor-section-height-default elementor-section-height-default\" data-id=\"6ca7171\" data-element_type=\"section\">\n\t\t\t\t\t\t<div class=\"elementor-container elementor-column-gap-no\">\n\t\t\t\t\t<div class=\"elementor-column elementor-col-33 elementor-top-column elementor-element elementor-element-a11bcb4\" data-id=\"a11bcb4\" data-element_type=\"column\">\n\t\t\t<div class=\"elementor-widget-wrap elementor-element-populated\">\n\t\t\t\t\t\t<div class=\"elementor-element elementor-element-7c4254b elementor-widget elementor-widget-image\" data-id=\"7c4254b\" data-element_type=\"widget\" data-widget_type=\"image.default\">\n\t\t\t\t<div class=\"elementor-widget-container\">\n\t\t\t\t\t\t\t\t\t\t\t\t\t\t\t<img fetchpriority=\"high\" decoding=\"async\" width=\"800\" height=\"303\" src=\"https:\/\/mahle-smartbike.com\/wp-content\/uploads\/2023\/11\/logo-ice-jcyl.png\" class=\"attachment-large size-large wp-image-30454\" alt=\"\" srcset=\"https:\/\/mahle-smartbike.com\/wp-content\/uploads\/2023\/11\/logo-ice-jcyl.png 931w, https:\/\/mahle-smartbike.com\/wp-content\/uploads\/2023\/11\/logo-ice-jcyl-300x114.png 300w, https:\/\/mahle-smartbike.com\/wp-content\/uploads\/2023\/11\/logo-ice-jcyl-768x291.png 768w\" sizes=\"(max-width: 800px) 100vw, 800px\" \/>\t\t\t\t\t\t\t\t\t\t\t\t\t\t\t<\/div>\n\t\t\t\t<\/div>\n\t\t\t\t\t<\/div>\n\t\t<\/div>\n\t\t\t\t<div class=\"elementor-column elementor-col-33 elementor-top-column elementor-element elementor-element-99ec338\" data-id=\"99ec338\" data-element_type=\"column\">\n\t\t\t<div class=\"elementor-widget-wrap elementor-element-populated\">\n\t\t\t\t\t\t<div class=\"elementor-element elementor-element-791f866 elementor-widget elementor-widget-image\" data-id=\"791f866\" data-element_type=\"widget\" data-widget_type=\"image.default\">\n\t\t\t\t<div class=\"elementor-widget-container\">\n\t\t\t\t\t\t\t\t\t\t\t\t\t\t\t<img decoding=\"async\" width=\"800\" height=\"502\" src=\"https:\/\/mahle-smartbike.com\/wp-content\/uploads\/2023\/11\/Logotipo_de_la_Junta_de_Castilla_y_Leo\u0301n-1-1024x642.png\" class=\"attachment-large size-large wp-image-30457\" alt=\"\" srcset=\"https:\/\/mahle-smartbike.com\/wp-content\/uploads\/2023\/11\/Logotipo_de_la_Junta_de_Castilla_y_Leo\u0301n-1-1024x642.png 1024w, https:\/\/mahle-smartbike.com\/wp-content\/uploads\/2023\/11\/Logotipo_de_la_Junta_de_Castilla_y_Leo\u0301n-1-300x188.png 300w, https:\/\/mahle-smartbike.com\/wp-content\/uploads\/2023\/11\/Logotipo_de_la_Junta_de_Castilla_y_Leo\u0301n-1-768x481.png 768w, https:\/\/mahle-smartbike.com\/wp-content\/uploads\/2023\/11\/Logotipo_de_la_Junta_de_Castilla_y_Leo\u0301n-1.png 1200w\" sizes=\"(max-width: 800px) 100vw, 800px\" \/>\t\t\t\t\t\t\t\t\t\t\t\t\t\t\t<\/div>\n\t\t\t\t<\/div>\n\t\t\t\t\t<\/div>\n\t\t<\/div>\n\t\t\t\t<div class=\"elementor-column elementor-col-33 elementor-top-column elementor-element elementor-element-542813a\" data-id=\"542813a\" data-element_type=\"column\">\n\t\t\t<div class=\"elementor-widget-wrap elementor-element-populated\">\n\t\t\t\t\t\t<div class=\"elementor-element elementor-element-076411e elementor-widget elementor-widget-image\" data-id=\"076411e\" data-element_type=\"widget\" data-widget_type=\"image.default\">\n\t\t\t\t<div class=\"elementor-widget-container\">\n\t\t\t\t\t\t\t\t\t\t\t\t\t\t\t<img decoding=\"async\" width=\"337\" height=\"84\" src=\"https:\/\/mahle-smartbike.com\/wp-content\/uploads\/2023\/11\/Picture1.png\" class=\"attachment-large size-large wp-image-30452\" alt=\"\" srcset=\"https:\/\/mahle-smartbike.com\/wp-content\/uploads\/2023\/11\/Picture1.png 337w, https:\/\/mahle-smartbike.com\/wp-content\/uploads\/2023\/11\/Picture1-300x75.png 300w\" sizes=\"(max-width: 337px) 100vw, 337px\" \/>\t\t\t\t\t\t\t\t\t\t\t\t\t\t\t<\/div>\n\t\t\t\t<\/div>\n\t\t\t\t\t<\/div>\n\t\t<\/div>\n\t\t\t\t\t<\/div>\n\t\t<\/section>\n\t\t\t\t<\/div>\n\t\t","protected":false},"excerpt":{"rendered":"<p>MAHLE SMARTBIKE SYSTEMS, S.L.U. d&eacute;veloppe au cours de l&rsquo;ann&eacute;e&nbsp;2023 et 2024 un nouveau plan R&amp;D strat&eacute;gique, dont l&rsquo;objectif principal consiste &agrave; concevoir et &agrave; d&eacute;velopper des solutions de mobilit&eacute; &eacute;lectrique avanc&eacute;es qui favoriseront l&rsquo;&eacute;volution des syst&egrave;mes des v&eacute;los &eacute;lectriques.<\/p>\n","protected":false},"featured_media":30453,"parent":0,"menu_order":0,"template":"","news-and-events":[],"class_list":["post-30450","news-event","type-news-event","status-publish","has-post-thumbnail","hentry","news-events-category-histoires"],"acf":[],"yoast_head":"<!-- This site is optimized with the Yoast SEO plugin v27.5 - https:\/\/yoast.com\/product\/yoast-seo-wordpress\/ -->\n<title>MAHLE SmartBike Systems<\/title>\n<meta name=\"description\" content=\"MAHLE SMARTBIKE SYSTEMS, S.L.U. d\u00e9veloppe au cours de l\u2019ann\u00e9e\u00a02023 et 2024 un nouveau plan R&amp;D strat\u00e9gique, dont l\u2019objectif principal consiste \u00e0 concevoir et \u00e0 d\u00e9velopper des solutions de mobilit\u00e9 \u00e9lectrique avanc\u00e9es qui favoriseront l\u2019\u00e9volution des syst\u00e8mes des v\u00e9los \u00e9lectriques.\" \/>\n<meta name=\"robots\" content=\"index, follow, max-snippet:-1, max-image-preview:large, max-video-preview:-1\" \/>\n<link rel=\"canonical\" href=\"https:\/\/mahle-smartbike.com\/news-event\/mahle-smartbike-systems-rd-projects\/\" \/>\n<meta property=\"og:locale\" content=\"fr_FR\" \/>\n<meta property=\"og:type\" content=\"article\" \/>\n<meta property=\"og:description\" content=\"MAHLE SMARTBIKE SYSTEMS, S.L.U. d\u00e9veloppe au cours de l\u2019ann\u00e9e\u00a02023 et 2024 un nouveau plan R&amp;D strat\u00e9gique, dont l\u2019objectif principal consiste \u00e0 concevoir et \u00e0 d\u00e9velopper des solutions de mobilit\u00e9 \u00e9lectrique avanc\u00e9es qui favoriseront l\u2019\u00e9volution des syst\u00e8mes des v\u00e9los \u00e9lectriques.\" \/>\n<meta property=\"og:url\" content=\"https:\/\/mahle-smartbike.com\/news-event\/mahle-smartbike-systems-rd-projects\/\" \/>\n<meta property=\"og:site_name\" content=\"MAHLE SmartBike Systems\" \/>\n<meta property=\"article:publisher\" content=\"https:\/\/www.facebook.com\/mahlesmartbikesystems\/\" \/>\n<meta property=\"article:modified_time\" content=\"2024-03-10T20:38:25+00:00\" \/>\n<meta property=\"og:image\" content=\"https:\/\/mahle-smartbike.com\/wp-content\/uploads\/2023\/11\/grill_CE_docs.jpg\" \/>\n\t<meta property=\"og:image:width\" content=\"450\" \/>\n\t<meta property=\"og:image:height\" content=\"450\" \/>\n\t<meta property=\"og:image:type\" content=\"image\/jpeg\" \/>\n<meta name=\"twitter:card\" content=\"summary_large_image\" \/>\n<meta name=\"twitter:label1\" content=\"Dur\u00e9e de lecture estim\u00e9e\" \/>\n\t<meta name=\"twitter:data1\" content=\"2 minutes\" \/>\n<script type=\"application\/ld+json\" class=\"yoast-schema-graph\">{\"@context\":\"https:\\\/\\\/schema.org\",\"@graph\":[{\"@type\":\"WebPage\",\"@id\":\"https:\\\/\\\/mahle-smartbike.com\\\/news-event\\\/mahle-smartbike-systems-rd-projects\\\/\",\"url\":\"https:\\\/\\\/mahle-smartbike.com\\\/news-event\\\/mahle-smartbike-systems-rd-projects\\\/\",\"name\":\"\",\"isPartOf\":{\"@id\":\"https:\\\/\\\/mahle-smartbike.com\\\/#website\"},\"primaryImageOfPage\":{\"@id\":\"https:\\\/\\\/mahle-smartbike.com\\\/news-event\\\/mahle-smartbike-systems-rd-projects\\\/#primaryimage\"},\"image\":{\"@id\":\"https:\\\/\\\/mahle-smartbike.com\\\/news-event\\\/mahle-smartbike-systems-rd-projects\\\/#primaryimage\"},\"thumbnailUrl\":\"https:\\\/\\\/mahle-smartbike.com\\\/wp-content\\\/uploads\\\/2023\\\/11\\\/grill_CE_docs.jpg\",\"datePublished\":\"2023-11-23T13:04:31+00:00\",\"dateModified\":\"2024-03-10T20:38:25+00:00\",\"description\":\"MAHLE SMARTBIKE SYSTEMS, S.L.U. d\u00e9veloppe au cours de l\u2019ann\u00e9e\u00a02023 et 2024 un nouveau plan R&D strat\u00e9gique, dont l\u2019objectif principal consiste \u00e0 concevoir et \u00e0 d\u00e9velopper des solutions de mobilit\u00e9 \u00e9lectrique avanc\u00e9es qui favoriseront l\u2019\u00e9volution des syst\u00e8mes des v\u00e9los \u00e9lectriques.\",\"breadcrumb\":{\"@id\":\"https:\\\/\\\/mahle-smartbike.com\\\/news-event\\\/mahle-smartbike-systems-rd-projects\\\/#breadcrumb\"},\"inLanguage\":\"fr-FR\",\"potentialAction\":[{\"@type\":\"ReadAction\",\"target\":[\"https:\\\/\\\/mahle-smartbike.com\\\/news-event\\\/mahle-smartbike-systems-rd-projects\\\/\"]}]},{\"@type\":\"ImageObject\",\"inLanguage\":\"fr-FR\",\"@id\":\"https:\\\/\\\/mahle-smartbike.com\\\/news-event\\\/mahle-smartbike-systems-rd-projects\\\/#primaryimage\",\"url\":\"https:\\\/\\\/mahle-smartbike.com\\\/wp-content\\\/uploads\\\/2023\\\/11\\\/grill_CE_docs.jpg\",\"contentUrl\":\"https:\\\/\\\/mahle-smartbike.com\\\/wp-content\\\/uploads\\\/2023\\\/11\\\/grill_CE_docs.jpg\",\"width\":450,\"height\":450},{\"@type\":\"BreadcrumbList\",\"@id\":\"https:\\\/\\\/mahle-smartbike.com\\\/news-event\\\/mahle-smartbike-systems-rd-projects\\\/#breadcrumb\",\"itemListElement\":[{\"@type\":\"ListItem\",\"position\":1,\"name\":\"News & Events\",\"item\":\"https:\\\/\\\/mahle-smartbike.com\\\/fr\\\/content-hub\\\/\"},{\"@type\":\"ListItem\",\"position\":2,\"name\":\"Projets R&amp;D de MAHLE SmartBike Systems\"}]},{\"@type\":\"WebSite\",\"@id\":\"https:\\\/\\\/mahle-smartbike.com\\\/#website\",\"url\":\"https:\\\/\\\/mahle-smartbike.com\\\/\",\"name\":\"MAHLE SmartBike Systems\",\"description\":\"The lightest ebike systems on the market\",\"publisher\":{\"@id\":\"https:\\\/\\\/mahle-smartbike.com\\\/#organization\"},\"potentialAction\":[{\"@type\":\"SearchAction\",\"target\":{\"@type\":\"EntryPoint\",\"urlTemplate\":\"https:\\\/\\\/mahle-smartbike.com\\\/?s={search_term_string}\"},\"query-input\":{\"@type\":\"PropertyValueSpecification\",\"valueRequired\":true,\"valueName\":\"search_term_string\"}}],\"inLanguage\":\"fr-FR\"},{\"@type\":\"Organization\",\"@id\":\"https:\\\/\\\/mahle-smartbike.com\\\/#organization\",\"name\":\"MAHLE SmartBike Systems\",\"url\":\"https:\\\/\\\/mahle-smartbike.com\\\/\",\"logo\":{\"@type\":\"ImageObject\",\"inLanguage\":\"fr-FR\",\"@id\":\"https:\\\/\\\/mahle-smartbike.com\\\/#\\\/schema\\\/logo\\\/image\\\/\",\"url\":\"https:\\\/\\\/mahle-smartbike.com\\\/wp-content\\\/uploads\\\/2024\\\/05\\\/MAHLE-SmartBike-Systems-Logo-1-1.jpg\",\"contentUrl\":\"https:\\\/\\\/mahle-smartbike.com\\\/wp-content\\\/uploads\\\/2024\\\/05\\\/MAHLE-SmartBike-Systems-Logo-1-1.jpg\",\"width\":1920,\"height\":1920,\"caption\":\"MAHLE SmartBike Systems\"},\"image\":{\"@id\":\"https:\\\/\\\/mahle-smartbike.com\\\/#\\\/schema\\\/logo\\\/image\\\/\"},\"sameAs\":[\"https:\\\/\\\/www.facebook.com\\\/mahlesmartbikesystems\\\/\",\"https:\\\/\\\/www.instagram.com\\\/mahle_smartbikesystems\\\/\",\"https:\\\/\\\/www.linkedin.com\\\/company\\\/mahlesmartbikesystems\\\/\",\"https:\\\/\\\/www.youtube.com\\\/channel\\\/UCgfNyF-Wtgq0WTlzsV8bDmQ\",\"https:\\\/\\\/www.strava.com\\\/clubs\\\/mahle\",\"https:\\\/\\\/www.tiktok.com\\\/@mahlesmartbikesystems\"]}]}<\/script>\n<!-- \/ Yoast SEO plugin. -->","yoast_head_json":{"title":"MAHLE SmartBike Systems","description":"MAHLE SMARTBIKE SYSTEMS, S.L.U. d\u00e9veloppe au cours de l\u2019ann\u00e9e\u00a02023 et 2024 un nouveau plan R&D strat\u00e9gique, dont l\u2019objectif principal consiste \u00e0 concevoir et \u00e0 d\u00e9velopper des solutions de mobilit\u00e9 \u00e9lectrique avanc\u00e9es qui favoriseront l\u2019\u00e9volution des syst\u00e8mes des v\u00e9los \u00e9lectriques.","robots":{"index":"index","follow":"follow","max-snippet":"max-snippet:-1","max-image-preview":"max-image-preview:large","max-video-preview":"max-video-preview:-1"},"canonical":"https:\/\/mahle-smartbike.com\/news-event\/mahle-smartbike-systems-rd-projects\/","og_locale":"fr_FR","og_type":"article","og_description":"MAHLE SMARTBIKE SYSTEMS, S.L.U. d\u00e9veloppe au cours de l\u2019ann\u00e9e\u00a02023 et 2024 un nouveau plan R&D strat\u00e9gique, dont l\u2019objectif principal consiste \u00e0 concevoir et \u00e0 d\u00e9velopper des solutions de mobilit\u00e9 \u00e9lectrique avanc\u00e9es qui favoriseront l\u2019\u00e9volution des syst\u00e8mes des v\u00e9los \u00e9lectriques.","og_url":"https:\/\/mahle-smartbike.com\/news-event\/mahle-smartbike-systems-rd-projects\/","og_site_name":"MAHLE SmartBike Systems","article_publisher":"https:\/\/www.facebook.com\/mahlesmartbikesystems\/","article_modified_time":"2024-03-10T20:38:25+00:00","og_image":[{"width":450,"height":450,"url":"https:\/\/mahle-smartbike.com\/wp-content\/uploads\/2023\/11\/grill_CE_docs.jpg","type":"image\/jpeg"}],"twitter_card":"summary_large_image","twitter_misc":{"Dur\u00e9e de lecture estim\u00e9e":"2 minutes"},"schema":{"@context":"https:\/\/schema.org","@graph":[{"@type":"WebPage","@id":"https:\/\/mahle-smartbike.com\/news-event\/mahle-smartbike-systems-rd-projects\/","url":"https:\/\/mahle-smartbike.com\/news-event\/mahle-smartbike-systems-rd-projects\/","name":"","isPartOf":{"@id":"https:\/\/mahle-smartbike.com\/#website"},"primaryImageOfPage":{"@id":"https:\/\/mahle-smartbike.com\/news-event\/mahle-smartbike-systems-rd-projects\/#primaryimage"},"image":{"@id":"https:\/\/mahle-smartbike.com\/news-event\/mahle-smartbike-systems-rd-projects\/#primaryimage"},"thumbnailUrl":"https:\/\/mahle-smartbike.com\/wp-content\/uploads\/2023\/11\/grill_CE_docs.jpg","datePublished":"2023-11-23T13:04:31+00:00","dateModified":"2024-03-10T20:38:25+00:00","description":"MAHLE SMARTBIKE SYSTEMS, S.L.U. d\u00e9veloppe au cours de l\u2019ann\u00e9e\u00a02023 et 2024 un nouveau plan R&D strat\u00e9gique, dont l\u2019objectif principal consiste \u00e0 concevoir et \u00e0 d\u00e9velopper des solutions de mobilit\u00e9 \u00e9lectrique avanc\u00e9es qui favoriseront l\u2019\u00e9volution des syst\u00e8mes des v\u00e9los \u00e9lectriques.","breadcrumb":{"@id":"https:\/\/mahle-smartbike.com\/news-event\/mahle-smartbike-systems-rd-projects\/#breadcrumb"},"inLanguage":"fr-FR","potentialAction":[{"@type":"ReadAction","target":["https:\/\/mahle-smartbike.com\/news-event\/mahle-smartbike-systems-rd-projects\/"]}]},{"@type":"ImageObject","inLanguage":"fr-FR","@id":"https:\/\/mahle-smartbike.com\/news-event\/mahle-smartbike-systems-rd-projects\/#primaryimage","url":"https:\/\/mahle-smartbike.com\/wp-content\/uploads\/2023\/11\/grill_CE_docs.jpg","contentUrl":"https:\/\/mahle-smartbike.com\/wp-content\/uploads\/2023\/11\/grill_CE_docs.jpg","width":450,"height":450},{"@type":"BreadcrumbList","@id":"https:\/\/mahle-smartbike.com\/news-event\/mahle-smartbike-systems-rd-projects\/#breadcrumb","itemListElement":[{"@type":"ListItem","position":1,"name":"News & Events","item":"https:\/\/mahle-smartbike.com\/fr\/content-hub\/"},{"@type":"ListItem","position":2,"name":"Projets R&amp;D de MAHLE SmartBike Systems"}]},{"@type":"WebSite","@id":"https:\/\/mahle-smartbike.com\/#website","url":"https:\/\/mahle-smartbike.com\/","name":"MAHLE SmartBike Systems","description":"The lightest ebike systems on the market","publisher":{"@id":"https:\/\/mahle-smartbike.com\/#organization"},"potentialAction":[{"@type":"SearchAction","target":{"@type":"EntryPoint","urlTemplate":"https:\/\/mahle-smartbike.com\/?s={search_term_string}"},"query-input":{"@type":"PropertyValueSpecification","valueRequired":true,"valueName":"search_term_string"}}],"inLanguage":"fr-FR"},{"@type":"Organization","@id":"https:\/\/mahle-smartbike.com\/#organization","name":"MAHLE SmartBike Systems","url":"https:\/\/mahle-smartbike.com\/","logo":{"@type":"ImageObject","inLanguage":"fr-FR","@id":"https:\/\/mahle-smartbike.com\/#\/schema\/logo\/image\/","url":"https:\/\/mahle-smartbike.com\/wp-content\/uploads\/2024\/05\/MAHLE-SmartBike-Systems-Logo-1-1.jpg","contentUrl":"https:\/\/mahle-smartbike.com\/wp-content\/uploads\/2024\/05\/MAHLE-SmartBike-Systems-Logo-1-1.jpg","width":1920,"height":1920,"caption":"MAHLE SmartBike Systems"},"image":{"@id":"https:\/\/mahle-smartbike.com\/#\/schema\/logo\/image\/"},"sameAs":["https:\/\/www.facebook.com\/mahlesmartbikesystems\/","https:\/\/www.instagram.com\/mahle_smartbikesystems\/","https:\/\/www.linkedin.com\/company\/mahlesmartbikesystems\/","https:\/\/www.youtube.com\/channel\/UCgfNyF-Wtgq0WTlzsV8bDmQ","https:\/\/www.strava.com\/clubs\/mahle","https:\/\/www.tiktok.com\/@mahlesmartbikesystems"]}]}},"_links":{"self":[{"href":"https:\/\/mahle-smartbike.com\/fr\/wp-json\/wp\/v2\/news-events\/30450","targetHints":{"allow":["GET"]}}],"collection":[{"href":"https:\/\/mahle-smartbike.com\/fr\/wp-json\/wp\/v2\/news-events"}],"about":[{"href":"https:\/\/mahle-smartbike.com\/fr\/wp-json\/wp\/v2\/types\/news-event"}],"version-history":[{"count":0,"href":"https:\/\/mahle-smartbike.com\/fr\/wp-json\/wp\/v2\/news-events\/30450\/revisions"}],"wp:featuredmedia":[{"embeddable":true,"href":"https:\/\/mahle-smartbike.com\/fr\/wp-json\/wp\/v2\/media\/30453"}],"wp:attachment":[{"href":"https:\/\/mahle-smartbike.com\/fr\/wp-json\/wp\/v2\/media?parent=30450"}],"wp:term":[{"taxonomy":"news-and-events","embeddable":true,"href":"https:\/\/mahle-smartbike.com\/fr\/wp-json\/wp\/v2\/news-and-events?post=30450"}],"curies":[{"name":"wp","href":"https:\/\/api.w.org\/{rel}","templated":true}]}}