{"id":52459,"date":"2025-01-10T12:52:22","date_gmt":"2025-01-10T12:52:22","guid":{"rendered":"https:\/\/mahle-smartbike.com\/?post_type=news-event&#038;p=52459"},"modified":"2025-01-10T12:52:35","modified_gmt":"2025-01-10T12:52:35","slug":"mahle-smartbike-systems-au-velofollies-2025","status":"publish","type":"news-event","link":"https:\/\/mahle-smartbike.com\/fr\/content-hub\/mahle-smartbike-systems-au-velofollies-2025\/","title":{"rendered":"MAHLE SmartBike Systems au Velofollies 2025"},"content":{"rendered":"\t\t<div data-elementor-type=\"wp-post\" data-elementor-id=\"52459\" class=\"elementor elementor-52459 elementor-52458\" data-elementor-post-type=\"news-event\">\n\t\t\t\t\t\t<section class=\"elementor-section elementor-top-section elementor-element elementor-element-165e2493 elementor-section-full_width sticky-inner-header elementor-section-height-min-height elementor-section-height-default elementor-section-items-middle\" data-id=\"165e2493\" data-element_type=\"section\" data-settings=\"{&quot;background_background&quot;:&quot;classic&quot;,&quot;sticky&quot;:&quot;top&quot;,&quot;sticky_offset&quot;:72,&quot;sticky_on&quot;:[&quot;widescreen&quot;,&quot;desktop&quot;,&quot;tablet&quot;,&quot;mobile_extra&quot;,&quot;mobile&quot;],&quot;sticky_effects_offset&quot;:0,&quot;sticky_anchor_link_offset&quot;:0}\">\n\t\t\t\t\t\t<div class=\"elementor-container elementor-column-gap-default\">\n\t\t\t\t\t<div class=\"elementor-column elementor-col-100 elementor-top-column elementor-element elementor-element-30262c6\" data-id=\"30262c6\" data-element_type=\"column\">\n\t\t\t<div class=\"elementor-widget-wrap elementor-element-populated\">\n\t\t\t\t\t\t<section class=\"elementor-section elementor-inner-section elementor-element elementor-element-18424cef elementor-section-content-middle elementor-section-boxed elementor-section-height-default elementor-section-height-default\" data-id=\"18424cef\" data-element_type=\"section\">\n\t\t\t\t\t\t<div class=\"elementor-container elementor-column-gap-default\">\n\t\t\t\t\t<div class=\"elementor-column elementor-col-100 elementor-inner-column elementor-element elementor-element-2cb48e52\" data-id=\"2cb48e52\" data-element_type=\"column\">\n\t\t\t<div class=\"elementor-widget-wrap elementor-element-populated\">\n\t\t\t\t\t\t<div class=\"elementor-element elementor-element-1a9333c elementor-widget-tablet__width-initial elementor-widget elementor-widget-heading\" data-id=\"1a9333c\" data-element_type=\"widget\" data-widget_type=\"heading.default\">\n\t\t\t\t<div class=\"elementor-widget-container\">\n\t\t\t\t\t<h2 class=\"elementor-heading-title elementor-size-default\">MAHLE SmartBike Systems au Velofollies 2025\n<\/h2>\t\t\t\t<\/div>\n\t\t\t\t<\/div>\n\t\t\t\t\t<\/div>\n\t\t<\/div>\n\t\t\t\t\t<\/div>\n\t\t<\/section>\n\t\t\t\t\t<\/div>\n\t\t<\/div>\n\t\t\t\t\t<\/div>\n\t\t<\/section>\n\t\t\t\t<section class=\"elementor-section elementor-top-section elementor-element elementor-element-7d5e62ec elementor-section-full_width elementor-section-height-min-height elementor-section-height-default elementor-section-items-middle\" data-id=\"7d5e62ec\" data-element_type=\"section\" data-settings=\"{&quot;background_background&quot;:&quot;video&quot;,&quot;background_play_on_mobile&quot;:&quot;yes&quot;}\">\n\t\t\t\t\t\t\t<div class=\"elementor-background-overlay\"><\/div>\n\t\t\t\t\t\t\t<div class=\"elementor-container elementor-column-gap-default\">\n\t\t\t\t\t<div class=\"elementor-column elementor-col-100 elementor-top-column elementor-element elementor-element-661990a\" data-id=\"661990a\" data-element_type=\"column\">\n\t\t\t<div class=\"elementor-widget-wrap\">\n\t\t\t\t\t\t\t<\/div>\n\t\t<\/div>\n\t\t\t\t\t<\/div>\n\t\t<\/section>\n\t\t\t\t<section class=\"elementor-section elementor-top-section elementor-element elementor-element-157ce9b elementor-section-boxed elementor-section-height-default elementor-section-height-default\" data-id=\"157ce9b\" data-element_type=\"section\">\n\t\t\t\t\t\t<div class=\"elementor-container elementor-column-gap-default\">\n\t\t\t\t\t<div class=\"elementor-column elementor-col-100 elementor-top-column elementor-element elementor-element-7d0cbae elementor-invisible\" data-id=\"7d0cbae\" data-element_type=\"column\" data-settings=\"{&quot;animation&quot;:&quot;fadeInUp&quot;}\">\n\t\t\t<div class=\"elementor-widget-wrap elementor-element-populated\">\n\t\t\t\t\t\t<div class=\"elementor-element elementor-element-5e56246 elementor-widget__width-initial elementor-widget elementor-widget-text-editor\" data-id=\"5e56246\" data-element_type=\"widget\" data-widget_type=\"text-editor.default\">\n\t\t\t\t<div class=\"elementor-widget-container\">\n\t\t\t\t\t\t\t\t\t<p>Nous sommes heureux d\u2019annoncer notre participation aux Velofollies 2025, l\u2019un des plus grands \u00e9v\u00e9nements cyclistes d\u2019Europe. Rejoignez-nous \u00e0 Courtrai, en Belgique, du 17 au 19 Janvier, o\u00f9 nous pr\u00e9senterons les derni\u00e8res avanc\u00e9es de nos syst\u00e8mes eBike innovants.<\/p>\t\t\t\t\t\t\t\t<\/div>\n\t\t\t\t<\/div>\n\t\t\t\t\t<\/div>\n\t\t<\/div>\n\t\t\t\t\t<\/div>\n\t\t<\/section>\n\t\t\t\t<section class=\"elementor-section elementor-top-section elementor-element elementor-element-261e53f elementor-reverse-mobile elementor-section-boxed elementor-section-height-default elementor-section-height-default\" data-id=\"261e53f\" data-element_type=\"section\">\n\t\t\t\t\t\t<div class=\"elementor-container elementor-column-gap-default\">\n\t\t\t\t\t<div class=\"elementor-column elementor-col-100 elementor-top-column elementor-element elementor-element-c5be889\" data-id=\"c5be889\" data-element_type=\"column\">\n\t\t\t<div class=\"elementor-widget-wrap elementor-element-populated\">\n\t\t\t\t\t\t<section class=\"elementor-section elementor-inner-section elementor-element elementor-element-6d0e989 elementor-section-full_width elementor-reverse-mobile elementor-section-height-default elementor-section-height-default\" data-id=\"6d0e989\" data-element_type=\"section\">\n\t\t\t\t\t\t<div class=\"elementor-container elementor-column-gap-extended\">\n\t\t\t\t\t<div class=\"elementor-column elementor-col-50 elementor-inner-column elementor-element elementor-element-9f0aea1\" data-id=\"9f0aea1\" data-element_type=\"column\">\n\t\t\t<div class=\"elementor-widget-wrap elementor-element-populated\">\n\t\t\t\t\t\t<div class=\"elementor-element elementor-element-ba51329 elementor-widget elementor-widget-heading\" data-id=\"ba51329\" data-element_type=\"widget\" data-widget_type=\"heading.default\">\n\t\t\t\t<div class=\"elementor-widget-container\">\n\t\t\t\t\t<h4 class=\"elementor-heading-title elementor-size-default\">D\u00e9couvrez le Syst\u00e8me eBike le plus l\u00e9ger du March\u00e9\n<\/h4>\t\t\t\t<\/div>\n\t\t\t\t<\/div>\n\t\t\t\t<div class=\"elementor-element elementor-element-c5d9b9c elementor-widget elementor-widget-text-editor\" data-id=\"c5d9b9c\" data-element_type=\"widget\" data-widget_type=\"text-editor.default\">\n\t\t\t\t<div class=\"elementor-widget-container\">\n\t\t\t\t\t\t\t\t\t<p>Nous rendons aux Velofollies, l\u2019un des \u00e9v\u00e9nements les plus importants pour les professionnels du cyclisme. Cette ann\u00e9e marque une \u00e9tape importante puisque nous d\u00e9voilons le premier v\u00e9lo \u00e9lectrique \u00e9quip\u00e9 de notre Syst\u00e8me XS, cr\u00e9\u00e9 en collaboration avec MMR et distribu\u00e9 par Codagex.<\/p>\t\t\t\t\t\t\t\t<\/div>\n\t\t\t\t<\/div>\n\t\t\t\t\t<\/div>\n\t\t<\/div>\n\t\t\t\t<div class=\"elementor-column elementor-col-50 elementor-inner-column elementor-element elementor-element-5b6d204\" data-id=\"5b6d204\" data-element_type=\"column\">\n\t\t\t<div class=\"elementor-widget-wrap elementor-element-populated\">\n\t\t\t\t\t\t<div class=\"elementor-element elementor-element-89ba1c0 elementor-widget__width-inherit e-transform elementor-widget elementor-widget-image\" data-id=\"89ba1c0\" data-element_type=\"widget\" data-settings=\"{&quot;_transform_scaleX_effect&quot;:{&quot;unit&quot;:&quot;px&quot;,&quot;size&quot;:1,&quot;sizes&quot;:[]},&quot;_transform_scaleY_effect&quot;:{&quot;unit&quot;:&quot;px&quot;,&quot;size&quot;:1,&quot;sizes&quot;:[]},&quot;_transform_scaleX_effect_widescreen&quot;:{&quot;unit&quot;:&quot;px&quot;,&quot;size&quot;:&quot;&quot;,&quot;sizes&quot;:[]},&quot;_transform_scaleX_effect_tablet&quot;:{&quot;unit&quot;:&quot;px&quot;,&quot;size&quot;:&quot;&quot;,&quot;sizes&quot;:[]},&quot;_transform_scaleX_effect_mobile_extra&quot;:{&quot;unit&quot;:&quot;px&quot;,&quot;size&quot;:&quot;&quot;,&quot;sizes&quot;:[]},&quot;_transform_scaleX_effect_mobile&quot;:{&quot;unit&quot;:&quot;px&quot;,&quot;size&quot;:&quot;&quot;,&quot;sizes&quot;:[]},&quot;_transform_scaleY_effect_widescreen&quot;:{&quot;unit&quot;:&quot;px&quot;,&quot;size&quot;:&quot;&quot;,&quot;sizes&quot;:[]},&quot;_transform_scaleY_effect_tablet&quot;:{&quot;unit&quot;:&quot;px&quot;,&quot;size&quot;:&quot;&quot;,&quot;sizes&quot;:[]},&quot;_transform_scaleY_effect_mobile_extra&quot;:{&quot;unit&quot;:&quot;px&quot;,&quot;size&quot;:&quot;&quot;,&quot;sizes&quot;:[]},&quot;_transform_scaleY_effect_mobile&quot;:{&quot;unit&quot;:&quot;px&quot;,&quot;size&quot;:&quot;&quot;,&quot;sizes&quot;:[]}}\" data-widget_type=\"image.default\">\n\t\t\t\t<div class=\"elementor-widget-container\">\n\t\t\t\t\t\t\t\t\t\t\t\t\t\t\t<img fetchpriority=\"high\" decoding=\"async\" width=\"1920\" height=\"1384\" src=\"https:\/\/mahle-smartbike.com\/wp-content\/uploads\/2025\/01\/20240122_082607889_iOS-1.webp\" class=\"attachment-full size-full wp-image-51378\" alt=\"\" srcset=\"https:\/\/mahle-smartbike.com\/wp-content\/uploads\/2025\/01\/20240122_082607889_iOS-1.webp 1920w, https:\/\/mahle-smartbike.com\/wp-content\/uploads\/2025\/01\/20240122_082607889_iOS-1-300x216.webp 300w, https:\/\/mahle-smartbike.com\/wp-content\/uploads\/2025\/01\/20240122_082607889_iOS-1-1024x738.webp 1024w, https:\/\/mahle-smartbike.com\/wp-content\/uploads\/2025\/01\/20240122_082607889_iOS-1-768x554.webp 768w, https:\/\/mahle-smartbike.com\/wp-content\/uploads\/2025\/01\/20240122_082607889_iOS-1-1536x1107.webp 1536w\" sizes=\"(max-width: 1920px) 100vw, 1920px\" \/>\t\t\t\t\t\t\t\t\t\t\t\t\t\t\t<\/div>\n\t\t\t\t<\/div>\n\t\t\t\t\t<\/div>\n\t\t<\/div>\n\t\t\t\t\t<\/div>\n\t\t<\/section>\n\t\t\t\t\t<\/div>\n\t\t<\/div>\n\t\t\t\t\t<\/div>\n\t\t<\/section>\n\t\t\t\t<section class=\"elementor-section elementor-top-section elementor-element elementor-element-ed5aa7f elementor-section-boxed elementor-section-height-default elementor-section-height-default\" data-id=\"ed5aa7f\" data-element_type=\"section\">\n\t\t\t\t\t\t<div class=\"elementor-container elementor-column-gap-default\">\n\t\t\t\t\t<div class=\"elementor-column elementor-col-100 elementor-top-column elementor-element elementor-element-6c8a105\" data-id=\"6c8a105\" data-element_type=\"column\">\n\t\t\t<div class=\"elementor-widget-wrap elementor-element-populated\">\n\t\t\t\t\t\t<section class=\"elementor-section elementor-inner-section elementor-element elementor-element-3c25f97 elementor-section-content-middle elementor-section-full_width elementor-reverse-mobile_extra elementor-section-height-default elementor-section-height-default\" data-id=\"3c25f97\" data-element_type=\"section\">\n\t\t\t\t\t\t<div class=\"elementor-container elementor-column-gap-extended\">\n\t\t\t\t\t<div class=\"elementor-column elementor-col-50 elementor-inner-column elementor-element elementor-element-c0fc6b2\" data-id=\"c0fc6b2\" data-element_type=\"column\">\n\t\t\t<div class=\"elementor-widget-wrap elementor-element-populated\">\n\t\t\t\t\t\t<div class=\"elementor-element elementor-element-3bd8be3 elementor-widget__width-inherit e-transform elementor-widget elementor-widget-image\" data-id=\"3bd8be3\" data-element_type=\"widget\" data-settings=\"{&quot;_transform_scaleX_effect&quot;:{&quot;unit&quot;:&quot;px&quot;,&quot;size&quot;:1,&quot;sizes&quot;:[]},&quot;_transform_scaleY_effect&quot;:{&quot;unit&quot;:&quot;px&quot;,&quot;size&quot;:1,&quot;sizes&quot;:[]},&quot;_transform_scaleX_effect_widescreen&quot;:{&quot;unit&quot;:&quot;px&quot;,&quot;size&quot;:&quot;&quot;,&quot;sizes&quot;:[]},&quot;_transform_scaleX_effect_tablet&quot;:{&quot;unit&quot;:&quot;px&quot;,&quot;size&quot;:&quot;&quot;,&quot;sizes&quot;:[]},&quot;_transform_scaleX_effect_mobile_extra&quot;:{&quot;unit&quot;:&quot;px&quot;,&quot;size&quot;:&quot;&quot;,&quot;sizes&quot;:[]},&quot;_transform_scaleX_effect_mobile&quot;:{&quot;unit&quot;:&quot;px&quot;,&quot;size&quot;:&quot;&quot;,&quot;sizes&quot;:[]},&quot;_transform_scaleY_effect_widescreen&quot;:{&quot;unit&quot;:&quot;px&quot;,&quot;size&quot;:&quot;&quot;,&quot;sizes&quot;:[]},&quot;_transform_scaleY_effect_tablet&quot;:{&quot;unit&quot;:&quot;px&quot;,&quot;size&quot;:&quot;&quot;,&quot;sizes&quot;:[]},&quot;_transform_scaleY_effect_mobile_extra&quot;:{&quot;unit&quot;:&quot;px&quot;,&quot;size&quot;:&quot;&quot;,&quot;sizes&quot;:[]},&quot;_transform_scaleY_effect_mobile&quot;:{&quot;unit&quot;:&quot;px&quot;,&quot;size&quot;:&quot;&quot;,&quot;sizes&quot;:[]}}\" data-widget_type=\"image.default\">\n\t\t\t\t<div class=\"elementor-widget-container\">\n\t\t\t\t\t\t\t\t\t\t\t\t\t\t\t<img decoding=\"async\" width=\"1920\" height=\"1440\" src=\"https:\/\/mahle-smartbike.com\/wp-content\/uploads\/2025\/01\/20240122_082608183_iOS.webp\" class=\"attachment-full size-full wp-image-51383\" alt=\"\" srcset=\"https:\/\/mahle-smartbike.com\/wp-content\/uploads\/2025\/01\/20240122_082608183_iOS.webp 1920w, https:\/\/mahle-smartbike.com\/wp-content\/uploads\/2025\/01\/20240122_082608183_iOS-300x225.webp 300w, https:\/\/mahle-smartbike.com\/wp-content\/uploads\/2025\/01\/20240122_082608183_iOS-1024x768.webp 1024w, https:\/\/mahle-smartbike.com\/wp-content\/uploads\/2025\/01\/20240122_082608183_iOS-768x576.webp 768w, https:\/\/mahle-smartbike.com\/wp-content\/uploads\/2025\/01\/20240122_082608183_iOS-1536x1152.webp 1536w\" sizes=\"(max-width: 1920px) 100vw, 1920px\" \/>\t\t\t\t\t\t\t\t\t\t\t\t\t\t\t<\/div>\n\t\t\t\t<\/div>\n\t\t\t\t\t<\/div>\n\t\t<\/div>\n\t\t\t\t<div class=\"elementor-column elementor-col-50 elementor-inner-column elementor-element elementor-element-52299ef\" data-id=\"52299ef\" data-element_type=\"column\">\n\t\t\t<div class=\"elementor-widget-wrap elementor-element-populated\">\n\t\t\t\t\t\t<div class=\"elementor-element elementor-element-9f6e247 elementor-widget elementor-widget-heading\" data-id=\"9f6e247\" data-element_type=\"widget\" data-widget_type=\"heading.default\">\n\t\t\t\t<div class=\"elementor-widget-container\">\n\t\t\t\t\t<h4 class=\"elementor-heading-title elementor-size-default\">Se Connecter avec l'\u00c9quipe MAHLE\n<\/h4>\t\t\t\t<\/div>\n\t\t\t\t<\/div>\n\t\t\t\t<div class=\"elementor-element elementor-element-0e2d89e elementor-widget elementor-widget-text-editor\" data-id=\"0e2d89e\" data-element_type=\"widget\" data-widget_type=\"text-editor.default\">\n\t\t\t\t<div class=\"elementor-widget-container\">\n\t\t\t\t\t\t\t\t\t<p>Que vous soyez une marque de v\u00e9lo, un revendeur ou un cycliste passionn\u00e9, notre \u00e9quipe sera sur place pour r\u00e9pondre \u00e0 vos questions, faire des d\u00e9monstrations de notre technologie et discuter de la fa\u00e7on dont nos syst\u00e8mes peuvent alimenter l\u2019avenir de votre exp\u00e9rience de l\u2019eBike. Ne manquez pas l\u2019occasion de voir nos solutions en action et de d\u00e9couvrir comment MAHLE fa\u00e7onne l\u2019avenir du cyclisme.<\/p><p>Retrouvez-nous sur le stand MAHLE SmartBike Systems pendant l\u2019\u00e9v\u00e9nement \u2013 nous sommes impatients de vous rencontrer!<\/p>\t\t\t\t\t\t\t\t<\/div>\n\t\t\t\t<\/div>\n\t\t\t\t\t<\/div>\n\t\t<\/div>\n\t\t\t\t\t<\/div>\n\t\t<\/section>\n\t\t\t\t\t<\/div>\n\t\t<\/div>\n\t\t\t\t\t<\/div>\n\t\t<\/section>\n\t\t\t\t<\/div>\n\t\t","protected":false},"excerpt":{"rendered":"<p>Nous sommes heureux d\u2019annoncer notre participation aux Velofollies 2025, l\u2019un des plus grands \u00e9v\u00e9nements cyclistes d\u2019Europe. Rejoignez-nous \u00e0 Courtrai, en Belgique, du 17 au 19 Janvier, o\u00f9 nous pr\u00e9senterons les derni\u00e8res avanc\u00e9es de nos syst\u00e8mes eBike innovants.<\/p>\n","protected":false},"featured_media":51396,"parent":0,"menu_order":0,"template":"","news-and-events":[],"class_list":["post-52459","news-event","type-news-event","status-publish","has-post-thumbnail","hentry","news-events-category-event-es","news-events-category-vnement"],"acf":[],"yoast_head":"<!-- This site is optimized with the Yoast SEO plugin v27.5 - https:\/\/yoast.com\/product\/yoast-seo-wordpress\/ -->\n<title>MAHLE SmartBike Systems au Velofollies 2025 - MAHLE SmartBike Systems<\/title>\n<meta name=\"description\" content=\"Nous sommes heureux d\u2019annoncer notre participation aux Velofollies 2025, l\u2019un des plus grands \u00e9v\u00e9nements cyclistes d\u2019Europe. Rejoignez-nous \u00e0 Courtrai, en Belgique, du 17 au 19 Janvier, o\u00f9 nous pr\u00e9senterons les derni\u00e8res avanc\u00e9es de nos syst\u00e8mes eBike innovants.\" \/>\n<meta name=\"robots\" content=\"index, follow, max-snippet:-1, max-image-preview:large, max-video-preview:-1\" \/>\n<link rel=\"canonical\" href=\"https:\/\/mahle-smartbike.com\/news-event\/mahle-smartbike-systems-at-velofollies-2025\/\" \/>\n<meta property=\"og:locale\" content=\"fr_FR\" \/>\n<meta property=\"og:type\" content=\"article\" \/>\n<meta property=\"og:title\" content=\"MAHLE SmartBike Systems au Velofollies 2025 - MAHLE SmartBike Systems\" \/>\n<meta property=\"og:description\" content=\"Nous sommes heureux d\u2019annoncer notre participation aux Velofollies 2025, l\u2019un des plus grands \u00e9v\u00e9nements cyclistes d\u2019Europe. Rejoignez-nous \u00e0 Courtrai, en Belgique, du 17 au 19 Janvier, o\u00f9 nous pr\u00e9senterons les derni\u00e8res avanc\u00e9es de nos syst\u00e8mes eBike innovants.\" \/>\n<meta property=\"og:url\" content=\"https:\/\/mahle-smartbike.com\/news-event\/mahle-smartbike-systems-at-velofollies-2025\/\" \/>\n<meta property=\"og:site_name\" content=\"MAHLE SmartBike Systems\" \/>\n<meta property=\"article:publisher\" content=\"https:\/\/www.facebook.com\/mahlesmartbikesystems\/\" \/>\n<meta property=\"article:modified_time\" content=\"2025-01-10T12:52:35+00:00\" \/>\n<meta property=\"og:image\" content=\"https:\/\/mahle-smartbike.com\/wp-content\/uploads\/2025\/01\/MicrosoftTeams-image-186-ampliada.webp\" \/>\n\t<meta property=\"og:image:width\" content=\"1721\" \/>\n\t<meta property=\"og:image:height\" content=\"800\" \/>\n\t<meta property=\"og:image:type\" content=\"image\/webp\" \/>\n<meta name=\"twitter:card\" content=\"summary_large_image\" \/>\n<meta name=\"twitter:label1\" content=\"Dur\u00e9e de lecture estim\u00e9e\" \/>\n\t<meta name=\"twitter:data1\" content=\"2 minutes\" \/>\n<script type=\"application\/ld+json\" class=\"yoast-schema-graph\">{\"@context\":\"https:\\\/\\\/schema.org\",\"@graph\":[{\"@type\":\"WebPage\",\"@id\":\"https:\\\/\\\/mahle-smartbike.com\\\/news-event\\\/mahle-smartbike-systems-at-velofollies-2025\\\/\",\"url\":\"https:\\\/\\\/mahle-smartbike.com\\\/news-event\\\/mahle-smartbike-systems-at-velofollies-2025\\\/\",\"name\":\"MAHLE SmartBike Systems au Velofollies 2025 - MAHLE SmartBike Systems\",\"isPartOf\":{\"@id\":\"https:\\\/\\\/mahle-smartbike.com\\\/#website\"},\"primaryImageOfPage\":{\"@id\":\"https:\\\/\\\/mahle-smartbike.com\\\/news-event\\\/mahle-smartbike-systems-at-velofollies-2025\\\/#primaryimage\"},\"image\":{\"@id\":\"https:\\\/\\\/mahle-smartbike.com\\\/news-event\\\/mahle-smartbike-systems-at-velofollies-2025\\\/#primaryimage\"},\"thumbnailUrl\":\"https:\\\/\\\/mahle-smartbike.com\\\/wp-content\\\/uploads\\\/2025\\\/01\\\/MicrosoftTeams-image-186-ampliada.webp\",\"datePublished\":\"2025-01-10T12:52:22+00:00\",\"dateModified\":\"2025-01-10T12:52:35+00:00\",\"description\":\"Nous sommes heureux d\u2019annoncer notre participation aux Velofollies 2025, l\u2019un des plus grands \u00e9v\u00e9nements cyclistes d\u2019Europe. Rejoignez-nous \u00e0 Courtrai, en Belgique, du 17 au 19 Janvier, o\u00f9 nous pr\u00e9senterons les derni\u00e8res avanc\u00e9es de nos syst\u00e8mes eBike innovants.\",\"breadcrumb\":{\"@id\":\"https:\\\/\\\/mahle-smartbike.com\\\/news-event\\\/mahle-smartbike-systems-at-velofollies-2025\\\/#breadcrumb\"},\"inLanguage\":\"fr-FR\",\"potentialAction\":[{\"@type\":\"ReadAction\",\"target\":[\"https:\\\/\\\/mahle-smartbike.com\\\/news-event\\\/mahle-smartbike-systems-at-velofollies-2025\\\/\"]}]},{\"@type\":\"ImageObject\",\"inLanguage\":\"fr-FR\",\"@id\":\"https:\\\/\\\/mahle-smartbike.com\\\/news-event\\\/mahle-smartbike-systems-at-velofollies-2025\\\/#primaryimage\",\"url\":\"https:\\\/\\\/mahle-smartbike.com\\\/wp-content\\\/uploads\\\/2025\\\/01\\\/MicrosoftTeams-image-186-ampliada.webp\",\"contentUrl\":\"https:\\\/\\\/mahle-smartbike.com\\\/wp-content\\\/uploads\\\/2025\\\/01\\\/MicrosoftTeams-image-186-ampliada.webp\",\"width\":1721,\"height\":800},{\"@type\":\"BreadcrumbList\",\"@id\":\"https:\\\/\\\/mahle-smartbike.com\\\/news-event\\\/mahle-smartbike-systems-at-velofollies-2025\\\/#breadcrumb\",\"itemListElement\":[{\"@type\":\"ListItem\",\"position\":1,\"name\":\"News & Events\",\"item\":\"https:\\\/\\\/mahle-smartbike.com\\\/fr\\\/content-hub\\\/\"},{\"@type\":\"ListItem\",\"position\":2,\"name\":\"MAHLE SmartBike Systems au Velofollies 2025\"}]},{\"@type\":\"WebSite\",\"@id\":\"https:\\\/\\\/mahle-smartbike.com\\\/#website\",\"url\":\"https:\\\/\\\/mahle-smartbike.com\\\/\",\"name\":\"MAHLE SmartBike Systems\",\"description\":\"The lightest ebike systems on the market\",\"publisher\":{\"@id\":\"https:\\\/\\\/mahle-smartbike.com\\\/#organization\"},\"potentialAction\":[{\"@type\":\"SearchAction\",\"target\":{\"@type\":\"EntryPoint\",\"urlTemplate\":\"https:\\\/\\\/mahle-smartbike.com\\\/?s={search_term_string}\"},\"query-input\":{\"@type\":\"PropertyValueSpecification\",\"valueRequired\":true,\"valueName\":\"search_term_string\"}}],\"inLanguage\":\"fr-FR\"},{\"@type\":\"Organization\",\"@id\":\"https:\\\/\\\/mahle-smartbike.com\\\/#organization\",\"name\":\"MAHLE SmartBike Systems\",\"url\":\"https:\\\/\\\/mahle-smartbike.com\\\/\",\"logo\":{\"@type\":\"ImageObject\",\"inLanguage\":\"fr-FR\",\"@id\":\"https:\\\/\\\/mahle-smartbike.com\\\/#\\\/schema\\\/logo\\\/image\\\/\",\"url\":\"https:\\\/\\\/mahle-smartbike.com\\\/wp-content\\\/uploads\\\/2024\\\/05\\\/MAHLE-SmartBike-Systems-Logo-1-1.jpg\",\"contentUrl\":\"https:\\\/\\\/mahle-smartbike.com\\\/wp-content\\\/uploads\\\/2024\\\/05\\\/MAHLE-SmartBike-Systems-Logo-1-1.jpg\",\"width\":1920,\"height\":1920,\"caption\":\"MAHLE SmartBike Systems\"},\"image\":{\"@id\":\"https:\\\/\\\/mahle-smartbike.com\\\/#\\\/schema\\\/logo\\\/image\\\/\"},\"sameAs\":[\"https:\\\/\\\/www.facebook.com\\\/mahlesmartbikesystems\\\/\",\"https:\\\/\\\/www.instagram.com\\\/mahle_smartbikesystems\\\/\",\"https:\\\/\\\/www.linkedin.com\\\/company\\\/mahlesmartbikesystems\\\/\",\"https:\\\/\\\/www.youtube.com\\\/channel\\\/UCgfNyF-Wtgq0WTlzsV8bDmQ\",\"https:\\\/\\\/www.strava.com\\\/clubs\\\/mahle\",\"https:\\\/\\\/www.tiktok.com\\\/@mahlesmartbikesystems\"]}]}<\/script>\n<!-- \/ Yoast SEO plugin. -->","yoast_head_json":{"title":"MAHLE SmartBike Systems au Velofollies 2025 - MAHLE SmartBike Systems","description":"Nous sommes heureux d\u2019annoncer notre participation aux Velofollies 2025, l\u2019un des plus grands \u00e9v\u00e9nements cyclistes d\u2019Europe. Rejoignez-nous \u00e0 Courtrai, en Belgique, du 17 au 19 Janvier, o\u00f9 nous pr\u00e9senterons les derni\u00e8res avanc\u00e9es de nos syst\u00e8mes eBike innovants.","robots":{"index":"index","follow":"follow","max-snippet":"max-snippet:-1","max-image-preview":"max-image-preview:large","max-video-preview":"max-video-preview:-1"},"canonical":"https:\/\/mahle-smartbike.com\/news-event\/mahle-smartbike-systems-at-velofollies-2025\/","og_locale":"fr_FR","og_type":"article","og_title":"MAHLE SmartBike Systems au Velofollies 2025 - MAHLE SmartBike Systems","og_description":"Nous sommes heureux d\u2019annoncer notre participation aux Velofollies 2025, l\u2019un des plus grands \u00e9v\u00e9nements cyclistes d\u2019Europe. Rejoignez-nous \u00e0 Courtrai, en Belgique, du 17 au 19 Janvier, o\u00f9 nous pr\u00e9senterons les derni\u00e8res avanc\u00e9es de nos syst\u00e8mes eBike innovants.","og_url":"https:\/\/mahle-smartbike.com\/news-event\/mahle-smartbike-systems-at-velofollies-2025\/","og_site_name":"MAHLE SmartBike Systems","article_publisher":"https:\/\/www.facebook.com\/mahlesmartbikesystems\/","article_modified_time":"2025-01-10T12:52:35+00:00","og_image":[{"width":1721,"height":800,"url":"https:\/\/mahle-smartbike.com\/wp-content\/uploads\/2025\/01\/MicrosoftTeams-image-186-ampliada.webp","type":"image\/webp"}],"twitter_card":"summary_large_image","twitter_misc":{"Dur\u00e9e de lecture estim\u00e9e":"2 minutes"},"schema":{"@context":"https:\/\/schema.org","@graph":[{"@type":"WebPage","@id":"https:\/\/mahle-smartbike.com\/news-event\/mahle-smartbike-systems-at-velofollies-2025\/","url":"https:\/\/mahle-smartbike.com\/news-event\/mahle-smartbike-systems-at-velofollies-2025\/","name":"MAHLE SmartBike Systems au Velofollies 2025 - MAHLE SmartBike Systems","isPartOf":{"@id":"https:\/\/mahle-smartbike.com\/#website"},"primaryImageOfPage":{"@id":"https:\/\/mahle-smartbike.com\/news-event\/mahle-smartbike-systems-at-velofollies-2025\/#primaryimage"},"image":{"@id":"https:\/\/mahle-smartbike.com\/news-event\/mahle-smartbike-systems-at-velofollies-2025\/#primaryimage"},"thumbnailUrl":"https:\/\/mahle-smartbike.com\/wp-content\/uploads\/2025\/01\/MicrosoftTeams-image-186-ampliada.webp","datePublished":"2025-01-10T12:52:22+00:00","dateModified":"2025-01-10T12:52:35+00:00","description":"Nous sommes heureux d\u2019annoncer notre participation aux Velofollies 2025, l\u2019un des plus grands \u00e9v\u00e9nements cyclistes d\u2019Europe. Rejoignez-nous \u00e0 Courtrai, en Belgique, du 17 au 19 Janvier, o\u00f9 nous pr\u00e9senterons les derni\u00e8res avanc\u00e9es de nos syst\u00e8mes eBike innovants.","breadcrumb":{"@id":"https:\/\/mahle-smartbike.com\/news-event\/mahle-smartbike-systems-at-velofollies-2025\/#breadcrumb"},"inLanguage":"fr-FR","potentialAction":[{"@type":"ReadAction","target":["https:\/\/mahle-smartbike.com\/news-event\/mahle-smartbike-systems-at-velofollies-2025\/"]}]},{"@type":"ImageObject","inLanguage":"fr-FR","@id":"https:\/\/mahle-smartbike.com\/news-event\/mahle-smartbike-systems-at-velofollies-2025\/#primaryimage","url":"https:\/\/mahle-smartbike.com\/wp-content\/uploads\/2025\/01\/MicrosoftTeams-image-186-ampliada.webp","contentUrl":"https:\/\/mahle-smartbike.com\/wp-content\/uploads\/2025\/01\/MicrosoftTeams-image-186-ampliada.webp","width":1721,"height":800},{"@type":"BreadcrumbList","@id":"https:\/\/mahle-smartbike.com\/news-event\/mahle-smartbike-systems-at-velofollies-2025\/#breadcrumb","itemListElement":[{"@type":"ListItem","position":1,"name":"News & Events","item":"https:\/\/mahle-smartbike.com\/fr\/content-hub\/"},{"@type":"ListItem","position":2,"name":"MAHLE SmartBike Systems au Velofollies 2025"}]},{"@type":"WebSite","@id":"https:\/\/mahle-smartbike.com\/#website","url":"https:\/\/mahle-smartbike.com\/","name":"MAHLE SmartBike Systems","description":"The lightest ebike systems on the market","publisher":{"@id":"https:\/\/mahle-smartbike.com\/#organization"},"potentialAction":[{"@type":"SearchAction","target":{"@type":"EntryPoint","urlTemplate":"https:\/\/mahle-smartbike.com\/?s={search_term_string}"},"query-input":{"@type":"PropertyValueSpecification","valueRequired":true,"valueName":"search_term_string"}}],"inLanguage":"fr-FR"},{"@type":"Organization","@id":"https:\/\/mahle-smartbike.com\/#organization","name":"MAHLE SmartBike Systems","url":"https:\/\/mahle-smartbike.com\/","logo":{"@type":"ImageObject","inLanguage":"fr-FR","@id":"https:\/\/mahle-smartbike.com\/#\/schema\/logo\/image\/","url":"https:\/\/mahle-smartbike.com\/wp-content\/uploads\/2024\/05\/MAHLE-SmartBike-Systems-Logo-1-1.jpg","contentUrl":"https:\/\/mahle-smartbike.com\/wp-content\/uploads\/2024\/05\/MAHLE-SmartBike-Systems-Logo-1-1.jpg","width":1920,"height":1920,"caption":"MAHLE SmartBike Systems"},"image":{"@id":"https:\/\/mahle-smartbike.com\/#\/schema\/logo\/image\/"},"sameAs":["https:\/\/www.facebook.com\/mahlesmartbikesystems\/","https:\/\/www.instagram.com\/mahle_smartbikesystems\/","https:\/\/www.linkedin.com\/company\/mahlesmartbikesystems\/","https:\/\/www.youtube.com\/channel\/UCgfNyF-Wtgq0WTlzsV8bDmQ","https:\/\/www.strava.com\/clubs\/mahle","https:\/\/www.tiktok.com\/@mahlesmartbikesystems"]}]}},"_links":{"self":[{"href":"https:\/\/mahle-smartbike.com\/fr\/wp-json\/wp\/v2\/news-events\/52459","targetHints":{"allow":["GET"]}}],"collection":[{"href":"https:\/\/mahle-smartbike.com\/fr\/wp-json\/wp\/v2\/news-events"}],"about":[{"href":"https:\/\/mahle-smartbike.com\/fr\/wp-json\/wp\/v2\/types\/news-event"}],"version-history":[{"count":0,"href":"https:\/\/mahle-smartbike.com\/fr\/wp-json\/wp\/v2\/news-events\/52459\/revisions"}],"wp:featuredmedia":[{"embeddable":true,"href":"https:\/\/mahle-smartbike.com\/fr\/wp-json\/wp\/v2\/media\/51396"}],"wp:attachment":[{"href":"https:\/\/mahle-smartbike.com\/fr\/wp-json\/wp\/v2\/media?parent=52459"}],"wp:term":[{"taxonomy":"news-and-events","embeddable":true,"href":"https:\/\/mahle-smartbike.com\/fr\/wp-json\/wp\/v2\/news-and-events?post=52459"}],"curies":[{"name":"wp","href":"https:\/\/api.w.org\/{rel}","templated":true}]}}