{"id":55927,"date":"2025-03-03T11:30:36","date_gmt":"2025-03-03T09:30:36","guid":{"rendered":"https:\/\/mahle-smartbike.com\/news-event\/mahle-xs-system-wins-if-design-award-2025\/"},"modified":"2025-03-03T11:38:13","modified_gmt":"2025-03-03T10:38:13","slug":"mahle-xs-system-wins-if-design-award-2025","status":"publish","type":"news-event","link":"https:\/\/mahle-smartbike.com\/fr\/content-hub\/mahle-xs-system-wins-if-design-award-2025\/","title":{"rendered":"Le syst\u00e8me MAHLE XS remporte le prix iF DESIGN AWARD 2025"},"content":{"rendered":"\t\t<div data-elementor-type=\"wp-post\" data-elementor-id=\"55927\" class=\"elementor elementor-55927 elementor-55887\" data-elementor-post-type=\"news-event\">\n\t\t\t\t\t\t<section class=\"elementor-section elementor-top-section elementor-element elementor-element-165e2493 elementor-section-full_width sticky-inner-header elementor-section-height-min-height elementor-section-height-default elementor-section-items-middle\" data-id=\"165e2493\" data-element_type=\"section\" data-settings=\"{&quot;background_background&quot;:&quot;classic&quot;,&quot;sticky&quot;:&quot;top&quot;,&quot;sticky_offset&quot;:72,&quot;sticky_on&quot;:[&quot;widescreen&quot;,&quot;desktop&quot;,&quot;tablet&quot;,&quot;mobile_extra&quot;,&quot;mobile&quot;],&quot;sticky_effects_offset&quot;:0,&quot;sticky_anchor_link_offset&quot;:0}\">\n\t\t\t\t\t\t<div class=\"elementor-container elementor-column-gap-default\">\n\t\t\t\t\t<div class=\"elementor-column elementor-col-100 elementor-top-column elementor-element elementor-element-30262c6\" data-id=\"30262c6\" data-element_type=\"column\">\n\t\t\t<div class=\"elementor-widget-wrap elementor-element-populated\">\n\t\t\t\t\t\t<section class=\"elementor-section elementor-inner-section elementor-element elementor-element-18424cef elementor-section-content-middle elementor-section-boxed elementor-section-height-default elementor-section-height-default\" data-id=\"18424cef\" data-element_type=\"section\">\n\t\t\t\t\t\t<div class=\"elementor-container elementor-column-gap-default\">\n\t\t\t\t\t<div class=\"elementor-column elementor-col-100 elementor-inner-column elementor-element elementor-element-2cb48e52\" data-id=\"2cb48e52\" data-element_type=\"column\">\n\t\t\t<div class=\"elementor-widget-wrap elementor-element-populated\">\n\t\t\t\t\t\t<div class=\"elementor-element elementor-element-1a9333c elementor-widget-mobile_extra__width-initial elementor-widget elementor-widget-heading\" data-id=\"1a9333c\" data-element_type=\"widget\" data-widget_type=\"heading.default\">\n\t\t\t\t<div class=\"elementor-widget-container\">\n\t\t\t\t\t<h2 class=\"elementor-heading-title elementor-size-default\">Le syst\u00e8me MAHLE XS remporte le prix iF DESIGN AWARD 2025<\/h2>\t\t\t\t<\/div>\n\t\t\t\t<\/div>\n\t\t\t\t\t<\/div>\n\t\t<\/div>\n\t\t\t\t\t<\/div>\n\t\t<\/section>\n\t\t\t\t\t<\/div>\n\t\t<\/div>\n\t\t\t\t\t<\/div>\n\t\t<\/section>\n\t\t\t\t<section class=\"elementor-section elementor-top-section elementor-element elementor-element-7d5e62ec elementor-section-full_width elementor-section-height-min-height elementor-section-height-default elementor-section-items-middle\" data-id=\"7d5e62ec\" data-element_type=\"section\" data-settings=\"{&quot;background_background&quot;:&quot;video&quot;,&quot;background_play_on_mobile&quot;:&quot;yes&quot;}\">\n\t\t\t\t\t\t\t<div class=\"elementor-background-overlay\"><\/div>\n\t\t\t\t\t\t\t<div class=\"elementor-container elementor-column-gap-default\">\n\t\t\t\t\t<div class=\"elementor-column elementor-col-100 elementor-top-column elementor-element elementor-element-661990a\" data-id=\"661990a\" data-element_type=\"column\">\n\t\t\t<div class=\"elementor-widget-wrap\">\n\t\t\t\t\t\t\t<\/div>\n\t\t<\/div>\n\t\t\t\t\t<\/div>\n\t\t<\/section>\n\t\t\t\t<section class=\"elementor-section elementor-top-section elementor-element elementor-element-261e53f elementor-reverse-mobile elementor-section-boxed elementor-section-height-default elementor-section-height-default\" data-id=\"261e53f\" data-element_type=\"section\">\n\t\t\t\t\t\t<div class=\"elementor-container elementor-column-gap-default\">\n\t\t\t\t\t<div class=\"elementor-column elementor-col-100 elementor-top-column elementor-element elementor-element-c5be889\" data-id=\"c5be889\" data-element_type=\"column\">\n\t\t\t<div class=\"elementor-widget-wrap elementor-element-populated\">\n\t\t\t\t\t\t<section class=\"elementor-section elementor-inner-section elementor-element elementor-element-6d0e989 elementor-section-full_width elementor-reverse-mobile elementor-section-height-default elementor-section-height-default\" data-id=\"6d0e989\" data-element_type=\"section\">\n\t\t\t\t\t\t<div class=\"elementor-container elementor-column-gap-extended\">\n\t\t\t\t\t<div class=\"elementor-column elementor-col-50 elementor-inner-column elementor-element elementor-element-9f0aea1\" data-id=\"9f0aea1\" data-element_type=\"column\">\n\t\t\t<div class=\"elementor-widget-wrap elementor-element-populated\">\n\t\t\t\t\t\t<div class=\"elementor-element elementor-element-c5d9b9c elementor-widget elementor-widget-text-editor\" data-id=\"c5d9b9c\" data-element_type=\"widget\" data-widget_type=\"text-editor.default\">\n\t\t\t\t<div class=\"elementor-widget-container\">\n\t\t\t\t\t\t\t\t\t<p>Le syst\u00e8me MAHLE XS a \u00e9t\u00e9 honor\u00e9 par le prestigieux prix iF DESIGN AWARD 2025 \u2013 une distinction mondiale qui reconna\u00eet l&rsquo;excellence exceptionnelle en mati\u00e8re de design. Avec pr\u00e8s de 11 000 candidatures provenant de 66 pays et un processus d&rsquo;\u00e9valuation rigoureux men\u00e9 par 131 jur\u00e9s internationaux, ce prix souligne la qualit\u00e9 remarquable et l&rsquo;esprit novateur de notre syst\u00e8me XS. <\/p>\n\t\t\t\t\t\t\t\t<\/div>\n\t\t\t\t<\/div>\n\t\t\t\t<div class=\"elementor-element elementor-element-3f95a29 elementor-align-center elementor-widget elementor-widget-button\" data-id=\"3f95a29\" data-element_type=\"widget\" data-widget_type=\"button.default\">\n\t\t\t\t<div class=\"elementor-widget-container\">\n\t\t\t\t\t\t\t\t\t<div class=\"elementor-button-wrapper\">\n\t\t\t\t\t<a class=\"elementor-button elementor-button-link elementor-size-sm\" href=\"https:\/\/ifdesign.com\/en\/winner-ranking\/project\/mahle-xs-system-by-mahle-smartbike-systems\/678795\" target=\"_blank\">\n\t\t\t\t\t\t<span class=\"elementor-button-content-wrapper\">\n\t\t\t\t\t\t\t\t\t<span class=\"elementor-button-text\">Acc\u00e9der au site web iF Design<\/span>\n\t\t\t\t\t<\/span>\n\t\t\t\t\t<\/a>\n\t\t\t\t<\/div>\n\t\t\t\t\t\t\t\t<\/div>\n\t\t\t\t<\/div>\n\t\t\t\t\t<\/div>\n\t\t<\/div>\n\t\t\t\t<div class=\"elementor-column elementor-col-50 elementor-inner-column elementor-element elementor-element-5b6d204\" data-id=\"5b6d204\" data-element_type=\"column\">\n\t\t\t<div class=\"elementor-widget-wrap elementor-element-populated\">\n\t\t\t\t\t\t<div class=\"elementor-element elementor-element-89ba1c0 elementor-widget__width-inherit e-transform elementor-widget elementor-widget-image\" data-id=\"89ba1c0\" data-element_type=\"widget\" data-settings=\"{&quot;_transform_scaleX_effect&quot;:{&quot;unit&quot;:&quot;px&quot;,&quot;size&quot;:1,&quot;sizes&quot;:[]},&quot;_transform_scaleY_effect&quot;:{&quot;unit&quot;:&quot;px&quot;,&quot;size&quot;:1,&quot;sizes&quot;:[]},&quot;_transform_scaleX_effect_widescreen&quot;:{&quot;unit&quot;:&quot;px&quot;,&quot;size&quot;:&quot;&quot;,&quot;sizes&quot;:[]},&quot;_transform_scaleX_effect_tablet&quot;:{&quot;unit&quot;:&quot;px&quot;,&quot;size&quot;:&quot;&quot;,&quot;sizes&quot;:[]},&quot;_transform_scaleX_effect_mobile_extra&quot;:{&quot;unit&quot;:&quot;px&quot;,&quot;size&quot;:&quot;&quot;,&quot;sizes&quot;:[]},&quot;_transform_scaleX_effect_mobile&quot;:{&quot;unit&quot;:&quot;px&quot;,&quot;size&quot;:&quot;&quot;,&quot;sizes&quot;:[]},&quot;_transform_scaleY_effect_widescreen&quot;:{&quot;unit&quot;:&quot;px&quot;,&quot;size&quot;:&quot;&quot;,&quot;sizes&quot;:[]},&quot;_transform_scaleY_effect_tablet&quot;:{&quot;unit&quot;:&quot;px&quot;,&quot;size&quot;:&quot;&quot;,&quot;sizes&quot;:[]},&quot;_transform_scaleY_effect_mobile_extra&quot;:{&quot;unit&quot;:&quot;px&quot;,&quot;size&quot;:&quot;&quot;,&quot;sizes&quot;:[]},&quot;_transform_scaleY_effect_mobile&quot;:{&quot;unit&quot;:&quot;px&quot;,&quot;size&quot;:&quot;&quot;,&quot;sizes&quot;:[]}}\" data-widget_type=\"image.default\">\n\t\t\t\t<div class=\"elementor-widget-container\">\n\t\t\t\t\t\t\t\t\t\t\t\t\t\t\t<img fetchpriority=\"high\" decoding=\"async\" width=\"1920\" height=\"1080\" src=\"https:\/\/mahle-smartbike.com\/wp-content\/uploads\/2025\/03\/new_main_if_awards.webp\" class=\"attachment-full size-full wp-image-55895\" alt=\"\" srcset=\"https:\/\/mahle-smartbike.com\/wp-content\/uploads\/2025\/03\/new_main_if_awards.webp 1920w, https:\/\/mahle-smartbike.com\/wp-content\/uploads\/2025\/03\/new_main_if_awards-300x169.webp 300w, https:\/\/mahle-smartbike.com\/wp-content\/uploads\/2025\/03\/new_main_if_awards-1024x576.webp 1024w, https:\/\/mahle-smartbike.com\/wp-content\/uploads\/2025\/03\/new_main_if_awards-768x432.webp 768w, https:\/\/mahle-smartbike.com\/wp-content\/uploads\/2025\/03\/new_main_if_awards-1536x864.webp 1536w\" sizes=\"(max-width: 1920px) 100vw, 1920px\" \/>\t\t\t\t\t\t\t\t\t\t\t\t\t\t\t<\/div>\n\t\t\t\t<\/div>\n\t\t\t\t\t<\/div>\n\t\t<\/div>\n\t\t\t\t\t<\/div>\n\t\t<\/section>\n\t\t\t\t\t<\/div>\n\t\t<\/div>\n\t\t\t\t\t<\/div>\n\t\t<\/section>\n\t\t\t\t<section class=\"elementor-section elementor-top-section elementor-element elementor-element-ed5aa7f elementor-section-boxed elementor-section-height-default elementor-section-height-default\" data-id=\"ed5aa7f\" data-element_type=\"section\">\n\t\t\t\t\t\t<div class=\"elementor-container elementor-column-gap-default\">\n\t\t\t\t\t<div class=\"elementor-column elementor-col-100 elementor-top-column elementor-element elementor-element-6c8a105\" data-id=\"6c8a105\" data-element_type=\"column\">\n\t\t\t<div class=\"elementor-widget-wrap elementor-element-populated\">\n\t\t\t\t\t\t<section class=\"elementor-section elementor-inner-section elementor-element elementor-element-3c25f97 elementor-section-content-middle elementor-section-full_width elementor-section-height-default elementor-section-height-default\" data-id=\"3c25f97\" data-element_type=\"section\">\n\t\t\t\t\t\t<div class=\"elementor-container elementor-column-gap-extended\">\n\t\t\t\t\t<div class=\"elementor-column elementor-col-50 elementor-inner-column elementor-element elementor-element-c0fc6b2\" data-id=\"c0fc6b2\" data-element_type=\"column\">\n\t\t\t<div class=\"elementor-widget-wrap elementor-element-populated\">\n\t\t\t\t\t\t<div class=\"elementor-element elementor-element-c8951a6 elementor-widget elementor-widget-image\" data-id=\"c8951a6\" data-element_type=\"widget\" data-widget_type=\"image.default\">\n\t\t\t\t<div class=\"elementor-widget-container\">\n\t\t\t\t\t\t\t\t\t\t\t\t\t\t\t<img decoding=\"async\" width=\"768\" height=\"432\" src=\"https:\/\/mahle-smartbike.com\/wp-content\/uploads\/2025\/03\/If_award2-768x432.webp\" class=\"attachment-medium_large size-medium_large wp-image-55900\" alt=\"\" srcset=\"https:\/\/mahle-smartbike.com\/wp-content\/uploads\/2025\/03\/If_award2-768x432.webp 768w, https:\/\/mahle-smartbike.com\/wp-content\/uploads\/2025\/03\/If_award2-300x169.webp 300w, https:\/\/mahle-smartbike.com\/wp-content\/uploads\/2025\/03\/If_award2-1024x576.webp 1024w, https:\/\/mahle-smartbike.com\/wp-content\/uploads\/2025\/03\/If_award2-1536x864.webp 1536w, https:\/\/mahle-smartbike.com\/wp-content\/uploads\/2025\/03\/If_award2.webp 1920w\" sizes=\"(max-width: 768px) 100vw, 768px\" \/>\t\t\t\t\t\t\t\t\t\t\t\t\t\t\t<\/div>\n\t\t\t\t<\/div>\n\t\t\t\t\t<\/div>\n\t\t<\/div>\n\t\t\t\t<div class=\"elementor-column elementor-col-50 elementor-inner-column elementor-element elementor-element-52299ef\" data-id=\"52299ef\" data-element_type=\"column\">\n\t\t\t<div class=\"elementor-widget-wrap elementor-element-populated\">\n\t\t\t\t\t\t<div class=\"elementor-element elementor-element-bfefcf9 elementor-widget elementor-widget-heading\" data-id=\"bfefcf9\" data-element_type=\"widget\" data-widget_type=\"heading.default\">\n\t\t\t\t<div class=\"elementor-widget-container\">\n\t\t\t\t\t<h4 class=\"elementor-heading-title elementor-size-default\">Un d\u00e9fi mondial en mati\u00e8re de design\n<\/h4>\t\t\t\t<\/div>\n\t\t\t\t<\/div>\n\t\t\t\t<div class=\"elementor-element elementor-element-afca7bd elementor-widget elementor-widget-text-editor\" data-id=\"afca7bd\" data-element_type=\"widget\" data-widget_type=\"text-editor.default\">\n\t\t\t\t<div class=\"elementor-widget-container\">\n\t\t\t\t\t\t\t\t\t<p>Depuis sa cr\u00e9ation en 1953, le prix iF DESIGN AWARD symbolise l&rsquo;excellence du design \u00e0 l&rsquo;\u00e9chelle mondiale. Le concours de cette ann\u00e9e, qui s&rsquo;est d\u00e9roul\u00e9 sur trois jours intensifs \u00e0 Hambourg, a attir\u00e9 des candidatures de designers, d&rsquo;architectes et d&rsquo;entreprises du monde entier. Le jury a appliqu\u00e9 des crit\u00e8res stricts \u2013 notamment l&rsquo;accomplissement de la t\u00e2che, la pertinence, l&rsquo;ad\u00e9quation \u00e0 l&rsquo;objectif, l&rsquo;attrait \u00e9motionnel, l&rsquo;ex\u00e9cution, l&rsquo;esth\u00e9tique, la facilit\u00e9 d&rsquo;utilisation, l&rsquo;efficacit\u00e9, les avantages pour l&rsquo;utilisateur, l&rsquo;innovation, la diff\u00e9renciation de la marque, les b\u00e9n\u00e9fices sociaux et la durabilit\u00e9 \u2013 pour s\u00e9lectionner les designs les plus remarquables.  <\/p>\n\t\t\t\t\t\t\t\t<\/div>\n\t\t\t\t<\/div>\n\t\t\t\t\t<\/div>\n\t\t<\/div>\n\t\t\t\t\t<\/div>\n\t\t<\/section>\n\t\t\t\t\t<\/div>\n\t\t<\/div>\n\t\t\t\t\t<\/div>\n\t\t<\/section>\n\t\t\t\t<section class=\"elementor-section elementor-top-section elementor-element elementor-element-377f866 elementor-reverse-mobile elementor-section-boxed elementor-section-height-default elementor-section-height-default\" data-id=\"377f866\" data-element_type=\"section\">\n\t\t\t\t\t\t<div class=\"elementor-container elementor-column-gap-default\">\n\t\t\t\t\t<div class=\"elementor-column elementor-col-100 elementor-top-column elementor-element elementor-element-af1d864\" data-id=\"af1d864\" data-element_type=\"column\">\n\t\t\t<div class=\"elementor-widget-wrap elementor-element-populated\">\n\t\t\t\t\t\t<section class=\"elementor-section elementor-inner-section elementor-element elementor-element-ee4c30e elementor-section-full_width elementor-reverse-mobile elementor-section-height-default elementor-section-height-default\" data-id=\"ee4c30e\" data-element_type=\"section\">\n\t\t\t\t\t\t<div class=\"elementor-container elementor-column-gap-extended\">\n\t\t\t\t\t<div class=\"elementor-column elementor-col-50 elementor-inner-column elementor-element elementor-element-0010648\" data-id=\"0010648\" data-element_type=\"column\">\n\t\t\t<div class=\"elementor-widget-wrap elementor-element-populated\">\n\t\t\t\t\t\t<div class=\"elementor-element elementor-element-460baa1 elementor-widget elementor-widget-heading\" data-id=\"460baa1\" data-element_type=\"widget\" data-widget_type=\"heading.default\">\n\t\t\t\t<div class=\"elementor-widget-container\">\n\t\t\t\t\t<h4 class=\"elementor-heading-title elementor-size-default\">Red\u00e9finir la simplicit\u00e9 et la durabilit\u00e9 des v\u00e9los \u00e9lectriques\n<!-- notionvc: 4d84487e-5127-4024-907f-c1b7f8003635 --><\/h4>\t\t\t\t<\/div>\n\t\t\t\t<\/div>\n\t\t\t\t<div class=\"elementor-element elementor-element-3c1b2a2 elementor-widget elementor-widget-text-editor\" data-id=\"3c1b2a2\" data-element_type=\"widget\" data-widget_type=\"text-editor.default\">\n\t\t\t\t<div class=\"elementor-widget-container\">\n\t\t\t\t\t\t\t\t\t<p>Le syst\u00e8me MAHLE XS \u00e9tablit une nouvelle r\u00e9f\u00e9rence dans la conception des v\u00e9los \u00e9lectriques. En int\u00e9grant la batterie externe ultra-l\u00e9g\u00e8re eX1, il \u00e9limine le besoin d&rsquo;une batterie interne, rendant l&rsquo;\u00e9lectrification possible pour des mod\u00e8les de v\u00e9los auparavant limit\u00e9s aux conceptions traditionnelles. Cette approche novatrice se traduit par : <br \/>\u2022 Des performances exceptionnelles : Un rapport puissance\/poids impressionnant associ\u00e9 \u00e0 des composants minimalistes garantit l&rsquo;efficacit\u00e9 et la facilit\u00e9 d&rsquo;entretien. <br \/>\u2022 Une ing\u00e9nierie durable : La conception est respectueuse de l&rsquo;environnement, contribuant \u00e0 un impact \u00e9cologique r\u00e9duit tout en maintenant des performances \u00e9lev\u00e9es. <br \/>\u2022 Une int\u00e9gration polyvalente : Compatible avec les moteurs X20 et X30 de MAHLE, le syst\u00e8me XS offre des performances robustes sans compromettre le style ou le poids. <br \/>\u2022 Une personnalisation : Id\u00e9al pour les v\u00e9los urbains et de loisirs, il offre des options illimit\u00e9es de personnalisation et une int\u00e9gration harmonieuse dans diverses plateformes cyclistes.  <\/p>\n\t\t\t\t\t\t\t\t<\/div>\n\t\t\t\t<\/div>\n\t\t\t\t\t<\/div>\n\t\t<\/div>\n\t\t\t\t<div class=\"elementor-column elementor-col-50 elementor-inner-column elementor-element elementor-element-71b922c\" data-id=\"71b922c\" data-element_type=\"column\">\n\t\t\t<div class=\"elementor-widget-wrap elementor-element-populated\">\n\t\t\t\t\t\t<div class=\"elementor-element elementor-element-d3b8b52 elementor-widget-widescreen__width-initial elementor-widget elementor-widget-image\" data-id=\"d3b8b52\" data-element_type=\"widget\" data-widget_type=\"image.default\">\n\t\t\t\t<div class=\"elementor-widget-container\">\n\t\t\t\t\t\t\t\t\t\t\t\t\t\t\t<img decoding=\"async\" width=\"768\" height=\"432\" src=\"https:\/\/mahle-smartbike.com\/wp-content\/uploads\/2025\/03\/If_award4-768x432.webp\" class=\"attachment-medium_large size-medium_large wp-image-55910\" alt=\"\" srcset=\"https:\/\/mahle-smartbike.com\/wp-content\/uploads\/2025\/03\/If_award4-768x432.webp 768w, https:\/\/mahle-smartbike.com\/wp-content\/uploads\/2025\/03\/If_award4-300x169.webp 300w, https:\/\/mahle-smartbike.com\/wp-content\/uploads\/2025\/03\/If_award4-1024x576.webp 1024w, https:\/\/mahle-smartbike.com\/wp-content\/uploads\/2025\/03\/If_award4-1536x864.webp 1536w, https:\/\/mahle-smartbike.com\/wp-content\/uploads\/2025\/03\/If_award4.webp 1920w\" sizes=\"(max-width: 768px) 100vw, 768px\" \/>\t\t\t\t\t\t\t\t\t\t\t\t\t\t\t<\/div>\n\t\t\t\t<\/div>\n\t\t\t\t\t<\/div>\n\t\t<\/div>\n\t\t\t\t\t<\/div>\n\t\t<\/section>\n\t\t\t\t\t<\/div>\n\t\t<\/div>\n\t\t\t\t\t<\/div>\n\t\t<\/section>\n\t\t\t\t<section class=\"elementor-section elementor-top-section elementor-element elementor-element-ab47124 elementor-section-boxed elementor-section-height-default elementor-section-height-default\" data-id=\"ab47124\" data-element_type=\"section\">\n\t\t\t\t\t\t<div class=\"elementor-container elementor-column-gap-default\">\n\t\t\t\t\t<div class=\"elementor-column elementor-col-100 elementor-top-column elementor-element elementor-element-4ffd34a\" data-id=\"4ffd34a\" data-element_type=\"column\">\n\t\t\t<div class=\"elementor-widget-wrap elementor-element-populated\">\n\t\t\t\t\t\t<section class=\"elementor-section elementor-inner-section elementor-element elementor-element-6023cf0 elementor-section-content-middle elementor-section-full_width elementor-section-height-default elementor-section-height-default\" data-id=\"6023cf0\" data-element_type=\"section\">\n\t\t\t\t\t\t<div class=\"elementor-container elementor-column-gap-extended\">\n\t\t\t\t\t<div class=\"elementor-column elementor-col-50 elementor-inner-column elementor-element elementor-element-8e650b4\" data-id=\"8e650b4\" data-element_type=\"column\">\n\t\t\t<div class=\"elementor-widget-wrap elementor-element-populated\">\n\t\t\t\t\t\t<div class=\"elementor-element elementor-element-f5dafc3 elementor-widget elementor-widget-image\" data-id=\"f5dafc3\" data-element_type=\"widget\" data-widget_type=\"image.default\">\n\t\t\t\t<div class=\"elementor-widget-container\">\n\t\t\t\t\t\t\t\t\t\t\t\t\t\t\t<img loading=\"lazy\" decoding=\"async\" width=\"768\" height=\"432\" src=\"https:\/\/mahle-smartbike.com\/wp-content\/uploads\/2025\/03\/If_award3-768x432.webp\" class=\"attachment-medium_large size-medium_large wp-image-55905\" alt=\"\" srcset=\"https:\/\/mahle-smartbike.com\/wp-content\/uploads\/2025\/03\/If_award3-768x432.webp 768w, https:\/\/mahle-smartbike.com\/wp-content\/uploads\/2025\/03\/If_award3-300x169.webp 300w, https:\/\/mahle-smartbike.com\/wp-content\/uploads\/2025\/03\/If_award3-1024x576.webp 1024w, https:\/\/mahle-smartbike.com\/wp-content\/uploads\/2025\/03\/If_award3-1536x864.webp 1536w, https:\/\/mahle-smartbike.com\/wp-content\/uploads\/2025\/03\/If_award3.webp 1920w\" sizes=\"(max-width: 768px) 100vw, 768px\" \/>\t\t\t\t\t\t\t\t\t\t\t\t\t\t\t<\/div>\n\t\t\t\t<\/div>\n\t\t\t\t\t<\/div>\n\t\t<\/div>\n\t\t\t\t<div class=\"elementor-column elementor-col-50 elementor-inner-column elementor-element elementor-element-1ec058c\" data-id=\"1ec058c\" data-element_type=\"column\">\n\t\t\t<div class=\"elementor-widget-wrap elementor-element-populated\">\n\t\t\t\t\t\t<div class=\"elementor-element elementor-element-af17da8 elementor-widget elementor-widget-heading\" data-id=\"af17da8\" data-element_type=\"widget\" data-widget_type=\"heading.default\">\n\t\t\t\t<div class=\"elementor-widget-container\">\n\t\t\t\t\t<h4 class=\"elementor-heading-title elementor-size-default\">C\u00e9l\u00e9brer une \u00e9tape importante dans la micromobilit\u00e9<\/h4>\t\t\t\t<\/div>\n\t\t\t\t<\/div>\n\t\t\t\t<div class=\"elementor-element elementor-element-d01358c elementor-widget elementor-widget-text-editor\" data-id=\"d01358c\" data-element_type=\"widget\" data-widget_type=\"text-editor.default\">\n\t\t\t\t<div class=\"elementor-widget-container\">\n\t\t\t\t\t\t\t\t\t<p>Ce prix est une validation claire de l&rsquo;innovation et de la r\u00e9flexion qui animent le syst\u00e8me MAHLE XS. Il ne se contente pas de diff\u00e9rencier notre produit sur un march\u00e9 concurrentiel, mais souligne \u00e9galement la pertinence sociale et le potentiel futur du design durable dans la micromobilit\u00e9. Alors que nous attendons avec impatience la soir\u00e9e de remise des prix iF Design au Friedrichstadtpalast de Berlin le 28 avril 2025, nous restons engag\u00e9s \u00e0 d\u00e9velopper des solutions pionni\u00e8res qui r\u00e9pondent aux besoins \u00e9volutifs des cyclistes du monde entier.  <\/p>\n\t\t\t\t\t\t\t\t<\/div>\n\t\t\t\t<\/div>\n\t\t\t\t\t<\/div>\n\t\t<\/div>\n\t\t\t\t\t<\/div>\n\t\t<\/section>\n\t\t\t\t\t<\/div>\n\t\t<\/div>\n\t\t\t\t\t<\/div>\n\t\t<\/section>\n\t\t\t\t<\/div>\n\t\t","protected":false},"excerpt":{"rendered":"<p>Le syst\u00e8me MAHLE XS a \u00e9t\u00e9 honor\u00e9 par le prestigieux prix iF DESIGN AWARD 2025 \u2013 une distinction mondiale qui reconna\u00eet l&rsquo;excellence exceptionnelle en mati\u00e8re de design. Avec pr\u00e8s de 11 000 candidatures provenant de 66 pays et un processus d&rsquo;\u00e9valuation rigoureux men\u00e9 par 131 jur\u00e9s internationaux, ce prix souligne la qualit\u00e9 remarquable et l&rsquo;esprit novateur de notre syst\u00e8me XS. <\/p>\n","protected":false},"featured_media":55889,"parent":0,"menu_order":0,"template":"","news-and-events":[],"class_list":["post-55927","news-event","type-news-event","status-publish","has-post-thumbnail","hentry","news-events-category-histoires"],"acf":[],"yoast_head":"<!-- This site is optimized with the Yoast SEO plugin v27.2 - https:\/\/yoast.com\/product\/yoast-seo-wordpress\/ -->\n<title>Le syst\u00e8me MAHLE XS remporte le prix iF DESIGN AWARD 2025<\/title>\n<meta name=\"description\" content=\"Le syst\u00e8me MAHLE XS a \u00e9t\u00e9 honor\u00e9 par le prestigieux prix iF DESIGN AWARD 2025 \u2013 une distinction mondiale qui reconna\u00eet l&#039;excellence exceptionnelle en mati\u00e8re de design. Avec pr\u00e8s de 11 000 candidatures provenant de 66 pays et un processus d&#039;\u00e9valuation rigoureux men\u00e9 par 131 jur\u00e9s internationaux, ce prix souligne la qualit\u00e9 remarquable et l&#039;esprit novateur de notre syst\u00e8me XS.\" \/>\n<meta name=\"robots\" content=\"index, follow, max-snippet:-1, max-image-preview:large, max-video-preview:-1\" \/>\n<link rel=\"canonical\" href=\"https:\/\/mahle-smartbike.com\/news-event\/mahle-xs-system-wins-if-design-award-2025\/\" \/>\n<meta property=\"og:locale\" content=\"fr_FR\" \/>\n<meta property=\"og:type\" content=\"article\" \/>\n<meta property=\"og:title\" content=\"Le syst\u00e8me MAHLE XS remporte le prix iF DESIGN AWARD 2025\" \/>\n<meta property=\"og:description\" content=\"Le syst\u00e8me MAHLE XS a \u00e9t\u00e9 honor\u00e9 par le prestigieux prix iF DESIGN AWARD 2025 \u2013 une distinction mondiale qui reconna\u00eet l&#039;excellence exceptionnelle en mati\u00e8re de design. Avec pr\u00e8s de 11 000 candidatures provenant de 66 pays et un processus d&#039;\u00e9valuation rigoureux men\u00e9 par 131 jur\u00e9s internationaux, ce prix souligne la qualit\u00e9 remarquable et l&#039;esprit novateur de notre syst\u00e8me XS.\" \/>\n<meta property=\"og:url\" content=\"https:\/\/mahle-smartbike.com\/news-event\/mahle-xs-system-wins-if-design-award-2025\/\" \/>\n<meta property=\"og:site_name\" content=\"MAHLE SmartBike Systems\" \/>\n<meta property=\"article:publisher\" content=\"https:\/\/www.facebook.com\/mahlesmartbikesystems\/\" \/>\n<meta property=\"article:modified_time\" content=\"2025-03-03T10:38:13+00:00\" \/>\n<meta property=\"og:image\" content=\"https:\/\/mahle-smartbike.com\/wp-content\/uploads\/2025\/03\/main_pic_NE.webp\" \/>\n\t<meta property=\"og:image:width\" content=\"1920\" \/>\n\t<meta property=\"og:image:height\" content=\"1080\" \/>\n\t<meta property=\"og:image:type\" content=\"image\/webp\" \/>\n<meta name=\"twitter:card\" content=\"summary_large_image\" \/>\n<meta name=\"twitter:label1\" content=\"Dur\u00e9e de lecture estim\u00e9e\" \/>\n\t<meta name=\"twitter:data1\" content=\"3 minutes\" \/>\n<script type=\"application\/ld+json\" class=\"yoast-schema-graph\">{\"@context\":\"https:\/\/schema.org\",\"@graph\":[{\"@type\":\"WebPage\",\"@id\":\"https:\/\/mahle-smartbike.com\/news-event\/mahle-xs-system-wins-if-design-award-2025\/\",\"url\":\"https:\/\/mahle-smartbike.com\/news-event\/mahle-xs-system-wins-if-design-award-2025\/\",\"name\":\"Le syst\u00e8me MAHLE XS remporte le prix iF DESIGN AWARD 2025\",\"isPartOf\":{\"@id\":\"https:\/\/mahle-smartbike.com\/#website\"},\"primaryImageOfPage\":{\"@id\":\"https:\/\/mahle-smartbike.com\/news-event\/mahle-xs-system-wins-if-design-award-2025\/#primaryimage\"},\"image\":{\"@id\":\"https:\/\/mahle-smartbike.com\/news-event\/mahle-xs-system-wins-if-design-award-2025\/#primaryimage\"},\"thumbnailUrl\":\"https:\/\/mahle-smartbike.com\/wp-content\/uploads\/2025\/03\/main_pic_NE.webp\",\"datePublished\":\"2025-03-03T09:30:36+00:00\",\"dateModified\":\"2025-03-03T10:38:13+00:00\",\"description\":\"Le syst\u00e8me MAHLE XS a \u00e9t\u00e9 honor\u00e9 par le prestigieux prix iF DESIGN AWARD 2025 \u2013 une distinction mondiale qui reconna\u00eet l'excellence exceptionnelle en mati\u00e8re de design. Avec pr\u00e8s de 11 000 candidatures provenant de 66 pays et un processus d'\u00e9valuation rigoureux men\u00e9 par 131 jur\u00e9s internationaux, ce prix souligne la qualit\u00e9 remarquable et l'esprit novateur de notre syst\u00e8me XS.\",\"breadcrumb\":{\"@id\":\"https:\/\/mahle-smartbike.com\/news-event\/mahle-xs-system-wins-if-design-award-2025\/#breadcrumb\"},\"inLanguage\":\"fr-FR\",\"potentialAction\":[{\"@type\":\"ReadAction\",\"target\":[\"https:\/\/mahle-smartbike.com\/news-event\/mahle-xs-system-wins-if-design-award-2025\/\"]}]},{\"@type\":\"ImageObject\",\"inLanguage\":\"fr-FR\",\"@id\":\"https:\/\/mahle-smartbike.com\/news-event\/mahle-xs-system-wins-if-design-award-2025\/#primaryimage\",\"url\":\"https:\/\/mahle-smartbike.com\/wp-content\/uploads\/2025\/03\/main_pic_NE.webp\",\"contentUrl\":\"https:\/\/mahle-smartbike.com\/wp-content\/uploads\/2025\/03\/main_pic_NE.webp\",\"width\":1920,\"height\":1080},{\"@type\":\"BreadcrumbList\",\"@id\":\"https:\/\/mahle-smartbike.com\/news-event\/mahle-xs-system-wins-if-design-award-2025\/#breadcrumb\",\"itemListElement\":[{\"@type\":\"ListItem\",\"position\":1,\"name\":\"News & Events\",\"item\":\"https:\/\/mahle-smartbike.com\/fr\/content-hub\/\"},{\"@type\":\"ListItem\",\"position\":2,\"name\":\"Le syst\u00e8me MAHLE XS remporte le prix iF DESIGN AWARD 2025\"}]},{\"@type\":\"WebSite\",\"@id\":\"https:\/\/mahle-smartbike.com\/#website\",\"url\":\"https:\/\/mahle-smartbike.com\/\",\"name\":\"MAHLE SmartBike Systems\",\"description\":\"The lightest ebike systems on the market\",\"publisher\":{\"@id\":\"https:\/\/mahle-smartbike.com\/#organization\"},\"potentialAction\":[{\"@type\":\"SearchAction\",\"target\":{\"@type\":\"EntryPoint\",\"urlTemplate\":\"https:\/\/mahle-smartbike.com\/?s={search_term_string}\"},\"query-input\":{\"@type\":\"PropertyValueSpecification\",\"valueRequired\":true,\"valueName\":\"search_term_string\"}}],\"inLanguage\":\"fr-FR\"},{\"@type\":\"Organization\",\"@id\":\"https:\/\/mahle-smartbike.com\/#organization\",\"name\":\"MAHLE SmartBike Systems\",\"url\":\"https:\/\/mahle-smartbike.com\/\",\"logo\":{\"@type\":\"ImageObject\",\"inLanguage\":\"fr-FR\",\"@id\":\"https:\/\/mahle-smartbike.com\/#\/schema\/logo\/image\/\",\"url\":\"https:\/\/mahle-smartbike.com\/wp-content\/uploads\/2024\/05\/MAHLE-SmartBike-Systems-Logo-1-1.jpg\",\"contentUrl\":\"https:\/\/mahle-smartbike.com\/wp-content\/uploads\/2024\/05\/MAHLE-SmartBike-Systems-Logo-1-1.jpg\",\"width\":1920,\"height\":1920,\"caption\":\"MAHLE SmartBike Systems\"},\"image\":{\"@id\":\"https:\/\/mahle-smartbike.com\/#\/schema\/logo\/image\/\"},\"sameAs\":[\"https:\/\/www.facebook.com\/mahlesmartbikesystems\/\",\"https:\/\/www.instagram.com\/mahle_smartbikesystems\/\",\"https:\/\/www.linkedin.com\/company\/mahlesmartbikesystems\/\",\"https:\/\/www.youtube.com\/channel\/UCgfNyF-Wtgq0WTlzsV8bDmQ\",\"https:\/\/www.strava.com\/clubs\/mahle\",\"https:\/\/www.tiktok.com\/@mahlesmartbikesystems\"]}]}<\/script>\n<!-- \/ Yoast SEO plugin. -->","yoast_head_json":{"title":"Le syst\u00e8me MAHLE XS remporte le prix iF DESIGN AWARD 2025","description":"Le syst\u00e8me MAHLE XS a \u00e9t\u00e9 honor\u00e9 par le prestigieux prix iF DESIGN AWARD 2025 \u2013 une distinction mondiale qui reconna\u00eet l'excellence exceptionnelle en mati\u00e8re de design. Avec pr\u00e8s de 11 000 candidatures provenant de 66 pays et un processus d'\u00e9valuation rigoureux men\u00e9 par 131 jur\u00e9s internationaux, ce prix souligne la qualit\u00e9 remarquable et l'esprit novateur de notre syst\u00e8me XS.","robots":{"index":"index","follow":"follow","max-snippet":"max-snippet:-1","max-image-preview":"max-image-preview:large","max-video-preview":"max-video-preview:-1"},"canonical":"https:\/\/mahle-smartbike.com\/news-event\/mahle-xs-system-wins-if-design-award-2025\/","og_locale":"fr_FR","og_type":"article","og_title":"Le syst\u00e8me MAHLE XS remporte le prix iF DESIGN AWARD 2025","og_description":"Le syst\u00e8me MAHLE XS a \u00e9t\u00e9 honor\u00e9 par le prestigieux prix iF DESIGN AWARD 2025 \u2013 une distinction mondiale qui reconna\u00eet l'excellence exceptionnelle en mati\u00e8re de design. Avec pr\u00e8s de 11 000 candidatures provenant de 66 pays et un processus d'\u00e9valuation rigoureux men\u00e9 par 131 jur\u00e9s internationaux, ce prix souligne la qualit\u00e9 remarquable et l'esprit novateur de notre syst\u00e8me XS.","og_url":"https:\/\/mahle-smartbike.com\/news-event\/mahle-xs-system-wins-if-design-award-2025\/","og_site_name":"MAHLE SmartBike Systems","article_publisher":"https:\/\/www.facebook.com\/mahlesmartbikesystems\/","article_modified_time":"2025-03-03T10:38:13+00:00","og_image":[{"width":1920,"height":1080,"url":"https:\/\/mahle-smartbike.com\/wp-content\/uploads\/2025\/03\/main_pic_NE.webp","type":"image\/webp"}],"twitter_card":"summary_large_image","twitter_misc":{"Dur\u00e9e de lecture estim\u00e9e":"3 minutes"},"schema":{"@context":"https:\/\/schema.org","@graph":[{"@type":"WebPage","@id":"https:\/\/mahle-smartbike.com\/news-event\/mahle-xs-system-wins-if-design-award-2025\/","url":"https:\/\/mahle-smartbike.com\/news-event\/mahle-xs-system-wins-if-design-award-2025\/","name":"Le syst\u00e8me MAHLE XS remporte le prix iF DESIGN AWARD 2025","isPartOf":{"@id":"https:\/\/mahle-smartbike.com\/#website"},"primaryImageOfPage":{"@id":"https:\/\/mahle-smartbike.com\/news-event\/mahle-xs-system-wins-if-design-award-2025\/#primaryimage"},"image":{"@id":"https:\/\/mahle-smartbike.com\/news-event\/mahle-xs-system-wins-if-design-award-2025\/#primaryimage"},"thumbnailUrl":"https:\/\/mahle-smartbike.com\/wp-content\/uploads\/2025\/03\/main_pic_NE.webp","datePublished":"2025-03-03T09:30:36+00:00","dateModified":"2025-03-03T10:38:13+00:00","description":"Le syst\u00e8me MAHLE XS a \u00e9t\u00e9 honor\u00e9 par le prestigieux prix iF DESIGN AWARD 2025 \u2013 une distinction mondiale qui reconna\u00eet l'excellence exceptionnelle en mati\u00e8re de design. Avec pr\u00e8s de 11 000 candidatures provenant de 66 pays et un processus d'\u00e9valuation rigoureux men\u00e9 par 131 jur\u00e9s internationaux, ce prix souligne la qualit\u00e9 remarquable et l'esprit novateur de notre syst\u00e8me XS.","breadcrumb":{"@id":"https:\/\/mahle-smartbike.com\/news-event\/mahle-xs-system-wins-if-design-award-2025\/#breadcrumb"},"inLanguage":"fr-FR","potentialAction":[{"@type":"ReadAction","target":["https:\/\/mahle-smartbike.com\/news-event\/mahle-xs-system-wins-if-design-award-2025\/"]}]},{"@type":"ImageObject","inLanguage":"fr-FR","@id":"https:\/\/mahle-smartbike.com\/news-event\/mahle-xs-system-wins-if-design-award-2025\/#primaryimage","url":"https:\/\/mahle-smartbike.com\/wp-content\/uploads\/2025\/03\/main_pic_NE.webp","contentUrl":"https:\/\/mahle-smartbike.com\/wp-content\/uploads\/2025\/03\/main_pic_NE.webp","width":1920,"height":1080},{"@type":"BreadcrumbList","@id":"https:\/\/mahle-smartbike.com\/news-event\/mahle-xs-system-wins-if-design-award-2025\/#breadcrumb","itemListElement":[{"@type":"ListItem","position":1,"name":"News & Events","item":"https:\/\/mahle-smartbike.com\/fr\/content-hub\/"},{"@type":"ListItem","position":2,"name":"Le syst\u00e8me MAHLE XS remporte le prix iF DESIGN AWARD 2025"}]},{"@type":"WebSite","@id":"https:\/\/mahle-smartbike.com\/#website","url":"https:\/\/mahle-smartbike.com\/","name":"MAHLE SmartBike Systems","description":"The lightest ebike systems on the market","publisher":{"@id":"https:\/\/mahle-smartbike.com\/#organization"},"potentialAction":[{"@type":"SearchAction","target":{"@type":"EntryPoint","urlTemplate":"https:\/\/mahle-smartbike.com\/?s={search_term_string}"},"query-input":{"@type":"PropertyValueSpecification","valueRequired":true,"valueName":"search_term_string"}}],"inLanguage":"fr-FR"},{"@type":"Organization","@id":"https:\/\/mahle-smartbike.com\/#organization","name":"MAHLE SmartBike Systems","url":"https:\/\/mahle-smartbike.com\/","logo":{"@type":"ImageObject","inLanguage":"fr-FR","@id":"https:\/\/mahle-smartbike.com\/#\/schema\/logo\/image\/","url":"https:\/\/mahle-smartbike.com\/wp-content\/uploads\/2024\/05\/MAHLE-SmartBike-Systems-Logo-1-1.jpg","contentUrl":"https:\/\/mahle-smartbike.com\/wp-content\/uploads\/2024\/05\/MAHLE-SmartBike-Systems-Logo-1-1.jpg","width":1920,"height":1920,"caption":"MAHLE SmartBike Systems"},"image":{"@id":"https:\/\/mahle-smartbike.com\/#\/schema\/logo\/image\/"},"sameAs":["https:\/\/www.facebook.com\/mahlesmartbikesystems\/","https:\/\/www.instagram.com\/mahle_smartbikesystems\/","https:\/\/www.linkedin.com\/company\/mahlesmartbikesystems\/","https:\/\/www.youtube.com\/channel\/UCgfNyF-Wtgq0WTlzsV8bDmQ","https:\/\/www.strava.com\/clubs\/mahle","https:\/\/www.tiktok.com\/@mahlesmartbikesystems"]}]}},"_links":{"self":[{"href":"https:\/\/mahle-smartbike.com\/fr\/wp-json\/wp\/v2\/news-events\/55927","targetHints":{"allow":["GET"]}}],"collection":[{"href":"https:\/\/mahle-smartbike.com\/fr\/wp-json\/wp\/v2\/news-events"}],"about":[{"href":"https:\/\/mahle-smartbike.com\/fr\/wp-json\/wp\/v2\/types\/news-event"}],"version-history":[{"count":0,"href":"https:\/\/mahle-smartbike.com\/fr\/wp-json\/wp\/v2\/news-events\/55927\/revisions"}],"wp:featuredmedia":[{"embeddable":true,"href":"https:\/\/mahle-smartbike.com\/fr\/wp-json\/wp\/v2\/media\/55889"}],"wp:attachment":[{"href":"https:\/\/mahle-smartbike.com\/fr\/wp-json\/wp\/v2\/media?parent=55927"}],"wp:term":[{"taxonomy":"news-and-events","embeddable":true,"href":"https:\/\/mahle-smartbike.com\/fr\/wp-json\/wp\/v2\/news-and-events?post=55927"}],"curies":[{"name":"wp","href":"https:\/\/api.w.org\/{rel}","templated":true}]}}