{"id":58316,"date":"2025-04-30T16:00:36","date_gmt":"2025-04-30T14:00:36","guid":{"rendered":"https:\/\/mahle-smartbike.com\/?post_type=news-event&#038;p=58316"},"modified":"2025-05-02T10:40:34","modified_gmt":"2025-05-02T08:40:34","slug":"mahle-smartbike-systems-revient-au-giro-e-2025","status":"publish","type":"news-event","link":"https:\/\/mahle-smartbike.com\/fr\/content-hub\/mahle-smartbike-systems-revient-au-giro-e-2025\/","title":{"rendered":"MAHLE SmartBike Systems revient au Giro-E 2025"},"content":{"rendered":"\t\t<div data-elementor-type=\"wp-post\" data-elementor-id=\"58316\" class=\"elementor elementor-58316 elementor-58236\" data-elementor-post-type=\"news-event\">\n\t\t\t\t\t\t<section class=\"elementor-section elementor-top-section elementor-element elementor-element-165e2493 elementor-section-full_width sticky-inner-header elementor-section-height-min-height elementor-section-height-default elementor-section-items-middle\" data-id=\"165e2493\" data-element_type=\"section\" data-settings=\"{&quot;background_background&quot;:&quot;classic&quot;,&quot;sticky&quot;:&quot;top&quot;,&quot;sticky_offset&quot;:72,&quot;sticky_on&quot;:[&quot;widescreen&quot;,&quot;desktop&quot;,&quot;tablet&quot;,&quot;mobile_extra&quot;,&quot;mobile&quot;],&quot;sticky_effects_offset&quot;:0,&quot;sticky_anchor_link_offset&quot;:0}\">\n\t\t\t\t\t\t<div class=\"elementor-container elementor-column-gap-default\">\n\t\t\t\t\t<div class=\"elementor-column elementor-col-100 elementor-top-column elementor-element elementor-element-30262c6\" data-id=\"30262c6\" data-element_type=\"column\">\n\t\t\t<div class=\"elementor-widget-wrap elementor-element-populated\">\n\t\t\t\t\t\t<section class=\"elementor-section elementor-inner-section elementor-element elementor-element-18424cef elementor-section-content-middle elementor-section-boxed elementor-section-height-default elementor-section-height-default\" data-id=\"18424cef\" data-element_type=\"section\">\n\t\t\t\t\t\t<div class=\"elementor-container elementor-column-gap-default\">\n\t\t\t\t\t<div class=\"elementor-column elementor-col-100 elementor-inner-column elementor-element elementor-element-2cb48e52\" data-id=\"2cb48e52\" data-element_type=\"column\">\n\t\t\t<div class=\"elementor-widget-wrap elementor-element-populated\">\n\t\t\t\t\t\t<div class=\"elementor-element elementor-element-7cccddd8 elementor-widget-tablet__width-initial elementor-widget-mobile_extra__width-initial elementor-widget-mobile__width-initial elementor-widget elementor-widget-heading\" data-id=\"7cccddd8\" data-element_type=\"widget\" data-widget_type=\"heading.default\">\n\t\t\t\t<div class=\"elementor-widget-container\">\n\t\t\t\t\t<h3 class=\"elementor-heading-title elementor-size-default\">MAHLE SmartBike Systems revient au Giro-E 2025<\/h3>\t\t\t\t<\/div>\n\t\t\t\t<\/div>\n\t\t\t\t\t<\/div>\n\t\t<\/div>\n\t\t\t\t\t<\/div>\n\t\t<\/section>\n\t\t\t\t\t<\/div>\n\t\t<\/div>\n\t\t\t\t\t<\/div>\n\t\t<\/section>\n\t\t\t\t<section class=\"elementor-section elementor-top-section elementor-element elementor-element-7d5e62ec elementor-section-full_width elementor-section-height-min-height elementor-section-items-top elementor-section-content-middle elementor-section-height-default\" data-id=\"7d5e62ec\" data-element_type=\"section\" data-settings=\"{&quot;background_background&quot;:&quot;video&quot;,&quot;background_play_on_mobile&quot;:&quot;yes&quot;}\">\n\t\t\t\t\t\t\t<div class=\"elementor-background-overlay\"><\/div>\n\t\t\t\t\t\t\t<div class=\"elementor-container elementor-column-gap-default\">\n\t\t\t\t\t<div class=\"elementor-column elementor-col-100 elementor-top-column elementor-element elementor-element-a21e2a7\" data-id=\"a21e2a7\" data-element_type=\"column\">\n\t\t\t<div class=\"elementor-widget-wrap\">\n\t\t\t\t\t\t\t<\/div>\n\t\t<\/div>\n\t\t\t\t\t<\/div>\n\t\t<\/section>\n\t\t\t\t<section class=\"elementor-section elementor-top-section elementor-element elementor-element-b8b67bf elementor-section-boxed elementor-section-height-default elementor-section-height-default\" data-id=\"b8b67bf\" data-element_type=\"section\">\n\t\t\t\t\t\t<div class=\"elementor-container elementor-column-gap-default\">\n\t\t\t\t\t<div class=\"elementor-column elementor-col-100 elementor-top-column elementor-element elementor-element-4761fef elementor-invisible\" data-id=\"4761fef\" data-element_type=\"column\" data-settings=\"{&quot;animation&quot;:&quot;fadeInUp&quot;}\">\n\t\t\t<div class=\"elementor-widget-wrap elementor-element-populated\">\n\t\t\t\t\t\t<div class=\"elementor-element elementor-element-667d6992 elementor-widget elementor-widget-text-editor\" data-id=\"667d6992\" data-element_type=\"widget\" data-widget_type=\"text-editor.default\">\n\t\t\t\t<div class=\"elementor-widget-container\">\n\t\t\t\t\t\t\t\t\t<p>Nous sommes honor\u00e9s de confirmer notre collaboration renouvel\u00e9e avec l&rsquo;\u00e9quipe Sara Assicurazioni et Orbea pour le Giro-E 2025, qui se d\u00e9roulera en Italie du 10 mai au 1er juin 2025.<\/p>\t\t\t\t\t\t\t\t<\/div>\n\t\t\t\t<\/div>\n\t\t\t\t\t<\/div>\n\t\t<\/div>\n\t\t\t\t\t<\/div>\n\t\t<\/section>\n\t\t\t\t<section class=\"elementor-section elementor-top-section elementor-element elementor-element-a18fe42 elementor-section-boxed elementor-section-height-default elementor-section-height-default\" data-id=\"a18fe42\" data-element_type=\"section\" id=\"application\">\n\t\t\t\t\t\t<div class=\"elementor-container elementor-column-gap-default\">\n\t\t\t\t\t<div class=\"elementor-column elementor-col-100 elementor-top-column elementor-element elementor-element-18a456f9\" data-id=\"18a456f9\" data-element_type=\"column\">\n\t\t\t<div class=\"elementor-widget-wrap elementor-element-populated\">\n\t\t\t\t\t\t<section class=\"elementor-section elementor-inner-section elementor-element elementor-element-790f1740 elementor-section-content-middle elementor-reverse-mobile_extra elementor-reverse-mobile elementor-section-boxed elementor-section-height-default elementor-section-height-default\" data-id=\"790f1740\" data-element_type=\"section\">\n\t\t\t\t\t\t<div class=\"elementor-container elementor-column-gap-default\">\n\t\t\t\t\t<div class=\"elementor-column elementor-col-50 elementor-inner-column elementor-element elementor-element-7610a74e\" data-id=\"7610a74e\" data-element_type=\"column\">\n\t\t\t<div class=\"elementor-widget-wrap elementor-element-populated\">\n\t\t\t\t\t\t<div class=\"elementor-element elementor-element-a156f62 elementor-invisible elementor-widget elementor-widget-heading\" data-id=\"a156f62\" data-element_type=\"widget\" data-settings=\"{&quot;_animation&quot;:&quot;fadeInUp&quot;}\" data-widget_type=\"heading.default\">\n\t\t\t\t<div class=\"elementor-widget-container\">\n\t\t\t\t\t<h4 class=\"elementor-heading-title elementor-size-default\">Partenariat avec Orbea et l'\u00e9quipe Sara Assicurazioni<\/h4>\t\t\t\t<\/div>\n\t\t\t\t<\/div>\n\t\t\t\t<div class=\"elementor-element elementor-element-0e6a989 elementor-widget elementor-widget-text-editor\" data-id=\"0e6a989\" data-element_type=\"widget\" data-widget_type=\"text-editor.default\">\n\t\t\t\t<div class=\"elementor-widget-container\">\n\t\t\t\t\t\t\t\t\t<p>Apr\u00e8s la victoire de l&rsquo;ann\u00e9e derni\u00e8re, nous sommes de retour avec l&rsquo;objectif ferme de d\u00e9fendre le titre.<\/p><p><span lang=\"EN-US\" xml:lang=\"EN-US\" data-contrast=\"auto\">Les v\u00e9los \u00e9lectriques Orbea Gain de l&rsquo;\u00e9quipe Sara Assicurazioni, propuls\u00e9s par le syst\u00e8me MAHLE X20, sont pr\u00eats \u00e0 relever le d\u00e9fi. <\/span><\/p>\t\t\t\t\t\t\t\t<\/div>\n\t\t\t\t<\/div>\n\t\t\t\t\t<\/div>\n\t\t<\/div>\n\t\t\t\t<div class=\"elementor-column elementor-col-50 elementor-inner-column elementor-element elementor-element-1963bfbb\" data-id=\"1963bfbb\" data-element_type=\"column\">\n\t\t\t<div class=\"elementor-widget-wrap elementor-element-populated\">\n\t\t\t\t\t\t<div class=\"elementor-element elementor-element-e55351c elementor-invisible elementor-widget elementor-widget-image\" data-id=\"e55351c\" data-element_type=\"widget\" data-settings=\"{&quot;_animation&quot;:&quot;fadeInUp&quot;}\" data-widget_type=\"image.default\">\n\t\t\t\t<div class=\"elementor-widget-container\">\n\t\t\t\t\t\t\t\t\t\t\t\t\t\t\t\t<a href=\"https:\/\/mahle-smartbike.com\/wp-content\/uploads\/2025\/04\/Diseno-sin-titulo-8.jpg\" data-elementor-open-lightbox=\"yes\" data-elementor-lightbox-title=\"Dise\u00f1o sin t\u00edtulo (8)\" data-e-action-hash=\"#elementor-action%3Aaction%3Dlightbox%26settings%3DeyJpZCI6NTgyNzMsInVybCI6Imh0dHBzOlwvXC9tYWhsZS1zbWFydGJpa2UuY29tXC93cC1jb250ZW50XC91cGxvYWRzXC8yMDI1XC8wNFwvRGlzZW5vLXNpbi10aXR1bG8tOC5qcGcifQ%3D%3D\">\n\t\t\t\t\t\t\t<img fetchpriority=\"high\" decoding=\"async\" width=\"1920\" height=\"1080\" src=\"https:\/\/mahle-smartbike.com\/wp-content\/uploads\/2025\/04\/Diseno-sin-titulo-8.jpg\" class=\"attachment-full size-full wp-image-58273\" alt=\"\" srcset=\"https:\/\/mahle-smartbike.com\/wp-content\/uploads\/2025\/04\/Diseno-sin-titulo-8.jpg 1920w, https:\/\/mahle-smartbike.com\/wp-content\/uploads\/2025\/04\/Diseno-sin-titulo-8-300x169.jpg 300w, https:\/\/mahle-smartbike.com\/wp-content\/uploads\/2025\/04\/Diseno-sin-titulo-8-1024x576.jpg 1024w, https:\/\/mahle-smartbike.com\/wp-content\/uploads\/2025\/04\/Diseno-sin-titulo-8-768x432.jpg 768w, https:\/\/mahle-smartbike.com\/wp-content\/uploads\/2025\/04\/Diseno-sin-titulo-8-1536x864.jpg 1536w\" sizes=\"(max-width: 1920px) 100vw, 1920px\" \/>\t\t\t\t\t\t\t\t<\/a>\n\t\t\t\t\t\t\t\t\t\t\t\t\t\t\t<\/div>\n\t\t\t\t<\/div>\n\t\t\t\t\t<\/div>\n\t\t<\/div>\n\t\t\t\t\t<\/div>\n\t\t<\/section>\n\t\t\t\t\t<\/div>\n\t\t<\/div>\n\t\t\t\t\t<\/div>\n\t\t<\/section>\n\t\t\t\t<section class=\"elementor-section elementor-top-section elementor-element elementor-element-d17b73d elementor-section-boxed elementor-section-height-default elementor-section-height-default\" data-id=\"d17b73d\" data-element_type=\"section\">\n\t\t\t\t\t\t<div class=\"elementor-container elementor-column-gap-default\">\n\t\t\t\t\t<div class=\"elementor-column elementor-col-100 elementor-top-column elementor-element elementor-element-f184868\" data-id=\"f184868\" data-element_type=\"column\">\n\t\t\t<div class=\"elementor-widget-wrap elementor-element-populated\">\n\t\t\t\t\t\t<section class=\"elementor-section elementor-inner-section elementor-element elementor-element-8bb6095 elementor-section-content-middle elementor-section-boxed elementor-section-height-default elementor-section-height-default\" data-id=\"8bb6095\" data-element_type=\"section\">\n\t\t\t\t\t\t<div class=\"elementor-container elementor-column-gap-default\">\n\t\t\t\t\t<div class=\"elementor-column elementor-col-50 elementor-inner-column elementor-element elementor-element-a2e2fe0\" data-id=\"a2e2fe0\" data-element_type=\"column\">\n\t\t\t<div class=\"elementor-widget-wrap elementor-element-populated\">\n\t\t\t\t\t\t<div class=\"elementor-element elementor-element-97993eb elementor-invisible elementor-widget elementor-widget-image\" data-id=\"97993eb\" data-element_type=\"widget\" data-settings=\"{&quot;_animation&quot;:&quot;fadeInUp&quot;}\" data-widget_type=\"image.default\">\n\t\t\t\t<div class=\"elementor-widget-container\">\n\t\t\t\t\t\t\t\t\t\t\t\t\t\t\t\t<a href=\"https:\/\/mahle-smartbike.com\/wp-content\/uploads\/2025\/04\/Booth-D31.jpg\" data-elementor-open-lightbox=\"yes\" data-elementor-lightbox-title=\"Booth D31\" data-e-action-hash=\"#elementor-action%3Aaction%3Dlightbox%26settings%3DeyJpZCI6NTg0MTEsInVybCI6Imh0dHBzOlwvXC9tYWhsZS1zbWFydGJpa2UuY29tXC93cC1jb250ZW50XC91cGxvYWRzXC8yMDI1XC8wNFwvQm9vdGgtRDMxLmpwZyJ9\">\n\t\t\t\t\t\t\t<img decoding=\"async\" width=\"1920\" height=\"1080\" src=\"https:\/\/mahle-smartbike.com\/wp-content\/uploads\/2025\/04\/Booth-D31.jpg\" class=\"attachment-full size-full wp-image-58411\" alt=\"\" srcset=\"https:\/\/mahle-smartbike.com\/wp-content\/uploads\/2025\/04\/Booth-D31.jpg 1920w, https:\/\/mahle-smartbike.com\/wp-content\/uploads\/2025\/04\/Booth-D31-300x169.jpg 300w, https:\/\/mahle-smartbike.com\/wp-content\/uploads\/2025\/04\/Booth-D31-1024x576.jpg 1024w, https:\/\/mahle-smartbike.com\/wp-content\/uploads\/2025\/04\/Booth-D31-768x432.jpg 768w, https:\/\/mahle-smartbike.com\/wp-content\/uploads\/2025\/04\/Booth-D31-1536x864.jpg 1536w\" sizes=\"(max-width: 1920px) 100vw, 1920px\" \/>\t\t\t\t\t\t\t\t<\/a>\n\t\t\t\t\t\t\t\t\t\t\t\t\t\t\t<\/div>\n\t\t\t\t<\/div>\n\t\t\t\t\t<\/div>\n\t\t<\/div>\n\t\t\t\t<div class=\"elementor-column elementor-col-50 elementor-inner-column elementor-element elementor-element-433ba87\" data-id=\"433ba87\" data-element_type=\"column\">\n\t\t\t<div class=\"elementor-widget-wrap elementor-element-populated\">\n\t\t\t\t\t\t<div class=\"elementor-element elementor-element-c89c1a0 elementor-widget elementor-widget-heading\" data-id=\"c89c1a0\" data-element_type=\"widget\" data-widget_type=\"heading.default\">\n\t\t\t\t<div class=\"elementor-widget-container\">\n\t\t\t\t\t<h4 class=\"elementor-heading-title elementor-size-default\">Rencontre avec Marco Mattioli, Directeur Marketing de Sara Assicurazioni<\/h4>\t\t\t\t<\/div>\n\t\t\t\t<\/div>\n\t\t\t\t<div class=\"elementor-element elementor-element-6e5595c elementor-widget elementor-widget-text-editor\" data-id=\"6e5595c\" data-element_type=\"widget\" data-widget_type=\"text-editor.default\">\n\t\t\t\t<div class=\"elementor-widget-container\">\n\t\t\t\t\t\t\t\t\t<div>Nous examinerons les raisons pour lesquelles Sara Assicurazioni investit dans l&rsquo;avenir du cyclisme durable, l&rsquo;importance strat\u00e9gique de leur partenariat avec MAHLE SmartBike Systems et Orbea dans le Giro-E, ainsi que notre vision de la mobilit\u00e9 \u00e9lectrifi\u00e9e.<\/div>\n<div>&nbsp;<\/div>\n<div>\n<div>&nbsp;\ud83d\udcc6 3 mai \u23f1 11h30<\/div>\n<div>\ud83d\udccd Stand D31, Riva del Garda<\/div>\n<\/div>\t\t\t\t\t\t\t\t<\/div>\n\t\t\t\t<\/div>\n\t\t\t\t\t<\/div>\n\t\t<\/div>\n\t\t\t\t\t<\/div>\n\t\t<\/section>\n\t\t\t\t\t<\/div>\n\t\t<\/div>\n\t\t\t\t\t<\/div>\n\t\t<\/section>\n\t\t\t\t<section class=\"elementor-section elementor-top-section elementor-element elementor-element-f214da2 elementor-section-boxed elementor-section-height-default elementor-section-height-default\" data-id=\"f214da2\" data-element_type=\"section\">\n\t\t\t\t\t\t<div class=\"elementor-container elementor-column-gap-default\">\n\t\t\t\t\t<div class=\"elementor-column elementor-col-50 elementor-top-column elementor-element elementor-element-28a7693\" data-id=\"28a7693\" data-element_type=\"column\">\n\t\t\t<div class=\"elementor-widget-wrap elementor-element-populated\">\n\t\t\t\t\t\t<div class=\"elementor-element elementor-element-4d18a88 elementor-widget elementor-widget-heading\" data-id=\"4d18a88\" data-element_type=\"widget\" data-widget_type=\"heading.default\">\n\t\t\t\t<div class=\"elementor-widget-container\">\n\t\t\t\t\t<h4 class=\"elementor-heading-title elementor-size-default\">Lancez le d\u00e9fi Giro-E sur Strava !<\/h4>\t\t\t\t<\/div>\n\t\t\t\t<\/div>\n\t\t\t\t<div class=\"elementor-element elementor-element-74343d9 elementor-widget elementor-widget-text-editor\" data-id=\"74343d9\" data-element_type=\"widget\" data-widget_type=\"text-editor.default\">\n\t\t\t\t<div class=\"elementor-widget-container\">\n\t\t\t\t\t\t\t\t\t<p>Du 12 mai au 1er juin 2025, participez \u00e0 notre d\u00e9fi eBike qui refl\u00e8te \u00e9troitement le Giro-E (10 mai &#8211; 1er juin). Enregistrez chaque kilom\u00e8tre : un maillot MAHLE \u00d7 GOBIK sera tir\u00e9 au sort parmi les 10 premiers cyclistes. <\/p>\n<p>Comment participer<\/p>\n<ol>\n<li>Rejoignez le club MAHLE SmartBike Systems sur Strava avant le 12 mai.<\/li>\n<li>Circulez sur votre eBike et enregistrez chaque sortie sur Strava entre le 12 mai et le 1er juin.<\/li>\n<\/ol>\t\t\t\t\t\t\t\t<\/div>\n\t\t\t\t<\/div>\n\t\t\t\t\t<\/div>\n\t\t<\/div>\n\t\t\t\t<div class=\"elementor-column elementor-col-50 elementor-top-column elementor-element elementor-element-5100129\" data-id=\"5100129\" data-element_type=\"column\">\n\t\t\t<div class=\"elementor-widget-wrap elementor-element-populated\">\n\t\t\t\t\t\t<div class=\"elementor-element elementor-element-1894af2 elementor-widget elementor-widget-image\" data-id=\"1894af2\" data-element_type=\"widget\" data-widget_type=\"image.default\">\n\t\t\t\t<div class=\"elementor-widget-container\">\n\t\t\t\t\t\t\t\t\t\t\t\t\t\t\t<img decoding=\"async\" width=\"800\" height=\"450\" src=\"https:\/\/mahle-smartbike.com\/wp-content\/uploads\/2025\/04\/jCq0UETsJfXvjy6pnbuY_220524-045654-scaled-1-1024x576.webp\" class=\"attachment-large size-large wp-image-58304\" alt=\"\" srcset=\"https:\/\/mahle-smartbike.com\/wp-content\/uploads\/2025\/04\/jCq0UETsJfXvjy6pnbuY_220524-045654-scaled-1-1024x576.webp 1024w, https:\/\/mahle-smartbike.com\/wp-content\/uploads\/2025\/04\/jCq0UETsJfXvjy6pnbuY_220524-045654-scaled-1-300x169.webp 300w, https:\/\/mahle-smartbike.com\/wp-content\/uploads\/2025\/04\/jCq0UETsJfXvjy6pnbuY_220524-045654-scaled-1-768x432.webp 768w, https:\/\/mahle-smartbike.com\/wp-content\/uploads\/2025\/04\/jCq0UETsJfXvjy6pnbuY_220524-045654-scaled-1-1536x864.webp 1536w, https:\/\/mahle-smartbike.com\/wp-content\/uploads\/2025\/04\/jCq0UETsJfXvjy6pnbuY_220524-045654-scaled-1.webp 1920w\" sizes=\"(max-width: 800px) 100vw, 800px\" \/>\t\t\t\t\t\t\t\t\t\t\t\t\t\t\t<\/div>\n\t\t\t\t<\/div>\n\t\t\t\t\t<\/div>\n\t\t<\/div>\n\t\t\t\t\t<\/div>\n\t\t<\/section>\n\t\t\t\t<section class=\"elementor-section elementor-top-section elementor-element elementor-element-f0112ca elementor-section-boxed elementor-section-height-default elementor-section-height-default\" data-id=\"f0112ca\" data-element_type=\"section\">\n\t\t\t\t\t\t<div class=\"elementor-container elementor-column-gap-default\">\n\t\t\t\t\t<div class=\"elementor-column elementor-col-100 elementor-top-column elementor-element elementor-element-59702d0\" data-id=\"59702d0\" data-element_type=\"column\">\n\t\t\t<div class=\"elementor-widget-wrap elementor-element-populated\">\n\t\t\t\t\t\t<div class=\"elementor-element elementor-element-8e5366a elementor-align-center mahle-blue-btn elementor-widget__width-auto elementor-invisible elementor-widget elementor-widget-button\" data-id=\"8e5366a\" data-element_type=\"widget\" data-settings=\"{&quot;_animation&quot;:&quot;fadeInUp&quot;}\" data-widget_type=\"button.default\">\n\t\t\t\t<div class=\"elementor-widget-container\">\n\t\t\t\t\t\t\t\t\t<div class=\"elementor-button-wrapper\">\n\t\t\t\t\t<a class=\"elementor-button elementor-button-link elementor-size-sm\" href=\"https:\/\/www.strava.com\/clubs\/mahle\" target=\"_blank\">\n\t\t\t\t\t\t<span class=\"elementor-button-content-wrapper\">\n\t\t\t\t\t\t<span class=\"elementor-button-icon\">\n\t\t\t\t<svg xmlns=\"http:\/\/www.w3.org\/2000\/svg\" width=\"14.251\" height=\"27.104\" viewBox=\"0 0 14.251 27.104\"><path id=\"Path_3710\" data-name=\"Path 3710\" d=\"M69.329.558,82.18,13.692,69.048,26.544l.553.565L83.3,13.7,69.895,0Z\" transform=\"translate(-69.048 -0.005)\" fill=\"#ffffff\"><\/path><\/svg>\t\t\t<\/span>\n\t\t\t\t\t\t\t\t\t<span class=\"elementor-button-text\">Rejoindre le club Strava<\/span>\n\t\t\t\t\t<\/span>\n\t\t\t\t\t<\/a>\n\t\t\t\t<\/div>\n\t\t\t\t\t\t\t\t<\/div>\n\t\t\t\t<\/div>\n\t\t\t\t\t<\/div>\n\t\t<\/div>\n\t\t\t\t\t<\/div>\n\t\t<\/section>\n\t\t<div class=\"elementor-element elementor-element-3c5fa22 e-flex e-con-boxed e-con e-parent\" data-id=\"3c5fa22\" data-element_type=\"container\">\n\t\t\t\t\t<div class=\"e-con-inner\">\n\t\t\t\t\t<\/div>\n\t\t\t\t<\/div>\n\t\t\t\t<\/div>\n\t\t","protected":false},"excerpt":{"rendered":"<p>Nous sommes honor\u00e9s de confirmer notre collaboration renouvel\u00e9e avec l&rsquo;\u00e9quipe Sara Assicurazioni et Orbea pour le Giro-E 2025, qui se d\u00e9roulera en Italie du 10 mai au 1er juin 2025.<\/p>\n","protected":false},"featured_media":58252,"parent":0,"menu_order":0,"template":"","news-and-events":[],"class_list":["post-58316","news-event","type-news-event","status-publish","has-post-thumbnail","hentry","news-events-category-vnement"],"acf":[],"yoast_head":"<!-- This site is optimized with the Yoast SEO plugin v27.2 - https:\/\/yoast.com\/product\/yoast-seo-wordpress\/ -->\n<title>MAHLE SmartBike Systems revient au Giro-E 2025 - MAHLE SmartBike Systems<\/title>\n<meta name=\"description\" content=\"Nous sommes honor\u00e9s de confirmer notre collaboration renouvel\u00e9e avec l&#039;\u00e9quipe Sara Assicurazioni et Orbea pour le Giro-E 2025, qui se d\u00e9roulera en Italie du 10 mai au 1er juin 2025.\" \/>\n<meta name=\"robots\" content=\"index, follow, max-snippet:-1, max-image-preview:large, max-video-preview:-1\" \/>\n<link rel=\"canonical\" href=\"https:\/\/mahle-smartbike.com\/fr\/news-event\/mahle-smartbike-systems-revient-au-giro-e-2025\/\" \/>\n<meta property=\"og:locale\" content=\"fr_FR\" \/>\n<meta property=\"og:type\" content=\"article\" \/>\n<meta property=\"og:title\" content=\"MAHLE SmartBike Systems revient au Giro-E 2025 - MAHLE SmartBike Systems\" \/>\n<meta property=\"og:description\" content=\"Nous sommes honor\u00e9s de confirmer notre collaboration renouvel\u00e9e avec l&#039;\u00e9quipe Sara Assicurazioni et Orbea pour le Giro-E 2025, qui se d\u00e9roulera en Italie du 10 mai au 1er juin 2025.\" \/>\n<meta property=\"og:url\" content=\"https:\/\/mahle-smartbike.com\/fr\/news-event\/mahle-smartbike-systems-revient-au-giro-e-2025\/\" \/>\n<meta property=\"og:site_name\" content=\"MAHLE SmartBike Systems\" \/>\n<meta property=\"article:publisher\" content=\"https:\/\/www.facebook.com\/mahlesmartbikesystems\/\" \/>\n<meta property=\"article:modified_time\" content=\"2025-05-02T08:40:34+00:00\" \/>\n<meta property=\"og:image\" content=\"https:\/\/mahle-smartbike.com\/wp-content\/uploads\/2025\/04\/NUWrUDVtCk8q8al1fxp5_240524-032121-scaled-1.webp\" \/>\n\t<meta property=\"og:image:width\" content=\"1920\" \/>\n\t<meta property=\"og:image:height\" content=\"1080\" \/>\n\t<meta property=\"og:image:type\" content=\"image\/webp\" \/>\n<meta name=\"twitter:card\" content=\"summary_large_image\" \/>\n<meta name=\"twitter:label1\" content=\"Dur\u00e9e de lecture estim\u00e9e\" \/>\n\t<meta name=\"twitter:data1\" content=\"2 minutes\" \/>\n<script type=\"application\/ld+json\" class=\"yoast-schema-graph\">{\"@context\":\"https:\/\/schema.org\",\"@graph\":[{\"@type\":\"WebPage\",\"@id\":\"https:\/\/mahle-smartbike.com\/fr\/news-event\/mahle-smartbike-systems-revient-au-giro-e-2025\/\",\"url\":\"https:\/\/mahle-smartbike.com\/fr\/news-event\/mahle-smartbike-systems-revient-au-giro-e-2025\/\",\"name\":\"MAHLE SmartBike Systems revient au Giro-E 2025 - MAHLE SmartBike Systems\",\"isPartOf\":{\"@id\":\"https:\/\/mahle-smartbike.com\/#website\"},\"primaryImageOfPage\":{\"@id\":\"https:\/\/mahle-smartbike.com\/fr\/news-event\/mahle-smartbike-systems-revient-au-giro-e-2025\/#primaryimage\"},\"image\":{\"@id\":\"https:\/\/mahle-smartbike.com\/fr\/news-event\/mahle-smartbike-systems-revient-au-giro-e-2025\/#primaryimage\"},\"thumbnailUrl\":\"https:\/\/mahle-smartbike.com\/wp-content\/uploads\/2025\/04\/NUWrUDVtCk8q8al1fxp5_240524-032121-scaled-1.webp\",\"datePublished\":\"2025-04-30T14:00:36+00:00\",\"dateModified\":\"2025-05-02T08:40:34+00:00\",\"description\":\"Nous sommes honor\u00e9s de confirmer notre collaboration renouvel\u00e9e avec l'\u00e9quipe Sara Assicurazioni et Orbea pour le Giro-E 2025, qui se d\u00e9roulera en Italie du 10 mai au 1er juin 2025.\",\"breadcrumb\":{\"@id\":\"https:\/\/mahle-smartbike.com\/fr\/news-event\/mahle-smartbike-systems-revient-au-giro-e-2025\/#breadcrumb\"},\"inLanguage\":\"fr-FR\",\"potentialAction\":[{\"@type\":\"ReadAction\",\"target\":[\"https:\/\/mahle-smartbike.com\/fr\/news-event\/mahle-smartbike-systems-revient-au-giro-e-2025\/\"]}]},{\"@type\":\"ImageObject\",\"inLanguage\":\"fr-FR\",\"@id\":\"https:\/\/mahle-smartbike.com\/fr\/news-event\/mahle-smartbike-systems-revient-au-giro-e-2025\/#primaryimage\",\"url\":\"https:\/\/mahle-smartbike.com\/wp-content\/uploads\/2025\/04\/NUWrUDVtCk8q8al1fxp5_240524-032121-scaled-1.webp\",\"contentUrl\":\"https:\/\/mahle-smartbike.com\/wp-content\/uploads\/2025\/04\/NUWrUDVtCk8q8al1fxp5_240524-032121-scaled-1.webp\",\"width\":1920,\"height\":1080},{\"@type\":\"BreadcrumbList\",\"@id\":\"https:\/\/mahle-smartbike.com\/fr\/news-event\/mahle-smartbike-systems-revient-au-giro-e-2025\/#breadcrumb\",\"itemListElement\":[{\"@type\":\"ListItem\",\"position\":1,\"name\":\"News & Events\",\"item\":\"https:\/\/mahle-smartbike.com\/fr\/content-hub\/\"},{\"@type\":\"ListItem\",\"position\":2,\"name\":\"MAHLE SmartBike Systems revient au Giro-E 2025\"}]},{\"@type\":\"WebSite\",\"@id\":\"https:\/\/mahle-smartbike.com\/#website\",\"url\":\"https:\/\/mahle-smartbike.com\/\",\"name\":\"MAHLE SmartBike Systems\",\"description\":\"The lightest ebike systems on the market\",\"publisher\":{\"@id\":\"https:\/\/mahle-smartbike.com\/#organization\"},\"potentialAction\":[{\"@type\":\"SearchAction\",\"target\":{\"@type\":\"EntryPoint\",\"urlTemplate\":\"https:\/\/mahle-smartbike.com\/?s={search_term_string}\"},\"query-input\":{\"@type\":\"PropertyValueSpecification\",\"valueRequired\":true,\"valueName\":\"search_term_string\"}}],\"inLanguage\":\"fr-FR\"},{\"@type\":\"Organization\",\"@id\":\"https:\/\/mahle-smartbike.com\/#organization\",\"name\":\"MAHLE SmartBike Systems\",\"url\":\"https:\/\/mahle-smartbike.com\/\",\"logo\":{\"@type\":\"ImageObject\",\"inLanguage\":\"fr-FR\",\"@id\":\"https:\/\/mahle-smartbike.com\/#\/schema\/logo\/image\/\",\"url\":\"https:\/\/mahle-smartbike.com\/wp-content\/uploads\/2024\/05\/MAHLE-SmartBike-Systems-Logo-1-1.jpg\",\"contentUrl\":\"https:\/\/mahle-smartbike.com\/wp-content\/uploads\/2024\/05\/MAHLE-SmartBike-Systems-Logo-1-1.jpg\",\"width\":1920,\"height\":1920,\"caption\":\"MAHLE SmartBike Systems\"},\"image\":{\"@id\":\"https:\/\/mahle-smartbike.com\/#\/schema\/logo\/image\/\"},\"sameAs\":[\"https:\/\/www.facebook.com\/mahlesmartbikesystems\/\",\"https:\/\/www.instagram.com\/mahle_smartbikesystems\/\",\"https:\/\/www.linkedin.com\/company\/mahlesmartbikesystems\/\",\"https:\/\/www.youtube.com\/channel\/UCgfNyF-Wtgq0WTlzsV8bDmQ\",\"https:\/\/www.strava.com\/clubs\/mahle\",\"https:\/\/www.tiktok.com\/@mahlesmartbikesystems\"]}]}<\/script>\n<!-- \/ Yoast SEO plugin. -->","yoast_head_json":{"title":"MAHLE SmartBike Systems revient au Giro-E 2025 - MAHLE SmartBike Systems","description":"Nous sommes honor\u00e9s de confirmer notre collaboration renouvel\u00e9e avec l'\u00e9quipe Sara Assicurazioni et Orbea pour le Giro-E 2025, qui se d\u00e9roulera en Italie du 10 mai au 1er juin 2025.","robots":{"index":"index","follow":"follow","max-snippet":"max-snippet:-1","max-image-preview":"max-image-preview:large","max-video-preview":"max-video-preview:-1"},"canonical":"https:\/\/mahle-smartbike.com\/fr\/news-event\/mahle-smartbike-systems-revient-au-giro-e-2025\/","og_locale":"fr_FR","og_type":"article","og_title":"MAHLE SmartBike Systems revient au Giro-E 2025 - MAHLE SmartBike Systems","og_description":"Nous sommes honor\u00e9s de confirmer notre collaboration renouvel\u00e9e avec l'\u00e9quipe Sara Assicurazioni et Orbea pour le Giro-E 2025, qui se d\u00e9roulera en Italie du 10 mai au 1er juin 2025.","og_url":"https:\/\/mahle-smartbike.com\/fr\/news-event\/mahle-smartbike-systems-revient-au-giro-e-2025\/","og_site_name":"MAHLE SmartBike Systems","article_publisher":"https:\/\/www.facebook.com\/mahlesmartbikesystems\/","article_modified_time":"2025-05-02T08:40:34+00:00","og_image":[{"width":1920,"height":1080,"url":"https:\/\/mahle-smartbike.com\/wp-content\/uploads\/2025\/04\/NUWrUDVtCk8q8al1fxp5_240524-032121-scaled-1.webp","type":"image\/webp"}],"twitter_card":"summary_large_image","twitter_misc":{"Dur\u00e9e de lecture estim\u00e9e":"2 minutes"},"schema":{"@context":"https:\/\/schema.org","@graph":[{"@type":"WebPage","@id":"https:\/\/mahle-smartbike.com\/fr\/news-event\/mahle-smartbike-systems-revient-au-giro-e-2025\/","url":"https:\/\/mahle-smartbike.com\/fr\/news-event\/mahle-smartbike-systems-revient-au-giro-e-2025\/","name":"MAHLE SmartBike Systems revient au Giro-E 2025 - MAHLE SmartBike Systems","isPartOf":{"@id":"https:\/\/mahle-smartbike.com\/#website"},"primaryImageOfPage":{"@id":"https:\/\/mahle-smartbike.com\/fr\/news-event\/mahle-smartbike-systems-revient-au-giro-e-2025\/#primaryimage"},"image":{"@id":"https:\/\/mahle-smartbike.com\/fr\/news-event\/mahle-smartbike-systems-revient-au-giro-e-2025\/#primaryimage"},"thumbnailUrl":"https:\/\/mahle-smartbike.com\/wp-content\/uploads\/2025\/04\/NUWrUDVtCk8q8al1fxp5_240524-032121-scaled-1.webp","datePublished":"2025-04-30T14:00:36+00:00","dateModified":"2025-05-02T08:40:34+00:00","description":"Nous sommes honor\u00e9s de confirmer notre collaboration renouvel\u00e9e avec l'\u00e9quipe Sara Assicurazioni et Orbea pour le Giro-E 2025, qui se d\u00e9roulera en Italie du 10 mai au 1er juin 2025.","breadcrumb":{"@id":"https:\/\/mahle-smartbike.com\/fr\/news-event\/mahle-smartbike-systems-revient-au-giro-e-2025\/#breadcrumb"},"inLanguage":"fr-FR","potentialAction":[{"@type":"ReadAction","target":["https:\/\/mahle-smartbike.com\/fr\/news-event\/mahle-smartbike-systems-revient-au-giro-e-2025\/"]}]},{"@type":"ImageObject","inLanguage":"fr-FR","@id":"https:\/\/mahle-smartbike.com\/fr\/news-event\/mahle-smartbike-systems-revient-au-giro-e-2025\/#primaryimage","url":"https:\/\/mahle-smartbike.com\/wp-content\/uploads\/2025\/04\/NUWrUDVtCk8q8al1fxp5_240524-032121-scaled-1.webp","contentUrl":"https:\/\/mahle-smartbike.com\/wp-content\/uploads\/2025\/04\/NUWrUDVtCk8q8al1fxp5_240524-032121-scaled-1.webp","width":1920,"height":1080},{"@type":"BreadcrumbList","@id":"https:\/\/mahle-smartbike.com\/fr\/news-event\/mahle-smartbike-systems-revient-au-giro-e-2025\/#breadcrumb","itemListElement":[{"@type":"ListItem","position":1,"name":"News & Events","item":"https:\/\/mahle-smartbike.com\/fr\/content-hub\/"},{"@type":"ListItem","position":2,"name":"MAHLE SmartBike Systems revient au Giro-E 2025"}]},{"@type":"WebSite","@id":"https:\/\/mahle-smartbike.com\/#website","url":"https:\/\/mahle-smartbike.com\/","name":"MAHLE SmartBike Systems","description":"The lightest ebike systems on the market","publisher":{"@id":"https:\/\/mahle-smartbike.com\/#organization"},"potentialAction":[{"@type":"SearchAction","target":{"@type":"EntryPoint","urlTemplate":"https:\/\/mahle-smartbike.com\/?s={search_term_string}"},"query-input":{"@type":"PropertyValueSpecification","valueRequired":true,"valueName":"search_term_string"}}],"inLanguage":"fr-FR"},{"@type":"Organization","@id":"https:\/\/mahle-smartbike.com\/#organization","name":"MAHLE SmartBike Systems","url":"https:\/\/mahle-smartbike.com\/","logo":{"@type":"ImageObject","inLanguage":"fr-FR","@id":"https:\/\/mahle-smartbike.com\/#\/schema\/logo\/image\/","url":"https:\/\/mahle-smartbike.com\/wp-content\/uploads\/2024\/05\/MAHLE-SmartBike-Systems-Logo-1-1.jpg","contentUrl":"https:\/\/mahle-smartbike.com\/wp-content\/uploads\/2024\/05\/MAHLE-SmartBike-Systems-Logo-1-1.jpg","width":1920,"height":1920,"caption":"MAHLE SmartBike Systems"},"image":{"@id":"https:\/\/mahle-smartbike.com\/#\/schema\/logo\/image\/"},"sameAs":["https:\/\/www.facebook.com\/mahlesmartbikesystems\/","https:\/\/www.instagram.com\/mahle_smartbikesystems\/","https:\/\/www.linkedin.com\/company\/mahlesmartbikesystems\/","https:\/\/www.youtube.com\/channel\/UCgfNyF-Wtgq0WTlzsV8bDmQ","https:\/\/www.strava.com\/clubs\/mahle","https:\/\/www.tiktok.com\/@mahlesmartbikesystems"]}]}},"_links":{"self":[{"href":"https:\/\/mahle-smartbike.com\/fr\/wp-json\/wp\/v2\/news-events\/58316","targetHints":{"allow":["GET"]}}],"collection":[{"href":"https:\/\/mahle-smartbike.com\/fr\/wp-json\/wp\/v2\/news-events"}],"about":[{"href":"https:\/\/mahle-smartbike.com\/fr\/wp-json\/wp\/v2\/types\/news-event"}],"version-history":[{"count":0,"href":"https:\/\/mahle-smartbike.com\/fr\/wp-json\/wp\/v2\/news-events\/58316\/revisions"}],"wp:featuredmedia":[{"embeddable":true,"href":"https:\/\/mahle-smartbike.com\/fr\/wp-json\/wp\/v2\/media\/58252"}],"wp:attachment":[{"href":"https:\/\/mahle-smartbike.com\/fr\/wp-json\/wp\/v2\/media?parent=58316"}],"wp:term":[{"taxonomy":"news-and-events","embeddable":true,"href":"https:\/\/mahle-smartbike.com\/fr\/wp-json\/wp\/v2\/news-and-events?post=58316"}],"curies":[{"name":"wp","href":"https:\/\/api.w.org\/{rel}","templated":true}]}}