{"id":69499,"date":"2025-12-26T16:00:50","date_gmt":"2025-12-26T14:00:50","guid":{"rendered":"https:\/\/mahle-smartbike.com\/?post_type=news-event&#038;p=69499"},"modified":"2025-12-29T11:38:33","modified_gmt":"2025-12-29T09:38:33","slug":"my-smartbike-app-connectivite-et-controle-dans-tout-lecosysteme-mahle","status":"publish","type":"news-event","link":"https:\/\/mahle-smartbike.com\/fr\/content-hub\/my-smartbike-app-connectivite-et-controle-dans-tout-lecosysteme-mahle\/","title":{"rendered":"My SmartBike App&nbsp;: connectivit\u00e9 et contr\u00f4le dans tout l\u2019\u00e9cosyst\u00e8me MAHLE"},"content":{"rendered":"\t\t<div data-elementor-type=\"wp-post\" data-elementor-id=\"69499\" class=\"elementor elementor-69499 elementor-69482\" data-elementor-post-type=\"news-event\">\n\t\t\t\t\t\t<section class=\"elementor-section elementor-top-section elementor-element elementor-element-7e0634f elementor-section-full_width sticky-inner-header elementor-section-height-min-height elementor-section-height-default elementor-section-items-middle\" data-id=\"7e0634f\" data-element_type=\"section\" data-settings=\"{&quot;background_background&quot;:&quot;classic&quot;,&quot;sticky&quot;:&quot;top&quot;,&quot;sticky_offset&quot;:72,&quot;sticky_on&quot;:[&quot;widescreen&quot;,&quot;desktop&quot;,&quot;tablet&quot;,&quot;mobile_extra&quot;,&quot;mobile&quot;],&quot;sticky_effects_offset&quot;:0,&quot;sticky_anchor_link_offset&quot;:0}\">\n\t\t\t\t\t\t<div class=\"elementor-container elementor-column-gap-default\">\n\t\t\t\t\t<div class=\"elementor-column elementor-col-100 elementor-top-column elementor-element elementor-element-02653c6\" data-id=\"02653c6\" data-element_type=\"column\">\n\t\t\t<div class=\"elementor-widget-wrap elementor-element-populated\">\n\t\t\t\t\t\t<section class=\"elementor-section elementor-inner-section elementor-element elementor-element-43061e7 elementor-section-content-middle elementor-section-boxed elementor-section-height-default elementor-section-height-default\" data-id=\"43061e7\" data-element_type=\"section\">\n\t\t\t\t\t\t<div class=\"elementor-container elementor-column-gap-default\">\n\t\t\t\t\t<div class=\"elementor-column elementor-col-100 elementor-inner-column elementor-element elementor-element-dd224d3\" data-id=\"dd224d3\" data-element_type=\"column\">\n\t\t\t<div class=\"elementor-widget-wrap elementor-element-populated\">\n\t\t\t\t\t\t<div class=\"elementor-element elementor-element-b5d42a5 elementor-widget-tablet__width-initial elementor-widget-mobile_extra__width-initial elementor-widget-mobile__width-initial elementor-widget elementor-widget-heading\" data-id=\"b5d42a5\" data-element_type=\"widget\" data-widget_type=\"heading.default\">\n\t\t\t\t<div class=\"elementor-widget-container\">\n\t\t\t\t\t<h1 class=\"elementor-heading-title elementor-size-default\">My SmartBike&nbsp;: connectivit\u00e9 et contr\u00f4le dans tout l\u2019\u00e9cosyst\u00e8me MAHLE.<\/h1>\t\t\t\t<\/div>\n\t\t\t\t<\/div>\n\t\t\t\t\t<\/div>\n\t\t<\/div>\n\t\t\t\t\t<\/div>\n\t\t<\/section>\n\t\t\t\t\t<\/div>\n\t\t<\/div>\n\t\t\t\t\t<\/div>\n\t\t<\/section>\n\t\t\t\t<section class=\"elementor-section elementor-top-section elementor-element elementor-element-9839725 elementor-section-full_width elementor-section-height-min-height elementor-section-items-stretch elementor-section-content-top elementor-section-height-default\" data-id=\"9839725\" data-element_type=\"section\" data-settings=\"{&quot;background_background&quot;:&quot;classic&quot;}\">\n\t\t\t\t\t\t<div class=\"elementor-container elementor-column-gap-default\">\n\t\t\t\t\t<div class=\"elementor-column elementor-col-100 elementor-top-column elementor-element elementor-element-eb853f1\" data-id=\"eb853f1\" data-element_type=\"column\" data-settings=\"{&quot;background_background&quot;:&quot;slideshow&quot;,&quot;background_slideshow_gallery&quot;:[],&quot;background_slideshow_loop&quot;:&quot;yes&quot;,&quot;background_slideshow_slide_duration&quot;:5000,&quot;background_slideshow_slide_transition&quot;:&quot;fade&quot;,&quot;background_slideshow_transition_duration&quot;:500}\">\n\t\t\t<div class=\"elementor-widget-wrap\">\n\t\t\t\t\t\t\t<\/div>\n\t\t<\/div>\n\t\t\t\t\t<\/div>\n\t\t<\/section>\n\t\t<div class=\"elementor-element elementor-element-80291d2 e-flex e-con-boxed e-con e-parent\" data-id=\"80291d2\" data-element_type=\"container\">\n\t\t\t\t\t<div class=\"e-con-inner\">\n\t\t\t\t<div class=\"elementor-element elementor-element-c7c53c4 elementor-widget elementor-widget-text-editor\" data-id=\"c7c53c4\" data-element_type=\"widget\" data-widget_type=\"text-editor.default\">\n\t\t\t\t<div class=\"elementor-widget-container\">\n\t\t\t\t\t\t\t\t\t<p>L\u2019assistance au p\u00e9dalage ne se limite plus \u00e0 la puissance et au design, la connectivit\u00e9 est d\u00e9sormais un \u00e9l\u00e9ment essentiel du cyclisme moderne. Avec l\u2019application My SmartBike, MAHLE offre une solution compl\u00e8te pour g\u00e9rer votre eBike, personnaliser les param\u00e8tres et acc\u00e9der \u00e0 des fonctionnalit\u00e9s intelligentes directement depuis votre smartphone. Disponible pour tous nos syst\u00e8mes, cette application transforme chaque trajet en une exp\u00e9rience plus connect\u00e9e et personnalis\u00e9e.  <\/p>\t\t\t\t\t\t\t\t<\/div>\n\t\t\t\t<\/div>\n\t\t\t\t\t<\/div>\n\t\t\t\t<\/div>\n\t\t<div class=\"elementor-element elementor-element-4f8a9c8 e-flex e-con-boxed e-con e-parent\" data-id=\"4f8a9c8\" data-element_type=\"container\">\n\t\t\t\t\t<div class=\"e-con-inner\">\n\t\t\t\t<div class=\"elementor-element elementor-element-d5e2421 elementor-widget elementor-widget-heading\" data-id=\"d5e2421\" data-element_type=\"widget\" data-widget_type=\"heading.default\">\n\t\t\t\t<div class=\"elementor-widget-container\">\n\t\t\t\t\t<h2 class=\"elementor-heading-title elementor-size-default\">Un \u00e9cosyst\u00e8me intelligent et homog\u00e8ne<\/h2>\t\t\t\t<\/div>\n\t\t\t\t<\/div>\n\t\t\t\t<div class=\"elementor-element elementor-element-eb1f140 elementor-widget elementor-widget-text-editor\" data-id=\"eb1f140\" data-element_type=\"widget\" data-widget_type=\"text-editor.default\">\n\t\t\t\t<div class=\"elementor-widget-container\">\n\t\t\t\t\t\t\t\t\t<p>L\u2019application My SmartBike offre une exp\u00e9rience unifi\u00e9e sur tous les syst\u00e8mes MAHLE. Elle combine un design \u00e9l\u00e9gant avec une convivialit\u00e9 intuitive, garantissant que les cyclistes peuvent facilement g\u00e9rer leur eBike quel que soit le syst\u00e8me qu\u2019ils utilisent. De la personnalisation des vues sur le Head Unit Plus \u00e0 l\u2019appairage s\u00e9curis\u00e9 et sans effort avec la Trio Remote, ces fonctionnalit\u00e9s sont con\u00e7ues pour offrir une connectivit\u00e9 et un contr\u00f4le complets \u00e0 chaque cycliste dans l\u2019\u00e9cosyst\u00e8me MAHLE.  <\/p>\t\t\t\t\t\t\t\t<\/div>\n\t\t\t\t<\/div>\n\t\t\t\t\t<\/div>\n\t\t\t\t<\/div>\n\t\t<div class=\"elementor-element elementor-element-9e35d57 e-flex e-con-boxed e-con e-parent\" data-id=\"9e35d57\" data-element_type=\"container\">\n\t\t\t\t\t<div class=\"e-con-inner\">\n\t\t\t\t<div class=\"elementor-element elementor-element-1766307 elementor-widget elementor-widget-heading\" data-id=\"1766307\" data-element_type=\"widget\" data-widget_type=\"heading.default\">\n\t\t\t\t<div class=\"elementor-widget-container\">\n\t\t\t\t\t<h2 class=\"elementor-heading-title elementor-size-default\">Cartes moteur&nbsp;: r\u00e9glages pr\u00e9cis des performances<\/h2>\t\t\t\t<\/div>\n\t\t\t\t<\/div>\n\t\t\t\t<div class=\"elementor-element elementor-element-dfd384a elementor-widget elementor-widget-text-editor\" data-id=\"dfd384a\" data-element_type=\"widget\" data-widget_type=\"text-editor.default\">\n\t\t\t\t<div class=\"elementor-widget-container\">\n\t\t\t\t\t\t\t\t\t<div>Chaque fabricant apporte un caract\u00e8re unique, et MAHLE l\u2019embrasse. Avec les cartes moteur, les fabricants d\u00e9finissent la configuration de base, mais les cyclistes peuvent \u00e9galement ajuster les param\u00e8tres cl\u00e9s tels que la r\u00e9ponse d\u2019acc\u00e9l\u00e9ration et les pics de puissance pour correspondre \u00e0 leur style. Cette fonctionnalit\u00e9 fait passer la personnalisation au niveau sup\u00e9rieur  <\/div>\t\t\t\t\t\t\t\t<\/div>\n\t\t\t\t<\/div>\n\t\t\t\t\t<\/div>\n\t\t\t\t<\/div>\n\t\t<div class=\"elementor-element elementor-element-d12d833 e-flex e-con-boxed e-con e-parent\" data-id=\"d12d833\" data-element_type=\"container\">\n\t\t\t\t\t<div class=\"e-con-inner\">\n\t\t\t\t<div class=\"elementor-element elementor-element-aaac21d elementor-widget elementor-widget-heading\" data-id=\"aaac21d\" data-element_type=\"widget\" data-widget_type=\"heading.default\">\n\t\t\t\t<div class=\"elementor-widget-container\">\n\t\t\t\t\t<h2 class=\"elementor-heading-title elementor-size-default\">Gestion totale au creux de votre main<\/h2>\t\t\t\t<\/div>\n\t\t\t\t<\/div>\n\t\t\t\t<div class=\"elementor-element elementor-element-fdbe390 elementor-widget elementor-widget-text-editor\" data-id=\"fdbe390\" data-element_type=\"widget\" data-widget_type=\"text-editor.default\">\n\t\t\t\t<div class=\"elementor-widget-container\">\n\t\t\t\t\t\t\t\t\t<p>Avec My SmartBike, vous pouvez contr\u00f4ler et r\u00e9gler votre eBike rapidement et facilement. De la configuration du syst\u00e8me au suivi de l\u2019itin\u00e9raire, tout est int\u00e9gr\u00e9 dans une interface intuitive qui vous accompagne \u00e0 chaque trajet. <\/p>\t\t\t\t\t\t\t\t<\/div>\n\t\t\t\t<\/div>\n\t\t\t\t\t<\/div>\n\t\t\t\t<\/div>\n\t\t<div class=\"elementor-element elementor-element-0c7e11b e-flex e-con-boxed e-con e-parent\" data-id=\"0c7e11b\" data-element_type=\"container\">\n\t\t\t\t\t<div class=\"e-con-inner\">\n\t\t\t\t<div class=\"elementor-element elementor-element-e840cd6 elementor-widget elementor-widget-heading\" data-id=\"e840cd6\" data-element_type=\"widget\" data-widget_type=\"heading.default\">\n\t\t\t\t<div class=\"elementor-widget-container\">\n\t\t\t\t\t<h2 class=\"elementor-heading-title elementor-size-default\">Enregistrer et g\u00e9rer les trajets<\/h2>\t\t\t\t<\/div>\n\t\t\t\t<\/div>\n\t\t\t\t<div class=\"elementor-element elementor-element-f47eae0 elementor-widget elementor-widget-text-editor\" data-id=\"f47eae0\" data-element_type=\"widget\" data-widget_type=\"text-editor.default\">\n\t\t\t\t<div class=\"elementor-widget-container\">\n\t\t\t\t\t\t\t\t\t<p>Enregistrez vos itin\u00e9raires m\u00eame hors ligne et synchronisez-les automatiquement lorsque vous \u00eates de nouveau en ligne. Ajustez les param\u00e8tres et g\u00e9rez vos activit\u00e9s sans effort. <\/p>\t\t\t\t\t\t\t\t<\/div>\n\t\t\t\t<\/div>\n\t\t\t\t\t<\/div>\n\t\t\t\t<\/div>\n\t\t<div class=\"elementor-element elementor-element-b93a45f e-flex e-con-boxed e-con e-parent\" data-id=\"b93a45f\" data-element_type=\"container\">\n\t\t\t\t\t<div class=\"e-con-inner\">\n\t\t\t\t<div class=\"elementor-element elementor-element-a18c37a elementor-widget elementor-widget-heading\" data-id=\"a18c37a\" data-element_type=\"widget\" data-widget_type=\"heading.default\">\n\t\t\t\t<div class=\"elementor-widget-container\">\n\t\t\t\t\t<h2 class=\"elementor-heading-title elementor-size-default\">Connectivit\u00e9 instantan\u00e9e<\/h2>\t\t\t\t<\/div>\n\t\t\t\t<\/div>\n\t\t\t\t<div class=\"elementor-element elementor-element-01716ad elementor-widget elementor-widget-text-editor\" data-id=\"01716ad\" data-element_type=\"widget\" data-widget_type=\"text-editor.default\">\n\t\t\t\t<div class=\"elementor-widget-container\">\n\t\t\t\t\t\t\t\t\t<p>Connectez votre smartphone \u00e0 votre eBike pour des ajustements imm\u00e9diats et des informations en temps r\u00e9el sur les performances.<\/p>\t\t\t\t\t\t\t\t<\/div>\n\t\t\t\t<\/div>\n\t\t\t\t\t<\/div>\n\t\t\t\t<\/div>\n\t\t<div class=\"elementor-element elementor-element-9afb62a e-flex e-con-boxed e-con e-parent\" data-id=\"9afb62a\" data-element_type=\"container\">\n\t\t\t\t\t<div class=\"e-con-inner\">\n\t\t\t\t<div class=\"elementor-element elementor-element-4abcb77 elementor-widget elementor-widget-heading\" data-id=\"4abcb77\" data-element_type=\"widget\" data-widget_type=\"heading.default\">\n\t\t\t\t<div class=\"elementor-widget-container\">\n\t\t\t\t\t<h2 class=\"elementor-heading-title elementor-size-default\">Smart Assist<\/h2>\t\t\t\t<\/div>\n\t\t\t\t<\/div>\n\t\t\t\t<div class=\"elementor-element elementor-element-68f38e9 elementor-widget elementor-widget-text-editor\" data-id=\"68f38e9\" data-element_type=\"widget\" data-widget_type=\"text-editor.default\">\n\t\t\t\t<div class=\"elementor-widget-container\">\n\t\t\t\t\t\t\t\t\t<p>Profitez d\u2019une assistance personnalis\u00e9e qui s\u2019adapte automatiquement aux besoins de votre itin\u00e9raire. Pas de basculements, pas de tracas. <\/p>\t\t\t\t\t\t\t\t<\/div>\n\t\t\t\t<\/div>\n\t\t\t\t\t<\/div>\n\t\t\t\t<\/div>\n\t\t<div class=\"elementor-element elementor-element-044f065 e-flex e-con-boxed e-con e-parent\" data-id=\"044f065\" data-element_type=\"container\">\n\t\t\t\t\t<div class=\"e-con-inner\">\n\t\t\t\t<div class=\"elementor-element elementor-element-77fe24f elementor-widget elementor-widget-heading\" data-id=\"77fe24f\" data-element_type=\"widget\" data-widget_type=\"heading.default\">\n\t\t\t\t<div class=\"elementor-widget-container\">\n\t\t\t\t\t<h2 class=\"elementor-heading-title elementor-size-default\">Int\u00e9gration Strava<\/h2>\t\t\t\t<\/div>\n\t\t\t\t<\/div>\n\t\t\t\t<div class=\"elementor-element elementor-element-93d485d elementor-widget elementor-widget-text-editor\" data-id=\"93d485d\" data-element_type=\"widget\" data-widget_type=\"text-editor.default\">\n\t\t\t\t<div class=\"elementor-widget-container\">\n\t\t\t\t\t\t\t\t\t<p>Reliez votre compte Strava pour naviguer sur les itin\u00e9raires, suivre les activit\u00e9s et bien plus encore, le tout au sein de l\u2019application My SmartBike.<\/p>\t\t\t\t\t\t\t\t<\/div>\n\t\t\t\t<\/div>\n\t\t\t\t\t<\/div>\n\t\t\t\t<\/div>\n\t\t<div class=\"elementor-element elementor-element-09329aa e-flex e-con-boxed e-con e-parent\" data-id=\"09329aa\" data-element_type=\"container\">\n\t\t\t\t\t<div class=\"e-con-inner\">\n\t\t\t\t<div class=\"elementor-element elementor-element-e43441e elementor-widget elementor-widget-heading\" data-id=\"e43441e\" data-element_type=\"widget\" data-widget_type=\"heading.default\">\n\t\t\t\t<div class=\"elementor-widget-container\">\n\t\t\t\t\t<h2 class=\"elementor-heading-title elementor-size-default\">T\u00e9l\u00e9chargez l\u2019application et commencez \u00e0 vous connecter<\/h2>\t\t\t\t<\/div>\n\t\t\t\t<\/div>\n\t\t\t\t<div class=\"elementor-element elementor-element-9287d4d elementor-widget elementor-widget-text-editor\" data-id=\"9287d4d\" data-element_type=\"widget\" data-widget_type=\"text-editor.default\">\n\t\t\t\t<div class=\"elementor-widget-container\">\n\t\t\t\t\t\t\t\t\t<p>Disponible pour iOS et Android&nbsp;:<\/p>\t\t\t\t\t\t\t\t<\/div>\n\t\t\t\t<\/div>\n\t\t\t\t<div class=\"elementor-element elementor-element-fb98ba0 elementor-align-center elementor-widget__width-auto mahle-blue-btn elementor-invisible elementor-widget elementor-widget-button\" data-id=\"fb98ba0\" data-element_type=\"widget\" data-settings=\"{&quot;_animation&quot;:&quot;fadeInUp&quot;}\" data-widget_type=\"button.default\">\n\t\t\t\t<div class=\"elementor-widget-container\">\n\t\t\t\t\t\t\t\t\t<div class=\"elementor-button-wrapper\">\n\t\t\t\t\t<a class=\"elementor-button elementor-button-link elementor-size-sm\" href=\"https:\/\/apps.apple.com\/sg\/app\/my-smartbike\/id1566348476\" target=\"_blank\">\n\t\t\t\t\t\t<span class=\"elementor-button-content-wrapper\">\n\t\t\t\t\t\t\t\t\t<span class=\"elementor-button-text\">T\u00e9l\u00e9charger sur l\u2019App Store<\/span>\n\t\t\t\t\t<\/span>\n\t\t\t\t\t<\/a>\n\t\t\t\t<\/div>\n\t\t\t\t\t\t\t\t<\/div>\n\t\t\t\t<\/div>\n\t\t\t\t<div class=\"elementor-element elementor-element-3b9f3e9 elementor-align-center elementor-widget__width-auto mahle-blue-btn elementor-invisible elementor-widget elementor-widget-button\" data-id=\"3b9f3e9\" data-element_type=\"widget\" data-settings=\"{&quot;_animation&quot;:&quot;fadeInUp&quot;}\" data-widget_type=\"button.default\">\n\t\t\t\t<div class=\"elementor-widget-container\">\n\t\t\t\t\t\t\t\t\t<div class=\"elementor-button-wrapper\">\n\t\t\t\t\t<a class=\"elementor-button elementor-button-link elementor-size-sm\" href=\"https:\/\/play.google.com\/store\/apps\/details?id=com.mahle.sbs\" target=\"_blank\">\n\t\t\t\t\t\t<span class=\"elementor-button-content-wrapper\">\n\t\t\t\t\t\t\t\t\t<span class=\"elementor-button-text\">T\u00e9l\u00e9charger sur Google Play<\/span>\n\t\t\t\t\t<\/span>\n\t\t\t\t\t<\/a>\n\t\t\t\t<\/div>\n\t\t\t\t\t\t\t\t<\/div>\n\t\t\t\t<\/div>\n\t\t\t\t\t<\/div>\n\t\t\t\t<\/div>\n\t\t<div class=\"elementor-element elementor-element-02b58e0 e-flex e-con-boxed e-con e-parent\" data-id=\"02b58e0\" data-element_type=\"container\">\n\t\t\t\t\t<div class=\"e-con-inner\">\n\t\t\t\t<div class=\"elementor-element elementor-element-d4fafe6 elementor-widget elementor-widget-text-editor\" data-id=\"d4fafe6\" data-element_type=\"widget\" data-widget_type=\"text-editor.default\">\n\t\t\t\t<div class=\"elementor-widget-container\">\n\t\t\t\t\t\t\t\t\t<p>Votre v\u00e9lo, votre style. Avec My SmartBike, chaque trajet devient plus intelligent, plus connect\u00e9 et plus personnel. <\/p>\t\t\t\t\t\t\t\t<\/div>\n\t\t\t\t<\/div>\n\t\t\t\t\t<\/div>\n\t\t\t\t<\/div>\n\t\t\t\t<\/div>\n\t\t","protected":false},"excerpt":{"rendered":"<p>D\u00e9couvrez l\u2019application My SmartBike&nbsp;: personnalisez votre eBike, suivez vos itin\u00e9raires et acc\u00e9dez \u00e0 des fonctionnalit\u00e9s intelligentes telles que l\u2019int\u00e9gration de Strava et les Motor Maps, le tout dans un \u00e9cosyst\u00e8me connect\u00e9.<\/p>\n","protected":false},"featured_media":69485,"parent":0,"menu_order":0,"template":"","news-and-events":[],"class_list":["post-69499","news-event","type-news-event","status-publish","has-post-thumbnail","hentry","news-events-category-actualits"],"acf":[],"yoast_head":"<!-- This site is optimized with the Yoast SEO plugin v27.5 - https:\/\/yoast.com\/product\/yoast-seo-wordpress\/ -->\n<title>My SmartBike App&nbsp;: connectivit\u00e9 et contr\u00f4le dans tout l\u2019\u00e9cosyst\u00e8me MAHLE - MAHLE SmartBike Systems<\/title>\n<meta name=\"description\" content=\"G\u00e9rez votre eBike avec l\u2019application My SmartBike. Personnalisez les param\u00e8tres, suivez vos parcours, connectez-vous instantan\u00e9ment et profitez de fonctionnalit\u00e9s intelligentes telles que l\u2019int\u00e9gration de Strava et les Motor Maps. Disponible pour tous les syst\u00e8mes MAHLE.\" \/>\n<meta name=\"robots\" content=\"index, follow, max-snippet:-1, max-image-preview:large, max-video-preview:-1\" \/>\n<link rel=\"canonical\" href=\"https:\/\/mahle-smartbike.com\/fr\/content-hub\/my-smartbike-app-connectivite-et-controle-dans-tout-lecosysteme-mahle\/\" \/>\n<meta property=\"og:locale\" content=\"fr_FR\" \/>\n<meta property=\"og:type\" content=\"article\" \/>\n<meta property=\"og:title\" content=\"My SmartBike App&nbsp;: connectivit\u00e9 et contr\u00f4le dans tout l\u2019\u00e9cosyst\u00e8me MAHLE - MAHLE SmartBike Systems\" \/>\n<meta property=\"og:description\" content=\"G\u00e9rez votre eBike avec l\u2019application My SmartBike. Personnalisez les param\u00e8tres, suivez vos parcours, connectez-vous instantan\u00e9ment et profitez de fonctionnalit\u00e9s intelligentes telles que l\u2019int\u00e9gration de Strava et les Motor Maps. Disponible pour tous les syst\u00e8mes MAHLE.\" \/>\n<meta property=\"og:url\" content=\"https:\/\/mahle-smartbike.com\/fr\/content-hub\/my-smartbike-app-connectivite-et-controle-dans-tout-lecosysteme-mahle\/\" \/>\n<meta property=\"og:site_name\" content=\"MAHLE SmartBike Systems\" \/>\n<meta property=\"article:publisher\" content=\"https:\/\/www.facebook.com\/mahlesmartbikesystems\/\" \/>\n<meta property=\"article:modified_time\" content=\"2025-12-29T09:38:33+00:00\" \/>\n<meta property=\"og:image\" content=\"https:\/\/mahle-smartbike.com\/wp-content\/uploads\/2025\/12\/MAHLE-X20-NAVAFRIA-166_RECORTE-MOCKUP.jpg\" \/>\n\t<meta property=\"og:image:width\" content=\"1920\" \/>\n\t<meta property=\"og:image:height\" content=\"1275\" \/>\n\t<meta property=\"og:image:type\" content=\"image\/jpeg\" \/>\n<meta name=\"twitter:card\" content=\"summary_large_image\" \/>\n<meta name=\"twitter:label1\" content=\"Dur\u00e9e de lecture estim\u00e9e\" \/>\n\t<meta name=\"twitter:data1\" content=\"2 minutes\" \/>\n<script type=\"application\/ld+json\" class=\"yoast-schema-graph\">{\"@context\":\"https:\\\/\\\/schema.org\",\"@graph\":[{\"@type\":\"WebPage\",\"@id\":\"https:\\\/\\\/mahle-smartbike.com\\\/fr\\\/content-hub\\\/my-smartbike-app-connectivite-et-controle-dans-tout-lecosysteme-mahle\\\/\",\"url\":\"https:\\\/\\\/mahle-smartbike.com\\\/fr\\\/content-hub\\\/my-smartbike-app-connectivite-et-controle-dans-tout-lecosysteme-mahle\\\/\",\"name\":\"My SmartBike App&nbsp;: connectivit\u00e9 et contr\u00f4le dans tout l\u2019\u00e9cosyst\u00e8me MAHLE - MAHLE SmartBike Systems\",\"isPartOf\":{\"@id\":\"https:\\\/\\\/mahle-smartbike.com\\\/#website\"},\"primaryImageOfPage\":{\"@id\":\"https:\\\/\\\/mahle-smartbike.com\\\/fr\\\/content-hub\\\/my-smartbike-app-connectivite-et-controle-dans-tout-lecosysteme-mahle\\\/#primaryimage\"},\"image\":{\"@id\":\"https:\\\/\\\/mahle-smartbike.com\\\/fr\\\/content-hub\\\/my-smartbike-app-connectivite-et-controle-dans-tout-lecosysteme-mahle\\\/#primaryimage\"},\"thumbnailUrl\":\"https:\\\/\\\/mahle-smartbike.com\\\/wp-content\\\/uploads\\\/2025\\\/12\\\/MAHLE-X20-NAVAFRIA-166_RECORTE-MOCKUP.jpg\",\"datePublished\":\"2025-12-26T14:00:50+00:00\",\"dateModified\":\"2025-12-29T09:38:33+00:00\",\"description\":\"G\u00e9rez votre eBike avec l\u2019application My SmartBike. Personnalisez les param\u00e8tres, suivez vos parcours, connectez-vous instantan\u00e9ment et profitez de fonctionnalit\u00e9s intelligentes telles que l\u2019int\u00e9gration de Strava et les Motor Maps. Disponible pour tous les syst\u00e8mes MAHLE.\",\"breadcrumb\":{\"@id\":\"https:\\\/\\\/mahle-smartbike.com\\\/fr\\\/content-hub\\\/my-smartbike-app-connectivite-et-controle-dans-tout-lecosysteme-mahle\\\/#breadcrumb\"},\"inLanguage\":\"fr-FR\",\"potentialAction\":[{\"@type\":\"ReadAction\",\"target\":[\"https:\\\/\\\/mahle-smartbike.com\\\/fr\\\/content-hub\\\/my-smartbike-app-connectivite-et-controle-dans-tout-lecosysteme-mahle\\\/\"]}]},{\"@type\":\"ImageObject\",\"inLanguage\":\"fr-FR\",\"@id\":\"https:\\\/\\\/mahle-smartbike.com\\\/fr\\\/content-hub\\\/my-smartbike-app-connectivite-et-controle-dans-tout-lecosysteme-mahle\\\/#primaryimage\",\"url\":\"https:\\\/\\\/mahle-smartbike.com\\\/wp-content\\\/uploads\\\/2025\\\/12\\\/MAHLE-X20-NAVAFRIA-166_RECORTE-MOCKUP.jpg\",\"contentUrl\":\"https:\\\/\\\/mahle-smartbike.com\\\/wp-content\\\/uploads\\\/2025\\\/12\\\/MAHLE-X20-NAVAFRIA-166_RECORTE-MOCKUP.jpg\",\"width\":1920,\"height\":1275},{\"@type\":\"BreadcrumbList\",\"@id\":\"https:\\\/\\\/mahle-smartbike.com\\\/fr\\\/content-hub\\\/my-smartbike-app-connectivite-et-controle-dans-tout-lecosysteme-mahle\\\/#breadcrumb\",\"itemListElement\":[{\"@type\":\"ListItem\",\"position\":1,\"name\":\"News & Events\",\"item\":\"https:\\\/\\\/mahle-smartbike.com\\\/fr\\\/content-hub\\\/\"},{\"@type\":\"ListItem\",\"position\":2,\"name\":\"My SmartBike App&nbsp;: connectivit\u00e9 et contr\u00f4le dans tout l\u2019\u00e9cosyst\u00e8me MAHLE\"}]},{\"@type\":\"WebSite\",\"@id\":\"https:\\\/\\\/mahle-smartbike.com\\\/#website\",\"url\":\"https:\\\/\\\/mahle-smartbike.com\\\/\",\"name\":\"MAHLE SmartBike Systems\",\"description\":\"The lightest ebike systems on the market\",\"publisher\":{\"@id\":\"https:\\\/\\\/mahle-smartbike.com\\\/#organization\"},\"potentialAction\":[{\"@type\":\"SearchAction\",\"target\":{\"@type\":\"EntryPoint\",\"urlTemplate\":\"https:\\\/\\\/mahle-smartbike.com\\\/?s={search_term_string}\"},\"query-input\":{\"@type\":\"PropertyValueSpecification\",\"valueRequired\":true,\"valueName\":\"search_term_string\"}}],\"inLanguage\":\"fr-FR\"},{\"@type\":\"Organization\",\"@id\":\"https:\\\/\\\/mahle-smartbike.com\\\/#organization\",\"name\":\"MAHLE SmartBike Systems\",\"url\":\"https:\\\/\\\/mahle-smartbike.com\\\/\",\"logo\":{\"@type\":\"ImageObject\",\"inLanguage\":\"fr-FR\",\"@id\":\"https:\\\/\\\/mahle-smartbike.com\\\/#\\\/schema\\\/logo\\\/image\\\/\",\"url\":\"https:\\\/\\\/mahle-smartbike.com\\\/wp-content\\\/uploads\\\/2024\\\/05\\\/MAHLE-SmartBike-Systems-Logo-1-1.jpg\",\"contentUrl\":\"https:\\\/\\\/mahle-smartbike.com\\\/wp-content\\\/uploads\\\/2024\\\/05\\\/MAHLE-SmartBike-Systems-Logo-1-1.jpg\",\"width\":1920,\"height\":1920,\"caption\":\"MAHLE SmartBike Systems\"},\"image\":{\"@id\":\"https:\\\/\\\/mahle-smartbike.com\\\/#\\\/schema\\\/logo\\\/image\\\/\"},\"sameAs\":[\"https:\\\/\\\/www.facebook.com\\\/mahlesmartbikesystems\\\/\",\"https:\\\/\\\/www.instagram.com\\\/mahle_smartbikesystems\\\/\",\"https:\\\/\\\/www.linkedin.com\\\/company\\\/mahlesmartbikesystems\\\/\",\"https:\\\/\\\/www.youtube.com\\\/channel\\\/UCgfNyF-Wtgq0WTlzsV8bDmQ\",\"https:\\\/\\\/www.strava.com\\\/clubs\\\/mahle\",\"https:\\\/\\\/www.tiktok.com\\\/@mahlesmartbikesystems\"]}]}<\/script>\n<!-- \/ Yoast SEO plugin. -->","yoast_head_json":{"title":"My SmartBike App&nbsp;: connectivit\u00e9 et contr\u00f4le dans tout l\u2019\u00e9cosyst\u00e8me MAHLE - MAHLE SmartBike Systems","description":"G\u00e9rez votre eBike avec l\u2019application My SmartBike. Personnalisez les param\u00e8tres, suivez vos parcours, connectez-vous instantan\u00e9ment et profitez de fonctionnalit\u00e9s intelligentes telles que l\u2019int\u00e9gration de Strava et les Motor Maps. Disponible pour tous les syst\u00e8mes MAHLE.","robots":{"index":"index","follow":"follow","max-snippet":"max-snippet:-1","max-image-preview":"max-image-preview:large","max-video-preview":"max-video-preview:-1"},"canonical":"https:\/\/mahle-smartbike.com\/fr\/content-hub\/my-smartbike-app-connectivite-et-controle-dans-tout-lecosysteme-mahle\/","og_locale":"fr_FR","og_type":"article","og_title":"My SmartBike App&nbsp;: connectivit\u00e9 et contr\u00f4le dans tout l\u2019\u00e9cosyst\u00e8me MAHLE - MAHLE SmartBike Systems","og_description":"G\u00e9rez votre eBike avec l\u2019application My SmartBike. Personnalisez les param\u00e8tres, suivez vos parcours, connectez-vous instantan\u00e9ment et profitez de fonctionnalit\u00e9s intelligentes telles que l\u2019int\u00e9gration de Strava et les Motor Maps. Disponible pour tous les syst\u00e8mes MAHLE.","og_url":"https:\/\/mahle-smartbike.com\/fr\/content-hub\/my-smartbike-app-connectivite-et-controle-dans-tout-lecosysteme-mahle\/","og_site_name":"MAHLE SmartBike Systems","article_publisher":"https:\/\/www.facebook.com\/mahlesmartbikesystems\/","article_modified_time":"2025-12-29T09:38:33+00:00","og_image":[{"width":1920,"height":1275,"url":"https:\/\/mahle-smartbike.com\/wp-content\/uploads\/2025\/12\/MAHLE-X20-NAVAFRIA-166_RECORTE-MOCKUP.jpg","type":"image\/jpeg"}],"twitter_card":"summary_large_image","twitter_misc":{"Dur\u00e9e de lecture estim\u00e9e":"2 minutes"},"schema":{"@context":"https:\/\/schema.org","@graph":[{"@type":"WebPage","@id":"https:\/\/mahle-smartbike.com\/fr\/content-hub\/my-smartbike-app-connectivite-et-controle-dans-tout-lecosysteme-mahle\/","url":"https:\/\/mahle-smartbike.com\/fr\/content-hub\/my-smartbike-app-connectivite-et-controle-dans-tout-lecosysteme-mahle\/","name":"My SmartBike App&nbsp;: connectivit\u00e9 et contr\u00f4le dans tout l\u2019\u00e9cosyst\u00e8me MAHLE - MAHLE SmartBike Systems","isPartOf":{"@id":"https:\/\/mahle-smartbike.com\/#website"},"primaryImageOfPage":{"@id":"https:\/\/mahle-smartbike.com\/fr\/content-hub\/my-smartbike-app-connectivite-et-controle-dans-tout-lecosysteme-mahle\/#primaryimage"},"image":{"@id":"https:\/\/mahle-smartbike.com\/fr\/content-hub\/my-smartbike-app-connectivite-et-controle-dans-tout-lecosysteme-mahle\/#primaryimage"},"thumbnailUrl":"https:\/\/mahle-smartbike.com\/wp-content\/uploads\/2025\/12\/MAHLE-X20-NAVAFRIA-166_RECORTE-MOCKUP.jpg","datePublished":"2025-12-26T14:00:50+00:00","dateModified":"2025-12-29T09:38:33+00:00","description":"G\u00e9rez votre eBike avec l\u2019application My SmartBike. Personnalisez les param\u00e8tres, suivez vos parcours, connectez-vous instantan\u00e9ment et profitez de fonctionnalit\u00e9s intelligentes telles que l\u2019int\u00e9gration de Strava et les Motor Maps. Disponible pour tous les syst\u00e8mes MAHLE.","breadcrumb":{"@id":"https:\/\/mahle-smartbike.com\/fr\/content-hub\/my-smartbike-app-connectivite-et-controle-dans-tout-lecosysteme-mahle\/#breadcrumb"},"inLanguage":"fr-FR","potentialAction":[{"@type":"ReadAction","target":["https:\/\/mahle-smartbike.com\/fr\/content-hub\/my-smartbike-app-connectivite-et-controle-dans-tout-lecosysteme-mahle\/"]}]},{"@type":"ImageObject","inLanguage":"fr-FR","@id":"https:\/\/mahle-smartbike.com\/fr\/content-hub\/my-smartbike-app-connectivite-et-controle-dans-tout-lecosysteme-mahle\/#primaryimage","url":"https:\/\/mahle-smartbike.com\/wp-content\/uploads\/2025\/12\/MAHLE-X20-NAVAFRIA-166_RECORTE-MOCKUP.jpg","contentUrl":"https:\/\/mahle-smartbike.com\/wp-content\/uploads\/2025\/12\/MAHLE-X20-NAVAFRIA-166_RECORTE-MOCKUP.jpg","width":1920,"height":1275},{"@type":"BreadcrumbList","@id":"https:\/\/mahle-smartbike.com\/fr\/content-hub\/my-smartbike-app-connectivite-et-controle-dans-tout-lecosysteme-mahle\/#breadcrumb","itemListElement":[{"@type":"ListItem","position":1,"name":"News & Events","item":"https:\/\/mahle-smartbike.com\/fr\/content-hub\/"},{"@type":"ListItem","position":2,"name":"My SmartBike App&nbsp;: connectivit\u00e9 et contr\u00f4le dans tout l\u2019\u00e9cosyst\u00e8me MAHLE"}]},{"@type":"WebSite","@id":"https:\/\/mahle-smartbike.com\/#website","url":"https:\/\/mahle-smartbike.com\/","name":"MAHLE SmartBike Systems","description":"The lightest ebike systems on the market","publisher":{"@id":"https:\/\/mahle-smartbike.com\/#organization"},"potentialAction":[{"@type":"SearchAction","target":{"@type":"EntryPoint","urlTemplate":"https:\/\/mahle-smartbike.com\/?s={search_term_string}"},"query-input":{"@type":"PropertyValueSpecification","valueRequired":true,"valueName":"search_term_string"}}],"inLanguage":"fr-FR"},{"@type":"Organization","@id":"https:\/\/mahle-smartbike.com\/#organization","name":"MAHLE SmartBike Systems","url":"https:\/\/mahle-smartbike.com\/","logo":{"@type":"ImageObject","inLanguage":"fr-FR","@id":"https:\/\/mahle-smartbike.com\/#\/schema\/logo\/image\/","url":"https:\/\/mahle-smartbike.com\/wp-content\/uploads\/2024\/05\/MAHLE-SmartBike-Systems-Logo-1-1.jpg","contentUrl":"https:\/\/mahle-smartbike.com\/wp-content\/uploads\/2024\/05\/MAHLE-SmartBike-Systems-Logo-1-1.jpg","width":1920,"height":1920,"caption":"MAHLE SmartBike Systems"},"image":{"@id":"https:\/\/mahle-smartbike.com\/#\/schema\/logo\/image\/"},"sameAs":["https:\/\/www.facebook.com\/mahlesmartbikesystems\/","https:\/\/www.instagram.com\/mahle_smartbikesystems\/","https:\/\/www.linkedin.com\/company\/mahlesmartbikesystems\/","https:\/\/www.youtube.com\/channel\/UCgfNyF-Wtgq0WTlzsV8bDmQ","https:\/\/www.strava.com\/clubs\/mahle","https:\/\/www.tiktok.com\/@mahlesmartbikesystems"]}]}},"_links":{"self":[{"href":"https:\/\/mahle-smartbike.com\/fr\/wp-json\/wp\/v2\/news-events\/69499","targetHints":{"allow":["GET"]}}],"collection":[{"href":"https:\/\/mahle-smartbike.com\/fr\/wp-json\/wp\/v2\/news-events"}],"about":[{"href":"https:\/\/mahle-smartbike.com\/fr\/wp-json\/wp\/v2\/types\/news-event"}],"version-history":[{"count":6,"href":"https:\/\/mahle-smartbike.com\/fr\/wp-json\/wp\/v2\/news-events\/69499\/revisions"}],"predecessor-version":[{"id":70015,"href":"https:\/\/mahle-smartbike.com\/fr\/wp-json\/wp\/v2\/news-events\/69499\/revisions\/70015"}],"wp:featuredmedia":[{"embeddable":true,"href":"https:\/\/mahle-smartbike.com\/fr\/wp-json\/wp\/v2\/media\/69485"}],"wp:attachment":[{"href":"https:\/\/mahle-smartbike.com\/fr\/wp-json\/wp\/v2\/media?parent=69499"}],"wp:term":[{"taxonomy":"news-and-events","embeddable":true,"href":"https:\/\/mahle-smartbike.com\/fr\/wp-json\/wp\/v2\/news-and-events?post=69499"}],"curies":[{"name":"wp","href":"https:\/\/api.w.org\/{rel}","templated":true}]}}