{"id":69650,"date":"2025-12-26T16:00:09","date_gmt":"2025-12-26T14:00:09","guid":{"rendered":"https:\/\/mahle-smartbike.com\/?post_type=news-event&#038;p=69650"},"modified":"2026-01-13T19:05:49","modified_gmt":"2026-01-13T17:05:49","slug":"mise-a-niveau-du-systeme-x20-65-nm-et-275-w-de-puissance-de-crete-desormais-disponibles","status":"publish","type":"news-event","link":"https:\/\/mahle-smartbike.com\/fr\/content-hub\/mise-a-niveau-du-systeme-x20-65-nm-et-275-w-de-puissance-de-crete-desormais-disponibles\/","title":{"rendered":"Mise \u00e0 niveau du Syst\u00e8me X20 : 65 Nm et 275 W de puissance de cr\u00eate d\u00e9sormais disponibles"},"content":{"rendered":"\t\t<div data-elementor-type=\"wp-post\" data-elementor-id=\"69650\" class=\"elementor elementor-69650 elementor-69632\" data-elementor-post-type=\"news-event\">\n\t\t\t\t\t\t<section class=\"elementor-section elementor-top-section elementor-element elementor-element-7e0634f elementor-section-full_width sticky-inner-header elementor-section-height-min-height elementor-section-height-default elementor-section-items-middle\" data-id=\"7e0634f\" data-element_type=\"section\" data-settings=\"{&quot;background_background&quot;:&quot;classic&quot;,&quot;sticky&quot;:&quot;top&quot;,&quot;sticky_offset&quot;:72,&quot;sticky_on&quot;:[&quot;widescreen&quot;,&quot;desktop&quot;,&quot;tablet&quot;,&quot;mobile_extra&quot;,&quot;mobile&quot;],&quot;sticky_effects_offset&quot;:0,&quot;sticky_anchor_link_offset&quot;:0}\">\n\t\t\t\t\t\t<div class=\"elementor-container elementor-column-gap-default\">\n\t\t\t\t\t<div class=\"elementor-column elementor-col-100 elementor-top-column elementor-element elementor-element-02653c6\" data-id=\"02653c6\" data-element_type=\"column\">\n\t\t\t<div class=\"elementor-widget-wrap elementor-element-populated\">\n\t\t\t\t\t\t<section class=\"elementor-section elementor-inner-section elementor-element elementor-element-43061e7 elementor-section-content-middle elementor-section-boxed elementor-section-height-default elementor-section-height-default\" data-id=\"43061e7\" data-element_type=\"section\">\n\t\t\t\t\t\t<div class=\"elementor-container elementor-column-gap-default\">\n\t\t\t\t\t<div class=\"elementor-column elementor-col-100 elementor-inner-column elementor-element elementor-element-dd224d3\" data-id=\"dd224d3\" data-element_type=\"column\">\n\t\t\t<div class=\"elementor-widget-wrap elementor-element-populated\">\n\t\t\t\t\t\t<div class=\"elementor-element elementor-element-b5d42a5 elementor-widget-tablet__width-initial elementor-widget-mobile_extra__width-initial elementor-widget-mobile__width-initial elementor-widget elementor-widget-heading\" data-id=\"b5d42a5\" data-element_type=\"widget\" data-widget_type=\"heading.default\">\n\t\t\t\t<div class=\"elementor-widget-container\">\n\t\t\t\t\t<h1 class=\"elementor-heading-title elementor-size-default\">Mise \u00e0 niveau du Syst\u00e8me X20 : 65 Nm et 275 W de puissance de cr\u00eate d\u00e9sormais disponibles<\/h1>\t\t\t\t<\/div>\n\t\t\t\t<\/div>\n\t\t\t\t\t<\/div>\n\t\t<\/div>\n\t\t\t\t\t<\/div>\n\t\t<\/section>\n\t\t\t\t\t<\/div>\n\t\t<\/div>\n\t\t\t\t\t<\/div>\n\t\t<\/section>\n\t\t\t\t<section class=\"elementor-section elementor-top-section elementor-element elementor-element-9839725 elementor-section-full_width elementor-section-height-min-height elementor-section-items-stretch elementor-section-content-top elementor-section-height-default\" data-id=\"9839725\" data-element_type=\"section\" data-settings=\"{&quot;background_background&quot;:&quot;classic&quot;}\">\n\t\t\t\t\t\t<div class=\"elementor-container elementor-column-gap-default\">\n\t\t\t\t\t<div class=\"elementor-column elementor-col-100 elementor-top-column elementor-element elementor-element-eb853f1\" data-id=\"eb853f1\" data-element_type=\"column\" data-settings=\"{&quot;background_background&quot;:&quot;slideshow&quot;,&quot;background_slideshow_gallery&quot;:[],&quot;background_slideshow_loop&quot;:&quot;yes&quot;,&quot;background_slideshow_slide_duration&quot;:5000,&quot;background_slideshow_slide_transition&quot;:&quot;fade&quot;,&quot;background_slideshow_transition_duration&quot;:500}\">\n\t\t\t<div class=\"elementor-widget-wrap\">\n\t\t\t\t\t\t\t<\/div>\n\t\t<\/div>\n\t\t\t\t\t<\/div>\n\t\t<\/section>\n\t\t<div class=\"elementor-element elementor-element-80291d2 e-flex e-con-boxed e-con e-parent\" data-id=\"80291d2\" data-element_type=\"container\">\n\t\t\t\t\t<div class=\"e-con-inner\">\n\t\t\t\t<div class=\"elementor-element elementor-element-c7c53c4 elementor-widget elementor-widget-text-editor\" data-id=\"c7c53c4\" data-element_type=\"widget\" data-widget_type=\"text-editor.default\">\n\t\t\t\t<div class=\"elementor-widget-container\">\n\t\t\t\t\t\t\t\t\t<p>Le syst\u00e8me X20 de MAHLE SmartBike Systems am\u00e9liore les performances. D\u00e8s aujourd&rsquo;hui, les cyclistes \u00e9quip\u00e9s du syst\u00e8me X20 peuvent mettre \u00e0 niveau leur eBike pour d\u00e9bloquer 65 Nm de couple et 275 W de puissance de cr\u00eate, tout en conservant la m\u00eame sensation naturelle et l&rsquo;int\u00e9gration ultra-l\u00e9g\u00e8re qu&rsquo;ils appr\u00e9cient. <\/p>\t\t\t\t\t\t\t\t<\/div>\n\t\t\t\t<\/div>\n\t\t\t\t\t<\/div>\n\t\t\t\t<\/div>\n\t\t<div class=\"elementor-element elementor-element-4f8a9c8 e-flex e-con-boxed e-con e-parent\" data-id=\"4f8a9c8\" data-element_type=\"container\">\n\t\t\t\t\t<div class=\"e-con-inner\">\n\t\t\t\t<div class=\"elementor-element elementor-element-d5e2421 elementor-widget elementor-widget-heading\" data-id=\"d5e2421\" data-element_type=\"widget\" data-widget_type=\"heading.default\">\n\t\t\t\t<div class=\"elementor-widget-container\">\n\t\t\t\t\t<h2 class=\"elementor-heading-title elementor-size-default\">Quoi de neuf ?<\/h2>\t\t\t\t<\/div>\n\t\t\t\t<\/div>\n\t\t\t\t<div class=\"elementor-element elementor-element-ec1a4a4 elementor-widget elementor-widget-heading\" data-id=\"ec1a4a4\" data-element_type=\"widget\" data-widget_type=\"heading.default\">\n\t\t\t\t<div class=\"elementor-widget-container\">\n\t\t\t\t\t<h3 class=\"elementor-heading-title elementor-size-default\">65 Nm de couple (+18 % d'augmentation)*<\/h3>\t\t\t\t<\/div>\n\t\t\t\t<\/div>\n\t\t\t\t<div class=\"elementor-element elementor-element-eb1f140 elementor-widget elementor-widget-text-editor\" data-id=\"eb1f140\" data-element_type=\"widget\" data-widget_type=\"text-editor.default\">\n\t\t\t\t<div class=\"elementor-widget-container\">\n\t\t\t\t\t\t\t\t\t<p>D\u00e9marrages plus vifs et mont\u00e9es plus faciles. L&rsquo;augmentation du couple am\u00e9liore la r\u00e9activit\u00e9, en fournissant une assistance exactement quand vous en avez besoin. <\/p><p>*par rapport \u00e0 un moteur central de 65 Nm.<\/p><p><\/p>\t\t\t\t\t\t\t\t<\/div>\n\t\t\t\t<\/div>\n\t\t\t\t\t<\/div>\n\t\t\t\t<\/div>\n\t\t<div class=\"elementor-element elementor-element-0c7e11b e-flex e-con-boxed e-con e-parent\" data-id=\"0c7e11b\" data-element_type=\"container\">\n\t\t\t\t\t<div class=\"e-con-inner\">\n\t\t\t\t<div class=\"elementor-element elementor-element-e840cd6 elementor-widget elementor-widget-heading\" data-id=\"e840cd6\" data-element_type=\"widget\" data-widget_type=\"heading.default\">\n\t\t\t\t<div class=\"elementor-widget-container\">\n\t\t\t\t\t<h3 class=\"elementor-heading-title elementor-size-default\">Puissance de cr\u00eate de 275 W (augmentation de +10 %)<\/h3>\t\t\t\t<\/div>\n\t\t\t\t<\/div>\n\t\t\t\t<div class=\"elementor-element elementor-element-f47eae0 elementor-widget elementor-widget-text-editor\" data-id=\"f47eae0\" data-element_type=\"widget\" data-widget_type=\"text-editor.default\">\n\t\t\t\t<div class=\"elementor-widget-container\">\n\t\t\t\t\t\t\t\t\t<p>Fourniture de puissance plus soutenue sur une plage de cadence plus large. Gr\u00e2ce \u00e0 cette augmentation, le X20 offre une assistance plus dynamique sur le plat et dans les mont\u00e9es raides sans compromettre le poids ou l&rsquo;int\u00e9gration. <\/p>\t\t\t\t\t\t\t\t<\/div>\n\t\t\t\t<\/div>\n\t\t\t\t\t<\/div>\n\t\t\t\t<\/div>\n\t\t<div class=\"elementor-element elementor-element-9babd9f e-flex e-con-boxed e-con e-parent\" data-id=\"9babd9f\" data-element_type=\"container\">\n\t\t\t\t\t<div class=\"e-con-inner\">\n\t\t\t\t<div class=\"elementor-element elementor-element-ffa1445 elementor-widget elementor-widget-heading\" data-id=\"ffa1445\" data-element_type=\"widget\" data-widget_type=\"heading.default\">\n\t\t\t\t<div class=\"elementor-widget-container\">\n\t\t\t\t\t<h3 class=\"elementor-heading-title elementor-size-default\">Compatibilit\u00e9 UDH compl\u00e8te (unit\u00e9s d'entra\u00eenement de nouvelle g\u00e9n\u00e9ration)<\/h3>\t\t\t\t<\/div>\n\t\t\t\t<\/div>\n\t\t\t\t<div class=\"elementor-element elementor-element-fce2d33 elementor-widget elementor-widget-text-editor\" data-id=\"fce2d33\" data-element_type=\"widget\" data-widget_type=\"text-editor.default\">\n\t\t\t\t<div class=\"elementor-widget-container\">\n\t\t\t\t\t\t\t\t\t<p>La derni\u00e8re unit\u00e9 d&rsquo;entra\u00eenement X20 est enti\u00e8rement compatible avec la norme Universal Derailleur Hanger (UDH), ce qui permet d&rsquo;am\u00e9liorer le changement de vitesse, d&rsquo;optimiser la protection de la transmission et de simplifier la maintenance.<\/p>\t\t\t\t\t\t\t\t<\/div>\n\t\t\t\t<\/div>\n\t\t\t\t\t<\/div>\n\t\t\t\t<\/div>\n\t\t<div class=\"elementor-element elementor-element-3f05e4a e-flex e-con-boxed e-con e-parent\" data-id=\"3f05e4a\" data-element_type=\"container\">\n\t\t\t\t\t<div class=\"e-con-inner\">\n\t\t\t\t<div class=\"elementor-element elementor-element-af4c76e elementor-widget elementor-widget-text-editor\" data-id=\"af4c76e\" data-element_type=\"widget\" data-widget_type=\"text-editor.default\">\n\t\t\t\t<div class=\"elementor-widget-container\">\n\t\t\t\t\t\t\t\t\t<p><strong>Important<\/strong> : la compatibilit\u00e9 UDH s&rsquo;applique aux nouveaux eBikes \u00e9quip\u00e9s des derni\u00e8res unit\u00e9s d&rsquo;entra\u00eenement ; les v\u00e9los existants b\u00e9n\u00e9ficient des augmentations de couple et de puissance via le micrologiciel.<\/p>\t\t\t\t\t\t\t\t<\/div>\n\t\t\t\t<\/div>\n\t\t\t\t\t<\/div>\n\t\t\t\t<\/div>\n\t\t<div class=\"elementor-element elementor-element-c0c5564 e-flex e-con-boxed e-con e-parent\" data-id=\"c0c5564\" data-element_type=\"container\">\n\t\t\t\t\t<div class=\"e-con-inner\">\n\t\t\t\t<div class=\"elementor-element elementor-element-e10a4a6 elementor-widget-divider--view-line elementor-widget elementor-widget-divider\" data-id=\"e10a4a6\" data-element_type=\"widget\" data-widget_type=\"divider.default\">\n\t\t\t\t<div class=\"elementor-widget-container\">\n\t\t\t\t\t\t\t<div class=\"elementor-divider\">\n\t\t\t<span class=\"elementor-divider-separator\">\n\t\t\t\t\t\t<\/span>\n\t\t<\/div>\n\t\t\t\t\t\t<\/div>\n\t\t\t\t<\/div>\n\t\t\t\t\t<\/div>\n\t\t\t\t<\/div>\n\t\t<div class=\"elementor-element elementor-element-3e568e4 e-flex e-con-boxed e-con e-parent\" data-id=\"3e568e4\" data-element_type=\"container\">\n\t\t\t\t\t<div class=\"e-con-inner\">\n\t\t\t\t<div class=\"elementor-element elementor-element-e5562de elementor-widget elementor-widget-heading\" data-id=\"e5562de\" data-element_type=\"widget\" data-widget_type=\"heading.default\">\n\t\t\t\t<div class=\"elementor-widget-container\">\n\t\t\t\t\t<h2 class=\"elementor-heading-title elementor-size-default\">Avant de commencer<\/h2>\t\t\t\t<\/div>\n\t\t\t\t<\/div>\n\t\t\t\t<div class=\"elementor-element elementor-element-394ef7c elementor-widget elementor-widget-text-editor\" data-id=\"394ef7c\" data-element_type=\"widget\" data-widget_type=\"text-editor.default\">\n\t\t\t\t<div class=\"elementor-widget-container\">\n\t\t\t\t\t\t\t\t\t<ul>\n<li>T\u00e9l\u00e9chargez <strong>l&rsquo;application My SmartBike<\/strong> pour appareils mobiles.<\/li>\n<\/ul>\t\t\t\t\t\t\t\t<\/div>\n\t\t\t\t<\/div>\n\t\t<div class=\"elementor-element elementor-element-7c09275 e-grid e-con-full e-con e-child\" data-id=\"7c09275\" data-element_type=\"container\">\n\t\t\t\t<div class=\"elementor-element elementor-element-83bae60 elementor-align-center elementor-widget__width-auto mahle-blue-btn elementor-invisible elementor-widget elementor-widget-button\" data-id=\"83bae60\" data-element_type=\"widget\" data-settings=\"{&quot;_animation&quot;:&quot;fadeInUp&quot;}\" data-widget_type=\"button.default\">\n\t\t\t\t<div class=\"elementor-widget-container\">\n\t\t\t\t\t\t\t\t\t<div class=\"elementor-button-wrapper\">\n\t\t\t\t\t<a class=\"elementor-button elementor-button-link elementor-size-sm\" href=\"https:\/\/apps.apple.com\/sg\/app\/my-smartbike\/id1566348476\">\n\t\t\t\t\t\t<span class=\"elementor-button-content-wrapper\">\n\t\t\t\t\t\t\t\t\t<span class=\"elementor-button-text\">App Store<\/span>\n\t\t\t\t\t<\/span>\n\t\t\t\t\t<\/a>\n\t\t\t\t<\/div>\n\t\t\t\t\t\t\t\t<\/div>\n\t\t\t\t<\/div>\n\t\t\t\t<div class=\"elementor-element elementor-element-370ba4a elementor-align-center elementor-widget__width-auto mahle-blue-btn elementor-invisible elementor-widget elementor-widget-button\" data-id=\"370ba4a\" data-element_type=\"widget\" data-settings=\"{&quot;_animation&quot;:&quot;fadeInUp&quot;}\" data-widget_type=\"button.default\">\n\t\t\t\t<div class=\"elementor-widget-container\">\n\t\t\t\t\t\t\t\t\t<div class=\"elementor-button-wrapper\">\n\t\t\t\t\t<a class=\"elementor-button elementor-button-link elementor-size-sm\" href=\"https:\/\/play.google.com\/store\/apps\/details?id=com.mahle.sbs\">\n\t\t\t\t\t\t<span class=\"elementor-button-content-wrapper\">\n\t\t\t\t\t\t\t\t\t<span class=\"elementor-button-text\">Google Play<\/span>\n\t\t\t\t\t<\/span>\n\t\t\t\t\t<\/a>\n\t\t\t\t<\/div>\n\t\t\t\t\t\t\t\t<\/div>\n\t\t\t\t<\/div>\n\t\t\t\t<\/div>\n\t\t\t\t<div class=\"elementor-element elementor-element-c66aa02 elementor-widget elementor-widget-text-editor\" data-id=\"c66aa02\" data-element_type=\"widget\" data-widget_type=\"text-editor.default\">\n\t\t\t\t<div class=\"elementor-widget-container\">\n\t\t\t\t\t\t\t\t\t<ul><li>Assurez-vous que la batterie de votre v\u00e9lo est charg\u00e9e.<\/li><li>Gardez votre t\u00e9l\u00e9phone \u00e0 proximit\u00e9 et connect\u00e9 au v\u00e9lo.<\/li><li>Utilisez une connexion Internet stable et ne l&rsquo;\u00e9teignez pas pendant la mise \u00e0 jour.<\/li><li>Assurez-vous d&rsquo;avoir la derni\u00e8re version de l&rsquo;application My SmartBike.<\/li><\/ul>\t\t\t\t\t\t\t\t<\/div>\n\t\t\t\t<\/div>\n\t\t\t\t\t<\/div>\n\t\t\t\t<\/div>\n\t\t<div class=\"elementor-element elementor-element-7d08691 e-flex e-con-boxed e-con e-parent\" data-id=\"7d08691\" data-element_type=\"container\">\n\t\t\t\t\t<div class=\"e-con-inner\">\n\t\t\t\t<div class=\"elementor-element elementor-element-83ad3d5 elementor-widget elementor-widget-heading\" data-id=\"83ad3d5\" data-element_type=\"widget\" data-widget_type=\"heading.default\">\n\t\t\t\t<div class=\"elementor-widget-container\">\n\t\t\t\t\t<h2 class=\"elementor-heading-title elementor-size-default\">Comment mettre \u00e0 jour<\/h2>\t\t\t\t<\/div>\n\t\t\t\t<\/div>\n\t\t\t\t<div class=\"elementor-element elementor-element-51145d2 elementor-widget elementor-widget-text-editor\" data-id=\"51145d2\" data-element_type=\"widget\" data-widget_type=\"text-editor.default\">\n\t\t\t\t<div class=\"elementor-widget-container\">\n\t\t\t\t\t\t\t\t\t<ul><li>Ouvrez l&rsquo;application My SmartBike et connectez-vous \u00e0 votre eBike X20.<\/li><li>Allez dans les options de l&rsquo;eBike &gt; V\u00e9rifiez si une mise \u00e0 jour du micrologiciel est disponible.<\/li><li>Suivez les instructions \u00e0 l&rsquo;\u00e9cran :<ul><li>Acceptez les conditions et lancez la mise \u00e0 jour.<\/li><li>Si vous y \u00eates invit\u00e9, rendez-vous chez un revendeur pour une mise \u00e0 jour pr\u00e9alable \u00e0 l&rsquo;aide du X Active Charger (uniquement si votre v\u00e9lo n&rsquo;a pas \u00e9t\u00e9 mis \u00e0 jour vers les versions pr\u00e9c\u00e9dentes du micrologiciel).<\/li><li>Effectuez toutes les mises \u00e0 jour pr\u00e9liminaires avant de continuer.<\/li><\/ul><\/li><\/ul>\t\t\t\t\t\t\t\t<\/div>\n\t\t\t\t<\/div>\n\t\t\t\t\t<\/div>\n\t\t\t\t<\/div>\n\t\t<div class=\"elementor-element elementor-element-e257880 e-flex e-con-boxed e-con e-parent\" data-id=\"e257880\" data-element_type=\"container\">\n\t\t\t\t\t<div class=\"e-con-inner\">\n\t\t\t\t<div class=\"elementor-element elementor-element-7f70625 elementor-widget elementor-widget-heading\" data-id=\"7f70625\" data-element_type=\"widget\" data-widget_type=\"heading.default\">\n\t\t\t\t<div class=\"elementor-widget-container\">\n\t\t\t\t\t<h2 class=\"elementor-heading-title elementor-size-default\">Disponibilit\u00e9 et d\u00e9ploiement<\/h2>\t\t\t\t<\/div>\n\t\t\t\t<\/div>\n\t\t\t\t<div class=\"elementor-element elementor-element-acc1fa6 elementor-widget elementor-widget-text-editor\" data-id=\"acc1fa6\" data-element_type=\"widget\" data-widget_type=\"text-editor.default\">\n\t\t\t\t<div class=\"elementor-widget-container\">\n\t\t\t\t\t\t\t\t\t<p>La mise \u00e0 jour du micrologiciel avec 65 Nm et 275 W de puissance de cr\u00eate est disponible pour les eBikes compatibles avec le Syst\u00e8me X20. La compatibilit\u00e9 UDH s&rsquo;applique aux nouveaux eBikes \u00e9quip\u00e9s de la derni\u00e8re unit\u00e9 d&rsquo;entra\u00eenement X20. <\/p>\t\t\t\t\t\t\t\t<\/div>\n\t\t\t\t<\/div>\n\t\t\t\t\t<\/div>\n\t\t\t\t<\/div>\n\t\t<div class=\"elementor-element elementor-element-c00b90b e-flex e-con-boxed e-con e-parent\" data-id=\"c00b90b\" data-element_type=\"container\">\n\t\t\t\t\t<div class=\"e-con-inner\">\n\t\t\t\t<div class=\"elementor-element elementor-element-333d9fb elementor-widget-divider--view-line elementor-widget elementor-widget-divider\" data-id=\"333d9fb\" data-element_type=\"widget\" data-widget_type=\"divider.default\">\n\t\t\t\t<div class=\"elementor-widget-container\">\n\t\t\t\t\t\t\t<div class=\"elementor-divider\">\n\t\t\t<span class=\"elementor-divider-separator\">\n\t\t\t\t\t\t<\/span>\n\t\t<\/div>\n\t\t\t\t\t\t<\/div>\n\t\t\t\t<\/div>\n\t\t\t\t\t<\/div>\n\t\t\t\t<\/div>\n\t\t<div class=\"elementor-element elementor-element-a2b8f91 e-flex e-con-boxed e-con e-parent\" data-id=\"a2b8f91\" data-element_type=\"container\">\n\t\t\t\t\t<div class=\"e-con-inner\">\n\t\t\t\t<div class=\"elementor-element elementor-element-842f534 elementor-widget elementor-widget-heading\" data-id=\"842f534\" data-element_type=\"widget\" data-widget_type=\"heading.default\">\n\t\t\t\t<div class=\"elementor-widget-container\">\n\t\t\t\t\t<h2 class=\"elementor-heading-title elementor-size-default\">FAQ<\/h2>\t\t\t\t<\/div>\n\t\t\t\t<\/div>\n\t\t\t\t<div class=\"elementor-element elementor-element-e759738 elementor-widget elementor-widget-text-editor\" data-id=\"e759738\" data-element_type=\"widget\" data-widget_type=\"text-editor.default\">\n\t\t\t\t<div class=\"elementor-widget-container\">\n\t\t\t\t\t\t\t\t\t<ul><li><p><strong>Combien de temps dure la mise \u00e0 jour ?<\/strong><\/p><p>Cela varie en fonction de la version actuelle du micrologiciel et de la qualit\u00e9 de la connexion. Pr\u00e9voyez suffisamment de temps et n&rsquo;interrompez pas le processus. <\/p><\/li><li><p><strong>Dois-je me rendre chez un revendeur ?<\/strong><\/p><p>Seulement si l&rsquo;application demande une mise \u00e0 jour pr\u00e9alable avec le X Active Charger.<\/p><\/li><li><p><strong>L&rsquo;autonomie change-t-elle ?<\/strong><\/p><p>La gestion de l&rsquo;\u00e9nergie reste efficace, mais l&rsquo;autonomie r\u00e9elle d\u00e9pend du mode, du terrain et du style de conduite.<\/p><\/li><li><p><strong>Ai-je besoin de la batterie externe eX1 pour effectuer la mise \u00e0 jour ?<\/strong><\/p><p>Non. Assurez-vous que la batterie principale est charg\u00e9e. Si vous utilisez une batterie externe, maintenez-la suffisamment charg\u00e9e et connect\u00e9e si elle est pr\u00e9sente.  <\/p><\/li><li><p><strong>L&rsquo;UDH est-il fourni par le micrologiciel ?<\/strong><\/p><p>Non. L&rsquo;UDH fait partie du dernier mat\u00e9riel d&rsquo;unit\u00e9 d&rsquo;entra\u00eenement des nouveaux eBikes. Les v\u00e9los existants b\u00e9n\u00e9ficient d&rsquo;am\u00e9liorations du couple et de la puissance via le micrologiciel.  <\/p><\/li><li><p><strong>Que se passe-t-il si la mise \u00e0 jour \u00e9choue ?<\/strong><\/p><p>V\u00e9rifiez la batterie, la connectivit\u00e9 et r\u00e9essayez. Si les probl\u00e8mes persistent, contactez le support ou rendez-vous chez un revendeur. <\/p><\/li><\/ul><p><\/p><p><\/p><p><\/p>\t\t\t\t\t\t\t\t<\/div>\n\t\t\t\t<\/div>\n\t\t\t\t<div class=\"elementor-element elementor-element-4b26c11 elementor-widget elementor-widget-spacer\" data-id=\"4b26c11\" data-element_type=\"widget\" data-widget_type=\"spacer.default\">\n\t\t\t\t<div class=\"elementor-widget-container\">\n\t\t\t\t\t\t\t<div class=\"elementor-spacer\">\n\t\t\t<div class=\"elementor-spacer-inner\"><\/div>\n\t\t<\/div>\n\t\t\t\t\t\t<\/div>\n\t\t\t\t<\/div>\n\t\t\t\t\t<\/div>\n\t\t\t\t<\/div>\n\t\t\t\t<\/div>\n\t\t","protected":false},"excerpt":{"rendered":"<p>Le Syst\u00e8me X20 de MAHLE SmartBike Systems am\u00e9liore les performances. D\u00e8s aujourd&rsquo;hui, les cyclistes \u00e9quip\u00e9s du Syst\u00e8me X20 peuvent mettre \u00e0 niveau leur eBike pour d\u00e9bloquer un couple de 65 Nm et une puissance de cr\u00eate de 275 W, tout en conservant la sensation naturelle et l&rsquo;int\u00e9gration ultra-l\u00e9g\u00e8re qu&rsquo;ils appr\u00e9cient. <\/p>\n","protected":false},"featured_media":69635,"parent":0,"menu_order":0,"template":"","news-and-events":[],"class_list":["post-69650","news-event","type-news-event","status-publish","has-post-thumbnail","hentry","news-events-category-actualits"],"acf":[],"yoast_head":"<!-- This site is optimized with the Yoast SEO plugin v27.5 - https:\/\/yoast.com\/product\/yoast-seo-wordpress\/ -->\n<title>Mise \u00e0 niveau du Syst\u00e8me X20 : 65 Nm et 275 W de puissance de cr\u00eate d\u00e9sormais disponibles - MAHLE SmartBike Systems<\/title>\n<meta name=\"description\" content=\"Le Syst\u00e8me X20 de MAHLE SmartBike Systems am\u00e9liore les performances. D\u00e8s aujourd&#039;hui, les cyclistes \u00e9quip\u00e9s du Syst\u00e8me X20 peuvent mettre \u00e0 niveau leur eBike pour d\u00e9bloquer un couple de 65 Nm et une puissance de cr\u00eate de 275 W, tout en conservant la sensation naturelle et l&#039;int\u00e9gration ultra-l\u00e9g\u00e8re qu&#039;ils appr\u00e9cient.\" \/>\n<meta name=\"robots\" content=\"index, follow, max-snippet:-1, max-image-preview:large, max-video-preview:-1\" \/>\n<link rel=\"canonical\" href=\"https:\/\/mahle-smartbike.com\/fr\/content-hub\/mise-a-niveau-du-systeme-x20-65-nm-et-275-w-de-puissance-de-crete-desormais-disponibles\/\" \/>\n<meta property=\"og:locale\" content=\"fr_FR\" \/>\n<meta property=\"og:type\" content=\"article\" \/>\n<meta property=\"og:title\" content=\"Mise \u00e0 niveau du Syst\u00e8me X20 : 65 Nm et 275 W de puissance de cr\u00eate d\u00e9sormais disponibles - MAHLE SmartBike Systems\" \/>\n<meta property=\"og:description\" content=\"Le Syst\u00e8me X20 de MAHLE SmartBike Systems am\u00e9liore les performances. D\u00e8s aujourd&#039;hui, les cyclistes \u00e9quip\u00e9s du Syst\u00e8me X20 peuvent mettre \u00e0 niveau leur eBike pour d\u00e9bloquer un couple de 65 Nm et une puissance de cr\u00eate de 275 W, tout en conservant la sensation naturelle et l&#039;int\u00e9gration ultra-l\u00e9g\u00e8re qu&#039;ils appr\u00e9cient.\" \/>\n<meta property=\"og:url\" content=\"https:\/\/mahle-smartbike.com\/fr\/content-hub\/mise-a-niveau-du-systeme-x20-65-nm-et-275-w-de-puissance-de-crete-desormais-disponibles\/\" \/>\n<meta property=\"og:site_name\" content=\"MAHLE SmartBike Systems\" \/>\n<meta property=\"article:publisher\" content=\"https:\/\/www.facebook.com\/mahlesmartbikesystems\/\" \/>\n<meta property=\"article:modified_time\" content=\"2026-01-13T17:05:49+00:00\" \/>\n<meta property=\"og:image\" content=\"https:\/\/mahle-smartbike.com\/wp-content\/uploads\/2025\/12\/420WT-Main_pic_X20_upgrade.webp\" \/>\n\t<meta property=\"og:image:width\" content=\"2560\" \/>\n\t<meta property=\"og:image:height\" content=\"1600\" \/>\n\t<meta property=\"og:image:type\" content=\"image\/webp\" \/>\n<meta name=\"twitter:card\" content=\"summary_large_image\" \/>\n<meta name=\"twitter:label1\" content=\"Dur\u00e9e de lecture estim\u00e9e\" \/>\n\t<meta name=\"twitter:data1\" content=\"3 minutes\" \/>\n<script type=\"application\/ld+json\" class=\"yoast-schema-graph\">{\"@context\":\"https:\\\/\\\/schema.org\",\"@graph\":[{\"@type\":\"WebPage\",\"@id\":\"https:\\\/\\\/mahle-smartbike.com\\\/fr\\\/content-hub\\\/mise-a-niveau-du-systeme-x20-65-nm-et-275-w-de-puissance-de-crete-desormais-disponibles\\\/\",\"url\":\"https:\\\/\\\/mahle-smartbike.com\\\/fr\\\/content-hub\\\/mise-a-niveau-du-systeme-x20-65-nm-et-275-w-de-puissance-de-crete-desormais-disponibles\\\/\",\"name\":\"Mise \u00e0 niveau du Syst\u00e8me X20 : 65 Nm et 275 W de puissance de cr\u00eate d\u00e9sormais disponibles - MAHLE SmartBike Systems\",\"isPartOf\":{\"@id\":\"https:\\\/\\\/mahle-smartbike.com\\\/#website\"},\"primaryImageOfPage\":{\"@id\":\"https:\\\/\\\/mahle-smartbike.com\\\/fr\\\/content-hub\\\/mise-a-niveau-du-systeme-x20-65-nm-et-275-w-de-puissance-de-crete-desormais-disponibles\\\/#primaryimage\"},\"image\":{\"@id\":\"https:\\\/\\\/mahle-smartbike.com\\\/fr\\\/content-hub\\\/mise-a-niveau-du-systeme-x20-65-nm-et-275-w-de-puissance-de-crete-desormais-disponibles\\\/#primaryimage\"},\"thumbnailUrl\":\"https:\\\/\\\/mahle-smartbike.com\\\/wp-content\\\/uploads\\\/2025\\\/12\\\/420WT-Main_pic_X20_upgrade.webp\",\"datePublished\":\"2025-12-26T14:00:09+00:00\",\"dateModified\":\"2026-01-13T17:05:49+00:00\",\"description\":\"Le Syst\u00e8me X20 de MAHLE SmartBike Systems am\u00e9liore les performances. D\u00e8s aujourd'hui, les cyclistes \u00e9quip\u00e9s du Syst\u00e8me X20 peuvent mettre \u00e0 niveau leur eBike pour d\u00e9bloquer un couple de 65 Nm et une puissance de cr\u00eate de 275 W, tout en conservant la sensation naturelle et l'int\u00e9gration ultra-l\u00e9g\u00e8re qu'ils appr\u00e9cient.\",\"breadcrumb\":{\"@id\":\"https:\\\/\\\/mahle-smartbike.com\\\/fr\\\/content-hub\\\/mise-a-niveau-du-systeme-x20-65-nm-et-275-w-de-puissance-de-crete-desormais-disponibles\\\/#breadcrumb\"},\"inLanguage\":\"fr-FR\",\"potentialAction\":[{\"@type\":\"ReadAction\",\"target\":[\"https:\\\/\\\/mahle-smartbike.com\\\/fr\\\/content-hub\\\/mise-a-niveau-du-systeme-x20-65-nm-et-275-w-de-puissance-de-crete-desormais-disponibles\\\/\"]}]},{\"@type\":\"ImageObject\",\"inLanguage\":\"fr-FR\",\"@id\":\"https:\\\/\\\/mahle-smartbike.com\\\/fr\\\/content-hub\\\/mise-a-niveau-du-systeme-x20-65-nm-et-275-w-de-puissance-de-crete-desormais-disponibles\\\/#primaryimage\",\"url\":\"https:\\\/\\\/mahle-smartbike.com\\\/wp-content\\\/uploads\\\/2025\\\/12\\\/420WT-Main_pic_X20_upgrade.webp\",\"contentUrl\":\"https:\\\/\\\/mahle-smartbike.com\\\/wp-content\\\/uploads\\\/2025\\\/12\\\/420WT-Main_pic_X20_upgrade.webp\",\"width\":2560,\"height\":1600},{\"@type\":\"BreadcrumbList\",\"@id\":\"https:\\\/\\\/mahle-smartbike.com\\\/fr\\\/content-hub\\\/mise-a-niveau-du-systeme-x20-65-nm-et-275-w-de-puissance-de-crete-desormais-disponibles\\\/#breadcrumb\",\"itemListElement\":[{\"@type\":\"ListItem\",\"position\":1,\"name\":\"News & Events\",\"item\":\"https:\\\/\\\/mahle-smartbike.com\\\/fr\\\/content-hub\\\/\"},{\"@type\":\"ListItem\",\"position\":2,\"name\":\"Mise \u00e0 niveau du Syst\u00e8me X20 : 65 Nm et 275 W de puissance de cr\u00eate d\u00e9sormais disponibles\"}]},{\"@type\":\"WebSite\",\"@id\":\"https:\\\/\\\/mahle-smartbike.com\\\/#website\",\"url\":\"https:\\\/\\\/mahle-smartbike.com\\\/\",\"name\":\"MAHLE SmartBike Systems\",\"description\":\"The lightest ebike systems on the market\",\"publisher\":{\"@id\":\"https:\\\/\\\/mahle-smartbike.com\\\/#organization\"},\"potentialAction\":[{\"@type\":\"SearchAction\",\"target\":{\"@type\":\"EntryPoint\",\"urlTemplate\":\"https:\\\/\\\/mahle-smartbike.com\\\/?s={search_term_string}\"},\"query-input\":{\"@type\":\"PropertyValueSpecification\",\"valueRequired\":true,\"valueName\":\"search_term_string\"}}],\"inLanguage\":\"fr-FR\"},{\"@type\":\"Organization\",\"@id\":\"https:\\\/\\\/mahle-smartbike.com\\\/#organization\",\"name\":\"MAHLE SmartBike Systems\",\"url\":\"https:\\\/\\\/mahle-smartbike.com\\\/\",\"logo\":{\"@type\":\"ImageObject\",\"inLanguage\":\"fr-FR\",\"@id\":\"https:\\\/\\\/mahle-smartbike.com\\\/#\\\/schema\\\/logo\\\/image\\\/\",\"url\":\"https:\\\/\\\/mahle-smartbike.com\\\/wp-content\\\/uploads\\\/2024\\\/05\\\/MAHLE-SmartBike-Systems-Logo-1-1.jpg\",\"contentUrl\":\"https:\\\/\\\/mahle-smartbike.com\\\/wp-content\\\/uploads\\\/2024\\\/05\\\/MAHLE-SmartBike-Systems-Logo-1-1.jpg\",\"width\":1920,\"height\":1920,\"caption\":\"MAHLE SmartBike Systems\"},\"image\":{\"@id\":\"https:\\\/\\\/mahle-smartbike.com\\\/#\\\/schema\\\/logo\\\/image\\\/\"},\"sameAs\":[\"https:\\\/\\\/www.facebook.com\\\/mahlesmartbikesystems\\\/\",\"https:\\\/\\\/www.instagram.com\\\/mahle_smartbikesystems\\\/\",\"https:\\\/\\\/www.linkedin.com\\\/company\\\/mahlesmartbikesystems\\\/\",\"https:\\\/\\\/www.youtube.com\\\/channel\\\/UCgfNyF-Wtgq0WTlzsV8bDmQ\",\"https:\\\/\\\/www.strava.com\\\/clubs\\\/mahle\",\"https:\\\/\\\/www.tiktok.com\\\/@mahlesmartbikesystems\"]}]}<\/script>\n<!-- \/ Yoast SEO plugin. -->","yoast_head_json":{"title":"Mise \u00e0 niveau du Syst\u00e8me X20 : 65 Nm et 275 W de puissance de cr\u00eate d\u00e9sormais disponibles - MAHLE SmartBike Systems","description":"Le Syst\u00e8me X20 de MAHLE SmartBike Systems am\u00e9liore les performances. D\u00e8s aujourd'hui, les cyclistes \u00e9quip\u00e9s du Syst\u00e8me X20 peuvent mettre \u00e0 niveau leur eBike pour d\u00e9bloquer un couple de 65 Nm et une puissance de cr\u00eate de 275 W, tout en conservant la sensation naturelle et l'int\u00e9gration ultra-l\u00e9g\u00e8re qu'ils appr\u00e9cient.","robots":{"index":"index","follow":"follow","max-snippet":"max-snippet:-1","max-image-preview":"max-image-preview:large","max-video-preview":"max-video-preview:-1"},"canonical":"https:\/\/mahle-smartbike.com\/fr\/content-hub\/mise-a-niveau-du-systeme-x20-65-nm-et-275-w-de-puissance-de-crete-desormais-disponibles\/","og_locale":"fr_FR","og_type":"article","og_title":"Mise \u00e0 niveau du Syst\u00e8me X20 : 65 Nm et 275 W de puissance de cr\u00eate d\u00e9sormais disponibles - MAHLE SmartBike Systems","og_description":"Le Syst\u00e8me X20 de MAHLE SmartBike Systems am\u00e9liore les performances. D\u00e8s aujourd'hui, les cyclistes \u00e9quip\u00e9s du Syst\u00e8me X20 peuvent mettre \u00e0 niveau leur eBike pour d\u00e9bloquer un couple de 65 Nm et une puissance de cr\u00eate de 275 W, tout en conservant la sensation naturelle et l'int\u00e9gration ultra-l\u00e9g\u00e8re qu'ils appr\u00e9cient.","og_url":"https:\/\/mahle-smartbike.com\/fr\/content-hub\/mise-a-niveau-du-systeme-x20-65-nm-et-275-w-de-puissance-de-crete-desormais-disponibles\/","og_site_name":"MAHLE SmartBike Systems","article_publisher":"https:\/\/www.facebook.com\/mahlesmartbikesystems\/","article_modified_time":"2026-01-13T17:05:49+00:00","og_image":[{"width":2560,"height":1600,"url":"https:\/\/mahle-smartbike.com\/wp-content\/uploads\/2025\/12\/420WT-Main_pic_X20_upgrade.webp","type":"image\/webp"}],"twitter_card":"summary_large_image","twitter_misc":{"Dur\u00e9e de lecture estim\u00e9e":"3 minutes"},"schema":{"@context":"https:\/\/schema.org","@graph":[{"@type":"WebPage","@id":"https:\/\/mahle-smartbike.com\/fr\/content-hub\/mise-a-niveau-du-systeme-x20-65-nm-et-275-w-de-puissance-de-crete-desormais-disponibles\/","url":"https:\/\/mahle-smartbike.com\/fr\/content-hub\/mise-a-niveau-du-systeme-x20-65-nm-et-275-w-de-puissance-de-crete-desormais-disponibles\/","name":"Mise \u00e0 niveau du Syst\u00e8me X20 : 65 Nm et 275 W de puissance de cr\u00eate d\u00e9sormais disponibles - MAHLE SmartBike Systems","isPartOf":{"@id":"https:\/\/mahle-smartbike.com\/#website"},"primaryImageOfPage":{"@id":"https:\/\/mahle-smartbike.com\/fr\/content-hub\/mise-a-niveau-du-systeme-x20-65-nm-et-275-w-de-puissance-de-crete-desormais-disponibles\/#primaryimage"},"image":{"@id":"https:\/\/mahle-smartbike.com\/fr\/content-hub\/mise-a-niveau-du-systeme-x20-65-nm-et-275-w-de-puissance-de-crete-desormais-disponibles\/#primaryimage"},"thumbnailUrl":"https:\/\/mahle-smartbike.com\/wp-content\/uploads\/2025\/12\/420WT-Main_pic_X20_upgrade.webp","datePublished":"2025-12-26T14:00:09+00:00","dateModified":"2026-01-13T17:05:49+00:00","description":"Le Syst\u00e8me X20 de MAHLE SmartBike Systems am\u00e9liore les performances. D\u00e8s aujourd'hui, les cyclistes \u00e9quip\u00e9s du Syst\u00e8me X20 peuvent mettre \u00e0 niveau leur eBike pour d\u00e9bloquer un couple de 65 Nm et une puissance de cr\u00eate de 275 W, tout en conservant la sensation naturelle et l'int\u00e9gration ultra-l\u00e9g\u00e8re qu'ils appr\u00e9cient.","breadcrumb":{"@id":"https:\/\/mahle-smartbike.com\/fr\/content-hub\/mise-a-niveau-du-systeme-x20-65-nm-et-275-w-de-puissance-de-crete-desormais-disponibles\/#breadcrumb"},"inLanguage":"fr-FR","potentialAction":[{"@type":"ReadAction","target":["https:\/\/mahle-smartbike.com\/fr\/content-hub\/mise-a-niveau-du-systeme-x20-65-nm-et-275-w-de-puissance-de-crete-desormais-disponibles\/"]}]},{"@type":"ImageObject","inLanguage":"fr-FR","@id":"https:\/\/mahle-smartbike.com\/fr\/content-hub\/mise-a-niveau-du-systeme-x20-65-nm-et-275-w-de-puissance-de-crete-desormais-disponibles\/#primaryimage","url":"https:\/\/mahle-smartbike.com\/wp-content\/uploads\/2025\/12\/420WT-Main_pic_X20_upgrade.webp","contentUrl":"https:\/\/mahle-smartbike.com\/wp-content\/uploads\/2025\/12\/420WT-Main_pic_X20_upgrade.webp","width":2560,"height":1600},{"@type":"BreadcrumbList","@id":"https:\/\/mahle-smartbike.com\/fr\/content-hub\/mise-a-niveau-du-systeme-x20-65-nm-et-275-w-de-puissance-de-crete-desormais-disponibles\/#breadcrumb","itemListElement":[{"@type":"ListItem","position":1,"name":"News & Events","item":"https:\/\/mahle-smartbike.com\/fr\/content-hub\/"},{"@type":"ListItem","position":2,"name":"Mise \u00e0 niveau du Syst\u00e8me X20 : 65 Nm et 275 W de puissance de cr\u00eate d\u00e9sormais disponibles"}]},{"@type":"WebSite","@id":"https:\/\/mahle-smartbike.com\/#website","url":"https:\/\/mahle-smartbike.com\/","name":"MAHLE SmartBike Systems","description":"The lightest ebike systems on the market","publisher":{"@id":"https:\/\/mahle-smartbike.com\/#organization"},"potentialAction":[{"@type":"SearchAction","target":{"@type":"EntryPoint","urlTemplate":"https:\/\/mahle-smartbike.com\/?s={search_term_string}"},"query-input":{"@type":"PropertyValueSpecification","valueRequired":true,"valueName":"search_term_string"}}],"inLanguage":"fr-FR"},{"@type":"Organization","@id":"https:\/\/mahle-smartbike.com\/#organization","name":"MAHLE SmartBike Systems","url":"https:\/\/mahle-smartbike.com\/","logo":{"@type":"ImageObject","inLanguage":"fr-FR","@id":"https:\/\/mahle-smartbike.com\/#\/schema\/logo\/image\/","url":"https:\/\/mahle-smartbike.com\/wp-content\/uploads\/2024\/05\/MAHLE-SmartBike-Systems-Logo-1-1.jpg","contentUrl":"https:\/\/mahle-smartbike.com\/wp-content\/uploads\/2024\/05\/MAHLE-SmartBike-Systems-Logo-1-1.jpg","width":1920,"height":1920,"caption":"MAHLE SmartBike Systems"},"image":{"@id":"https:\/\/mahle-smartbike.com\/#\/schema\/logo\/image\/"},"sameAs":["https:\/\/www.facebook.com\/mahlesmartbikesystems\/","https:\/\/www.instagram.com\/mahle_smartbikesystems\/","https:\/\/www.linkedin.com\/company\/mahlesmartbikesystems\/","https:\/\/www.youtube.com\/channel\/UCgfNyF-Wtgq0WTlzsV8bDmQ","https:\/\/www.strava.com\/clubs\/mahle","https:\/\/www.tiktok.com\/@mahlesmartbikesystems"]}]}},"_links":{"self":[{"href":"https:\/\/mahle-smartbike.com\/fr\/wp-json\/wp\/v2\/news-events\/69650","targetHints":{"allow":["GET"]}}],"collection":[{"href":"https:\/\/mahle-smartbike.com\/fr\/wp-json\/wp\/v2\/news-events"}],"about":[{"href":"https:\/\/mahle-smartbike.com\/fr\/wp-json\/wp\/v2\/types\/news-event"}],"version-history":[{"count":5,"href":"https:\/\/mahle-smartbike.com\/fr\/wp-json\/wp\/v2\/news-events\/69650\/revisions"}],"predecessor-version":[{"id":71041,"href":"https:\/\/mahle-smartbike.com\/fr\/wp-json\/wp\/v2\/news-events\/69650\/revisions\/71041"}],"wp:featuredmedia":[{"embeddable":true,"href":"https:\/\/mahle-smartbike.com\/fr\/wp-json\/wp\/v2\/media\/69635"}],"wp:attachment":[{"href":"https:\/\/mahle-smartbike.com\/fr\/wp-json\/wp\/v2\/media?parent=69650"}],"wp:term":[{"taxonomy":"news-and-events","embeddable":true,"href":"https:\/\/mahle-smartbike.com\/fr\/wp-json\/wp\/v2\/news-and-events?post=69650"}],"curies":[{"name":"wp","href":"https:\/\/api.w.org\/{rel}","templated":true}]}}