{"id":70271,"date":"2026-01-05T12:28:58","date_gmt":"2026-01-05T10:28:58","guid":{"rendered":"https:\/\/mahle-smartbike.com\/content-hub\/retour-sur-la-route-rencontrez-nous-lors-des-principaux-evenements-cyclistes-en-2026\/"},"modified":"2026-02-19T13:38:58","modified_gmt":"2026-02-19T11:38:58","slug":"retour-sur-la-route-rencontrez-nous-lors-des-principaux-evenements-cyclistes-en-2026","status":"publish","type":"news-event","link":"https:\/\/mahle-smartbike.com\/fr\/content-hub\/retour-sur-la-route-rencontrez-nous-lors-des-principaux-evenements-cyclistes-en-2026\/","title":{"rendered":"Retour sur la route : Rencontrez-nous lors des principaux \u00e9v\u00e9nements cyclistes en 2026 !"},"content":{"rendered":"\t\t<div data-elementor-type=\"wp-post\" data-elementor-id=\"70271\" class=\"elementor elementor-70271 elementor-70233\" data-elementor-post-type=\"news-event\">\n\t\t\t\t\t\t<section class=\"elementor-section elementor-top-section elementor-element elementor-element-7e0634f elementor-section-full_width sticky-inner-header elementor-section-height-min-height elementor-section-height-default elementor-section-items-middle\" data-id=\"7e0634f\" data-element_type=\"section\" data-settings=\"{&quot;background_background&quot;:&quot;classic&quot;,&quot;sticky&quot;:&quot;top&quot;,&quot;sticky_offset&quot;:72,&quot;sticky_on&quot;:[&quot;widescreen&quot;,&quot;desktop&quot;,&quot;tablet&quot;,&quot;mobile_extra&quot;,&quot;mobile&quot;],&quot;sticky_effects_offset&quot;:0,&quot;sticky_anchor_link_offset&quot;:0}\">\n\t\t\t\t\t\t<div class=\"elementor-container elementor-column-gap-default\">\n\t\t\t\t\t<div class=\"elementor-column elementor-col-100 elementor-top-column elementor-element elementor-element-02653c6\" data-id=\"02653c6\" data-element_type=\"column\">\n\t\t\t<div class=\"elementor-widget-wrap elementor-element-populated\">\n\t\t\t\t\t\t<section class=\"elementor-section elementor-inner-section elementor-element elementor-element-43061e7 elementor-section-content-middle elementor-section-boxed elementor-section-height-default elementor-section-height-default\" data-id=\"43061e7\" data-element_type=\"section\">\n\t\t\t\t\t\t<div class=\"elementor-container elementor-column-gap-default\">\n\t\t\t\t\t<div class=\"elementor-column elementor-col-100 elementor-inner-column elementor-element elementor-element-dd224d3\" data-id=\"dd224d3\" data-element_type=\"column\">\n\t\t\t<div class=\"elementor-widget-wrap elementor-element-populated\">\n\t\t\t\t\t\t<div class=\"elementor-element elementor-element-b5d42a5 elementor-widget-tablet__width-initial elementor-widget-mobile_extra__width-initial elementor-widget-mobile__width-initial elementor-widget elementor-widget-heading\" data-id=\"b5d42a5\" data-element_type=\"widget\" data-widget_type=\"heading.default\">\n\t\t\t\t<div class=\"elementor-widget-container\">\n\t\t\t\t\t<h1 class=\"elementor-heading-title elementor-size-default\">Retour sur la route : Rencontrez-nous lors des principaux \u00e9v\u00e9nements cyclistes en 2026&nbsp;! <\/h1>\t\t\t\t<\/div>\n\t\t\t\t<\/div>\n\t\t\t\t\t<\/div>\n\t\t<\/div>\n\t\t\t\t\t<\/div>\n\t\t<\/section>\n\t\t\t\t\t<\/div>\n\t\t<\/div>\n\t\t\t\t\t<\/div>\n\t\t<\/section>\n\t\t\t\t<section class=\"elementor-section elementor-top-section elementor-element elementor-element-9839725 elementor-section-full_width elementor-section-height-min-height elementor-section-items-stretch elementor-section-content-top elementor-section-height-default\" data-id=\"9839725\" data-element_type=\"section\" data-settings=\"{&quot;background_background&quot;:&quot;classic&quot;}\">\n\t\t\t\t\t\t<div class=\"elementor-container elementor-column-gap-default\">\n\t\t\t\t\t<div class=\"elementor-column elementor-col-100 elementor-top-column elementor-element elementor-element-eb853f1\" data-id=\"eb853f1\" data-element_type=\"column\" data-settings=\"{&quot;background_background&quot;:&quot;slideshow&quot;,&quot;background_slideshow_gallery&quot;:[],&quot;background_slideshow_loop&quot;:&quot;yes&quot;,&quot;background_slideshow_slide_duration&quot;:5000,&quot;background_slideshow_slide_transition&quot;:&quot;fade&quot;,&quot;background_slideshow_transition_duration&quot;:500}\">\n\t\t\t<div class=\"elementor-widget-wrap\">\n\t\t\t\t\t\t\t<\/div>\n\t\t<\/div>\n\t\t\t\t\t<\/div>\n\t\t<\/section>\n\t\t<div class=\"elementor-element elementor-element-80291d2 e-flex e-con-boxed e-con e-parent\" data-id=\"80291d2\" data-element_type=\"container\">\n\t\t\t\t\t<div class=\"e-con-inner\">\n\t\t\t\t<div class=\"elementor-element elementor-element-c7c53c4 elementor-widget elementor-widget-text-editor\" data-id=\"c7c53c4\" data-element_type=\"widget\" data-widget_type=\"text-editor.default\">\n\t\t\t\t<div class=\"elementor-widget-container\">\n\t\t\t\t\t\t\t\t\t<p>L&rsquo;ann\u00e9e 2026 marque une ann\u00e9e passionnante pour MAHLE SmartBike Systems, car nous revenons aux \u00e9v\u00e9nements cyclistes les plus influents du monde entier. Ces rencontres sont bien plus que de simples expositions : ce sont des occasions de cr\u00e9er des liens avec les cyclistes, les marques et les acteurs majeurs du secteur, et de montrer comment notre technologie fa\u00e7onne l\u2019avenir de la mobilit\u00e9 \u00e9lectrique. De l\u2019Europe \u00e0 l\u2019Asie, nous serons pr\u00e9sents lors d\u2019\u00e9v\u00e9nements cl\u00e9s pour partager innovation, expertise et exp\u00e9riences pratiques. <\/p>\t\t\t\t\t\t\t\t<\/div>\n\t\t\t\t<\/div>\n\t\t\t\t\t<\/div>\n\t\t\t\t<\/div>\n\t\t<div class=\"elementor-element elementor-element-4f8a9c8 e-flex e-con-boxed e-con e-parent\" data-id=\"4f8a9c8\" data-element_type=\"container\">\n\t\t\t\t\t<div class=\"e-con-inner\">\n\t\t\t\t<div class=\"elementor-element elementor-element-1558587 elementor-widget__width-auto elementor-widget elementor-widget-image\" data-id=\"1558587\" data-element_type=\"widget\" data-widget_type=\"image.default\">\n\t\t\t\t<div class=\"elementor-widget-container\">\n\t\t\t\t\t\t\t\t\t\t\t\t\t\t\t<img decoding=\"async\" src=\"https:\/\/mahle-smartbike.com\/wp-content\/uploads\/elementor\/thumbs\/MAHLE_Eurobike_25-9-rh7amq0uuiwsi7asac1rv8s7h6bskgkys89ifb83ls.webp\" title=\"MAHLE_Eurobike_25-9\" alt=\"MAHLE_Eurobike_25-9\" loading=\"lazy\" \/>\t\t\t\t\t\t\t\t\t\t\t\t\t\t\t<\/div>\n\t\t\t\t<\/div>\n\t\t\t\t<div class=\"elementor-element elementor-element-d5e2421 elementor-widget elementor-widget-heading\" data-id=\"d5e2421\" data-element_type=\"widget\" data-widget_type=\"heading.default\">\n\t\t\t\t<div class=\"elementor-widget-container\">\n\t\t\t\t\t<h2 class=\"elementor-heading-title elementor-size-default\">Calendrier des \u00e9v\u00e9nements 2026<\/h2>\t\t\t\t<\/div>\n\t\t\t\t<\/div>\n\t\t\t\t<div class=\"elementor-element elementor-element-eb1f140 elementor-widget elementor-widget-text-editor\" data-id=\"eb1f140\" data-element_type=\"widget\" data-widget_type=\"text-editor.default\">\n\t\t\t\t<div class=\"elementor-widget-container\">\n\t\t\t\t\t\t\t\t\t<p>Notre voyage commence en janvier et se poursuit tout au long de l&rsquo;ann\u00e9e avec des arr\u00eats aux \u00e9v\u00e9nements cyclistes les plus importants&nbsp;:<\/p><ul><li><strong>Velofollies<\/strong>&nbsp;: 16\u201318&nbsp;janvier, Kortrijk, Belgique.<\/li><li><strong>Sea Otter Classics<\/strong>&nbsp;: 16\u201319&nbsp;avril, Monterrey, \u00c9tats-Unis.<\/li><li><strong>eBike Days<\/strong>&nbsp;: 24\u201326&nbsp;avril, Munich, Allemagne.<\/li><li><strong>Riva Bike Festival<\/strong>&nbsp;: 1\u20134&nbsp;mai, Riva del Garda, Italie.<\/li><li><strong>Eurobike<\/strong>&nbsp;: 24\u201327&nbsp;juin, Francfort, Allemagne.<\/li><li><strong>Conf\u00e9rence de presse technique&nbsp;:<\/strong> 2\u20138&nbsp;juillet, Stuttgart, Allemagne.<\/li><li><strong>Prodays&nbsp;:<\/strong> 5\u20137&nbsp;juillet, Paris, France.<\/li><li><strong>Ard Rock<\/strong>&nbsp;: 25\u201327&nbsp;juillet, Swaledale, Royaume-Uni.<\/li><li><strong>Italian Bike Festival<\/strong>&nbsp;: 5\u20137&nbsp;septembre, Misano, Italie.<\/li><li><strong>Taichung Bike Week<\/strong>&nbsp;: 15\u201318&nbsp;septembre, Taichung, Ta\u00efwan.<\/li><li><strong>Sea Otter Europe<\/strong>&nbsp;: 19\u201321&nbsp;septembre, G\u00e9rone, Espagne.<\/li><li><strong>Roc d\u2019Azur<\/strong>&nbsp;: 9\u201312&nbsp;octobre, Fr\u00e9jus, France \u2026et bien d&rsquo;autres \u00e0 venir&nbsp;!<\/li><\/ul><p>Ces \u00e9v\u00e9nements sont la sc\u00e8ne id\u00e9ale pour d\u00e9couvrir les derni\u00e8res tendances du cyclisme et d\u00e9couvrir la technologie MAHLE en action.<\/p>\t\t\t\t\t\t\t\t<\/div>\n\t\t\t\t<\/div>\n\t\t\t\t\t<\/div>\n\t\t\t\t<\/div>\n\t\t<div class=\"elementor-element elementor-element-0c7e11b e-flex e-con-boxed e-con e-parent\" data-id=\"0c7e11b\" data-element_type=\"container\">\n\t\t\t\t\t<div class=\"e-con-inner\">\n\t\t\t\t<div class=\"elementor-element elementor-element-904c474 elementor-widget__width-auto elementor-widget elementor-widget-image\" data-id=\"904c474\" data-element_type=\"widget\" data-widget_type=\"image.default\">\n\t\t\t\t<div class=\"elementor-widget-container\">\n\t\t\t\t\t\t\t\t\t\t\t\t\t\t\t<img decoding=\"async\" src=\"https:\/\/mahle-smartbike.com\/wp-content\/uploads\/elementor\/thumbs\/MAHLE_Eurobike_25-43-rh7amsudf10nh16otv9nkq2l9bxw7jw5sm7yv53x34.webp\" title=\"MAHLE_Eurobike_25-43\" alt=\"MAHLE_Eurobike_25-43\" loading=\"lazy\" \/>\t\t\t\t\t\t\t\t\t\t\t\t\t\t\t<\/div>\n\t\t\t\t<\/div>\n\t\t\t\t<div class=\"elementor-element elementor-element-e840cd6 elementor-widget elementor-widget-heading\" data-id=\"e840cd6\" data-element_type=\"widget\" data-widget_type=\"heading.default\">\n\t\t\t\t<div class=\"elementor-widget-container\">\n\t\t\t\t\t<h2 class=\"elementor-heading-title elementor-size-default\">D\u00e9couvrez l'avenir des syst\u00e8mes d'eBike<\/h2>\t\t\t\t<\/div>\n\t\t\t\t<\/div>\n\t\t\t\t<div class=\"elementor-element elementor-element-f47eae0 elementor-widget elementor-widget-text-editor\" data-id=\"f47eae0\" data-element_type=\"widget\" data-widget_type=\"text-editor.default\">\n\t\t\t\t<div class=\"elementor-widget-container\">\n\t\t\t\t\t\t\t\t\t<p>Lors de chaque \u00e9v\u00e9nement, nous pr\u00e9senterons notre gamme compl\u00e8te de syst\u00e8mes d&rsquo;eBike des s\u00e9ries&nbsp;X et&nbsp;M, qui repr\u00e9sentent le summum en mati\u00e8re de conception l\u00e9g\u00e8re, d&rsquo;int\u00e9gration et de performances.<\/p><p>Les visiteurs d\u00e9couvriront \u00e9galement des accessoires qui am\u00e9liorent l&rsquo;autonomie et la connectivit\u00e9, tels que la batterie externe eX1, le Gateway et le contr\u00f4leur Duo, tous con\u00e7us pour offrir une exp\u00e9rience de conduite plus intelligente et plus connect\u00e9e au sein de l&rsquo;\u00e9cosyst\u00e8me ONE.<\/p><p>Notre \u00e9quipe d&rsquo;experts sera disponible pour vous expliquer comment cette plateforme num\u00e9rique apporte des fonctionnalit\u00e9s avanc\u00e9es telles que la configuration de la cartographie du moteur, les mises \u00e0 jour du micrologiciel OTA et la connectivit\u00e9 en temps r\u00e9el, cr\u00e9ant ainsi une exp\u00e9rience enti\u00e8rement personnalis\u00e9e pour chaque cycliste.<\/p>\t\t\t\t\t\t\t\t<\/div>\n\t\t\t\t<\/div>\n\t\t\t\t\t<\/div>\n\t\t\t\t<\/div>\n\t\t<div class=\"elementor-element elementor-element-b93a45f e-flex e-con-boxed e-con e-parent\" data-id=\"b93a45f\" data-element_type=\"container\">\n\t\t\t\t\t<div class=\"e-con-inner\">\n\t\t\t\t<div class=\"elementor-element elementor-element-cc7deab elementor-widget__width-auto elementor-widget elementor-widget-image\" data-id=\"cc7deab\" data-element_type=\"widget\" data-widget_type=\"image.default\">\n\t\t\t\t<div class=\"elementor-widget-container\">\n\t\t\t\t\t\t\t\t\t\t\t\t\t\t\t<img decoding=\"async\" src=\"https:\/\/mahle-smartbike.com\/wp-content\/uploads\/elementor\/thumbs\/MAHLE_Eurobike_25-2-rh7amvnvzj4ifv2ldehja7cz1hjzun7ct06fayzqkg.webp\" title=\"MAHLE_Eurobike_25-2\" alt=\"MAHLE_Eurobike_25-2\" loading=\"lazy\" \/>\t\t\t\t\t\t\t\t\t\t\t\t\t\t\t<\/div>\n\t\t\t\t<\/div>\n\t\t\t\t<div class=\"elementor-element elementor-element-a18c37a elementor-widget elementor-widget-heading\" data-id=\"a18c37a\" data-element_type=\"widget\" data-widget_type=\"heading.default\">\n\t\t\t\t<div class=\"elementor-widget-container\">\n\t\t\t\t\t<h2 class=\"elementor-heading-title elementor-size-default\">Pourquoi nous rendre visite&nbsp;?<\/h2>\t\t\t\t<\/div>\n\t\t\t\t<\/div>\n\t\t\t\t<div class=\"elementor-element elementor-element-01716ad elementor-widget elementor-widget-text-editor\" data-id=\"01716ad\" data-element_type=\"widget\" data-widget_type=\"text-editor.default\">\n\t\t\t\t<div class=\"elementor-widget-container\">\n\t\t\t\t\t\t\t\t\t<p>Participer \u00e0 ces \u00e9v\u00e9nements, c&rsquo;est plus que d\u00e9couvrir des produits, c&rsquo;est vivre l&rsquo;exp\u00e9rience. Vous aurez la possibilit\u00e9 de tester des eBikes \u00e9quip\u00e9s de syst\u00e8mes MAHLE, de sentir la diff\u00e9rence en termes de performances et d&rsquo;int\u00e9gration, et d&rsquo;en apprendre davantage directement aupr\u00e8s de nos sp\u00e9cialistes sur la technologie qui sous-tend nos solutions. Pour les \u00e9quipementiers et les concessionnaires, ces \u00e9v\u00e9nements sont la plateforme id\u00e9ale pour explorer de nouvelles opportunit\u00e9s commerciales, d\u00e9couvrir les prochains mod\u00e8les de v\u00e9los \u00e9quip\u00e9s de syst\u00e8mes MAHLE et voir comment nos solutions peuvent am\u00e9liorer votre offre d&rsquo;eBike.  <\/p>\t\t\t\t\t\t\t\t<\/div>\n\t\t\t\t<\/div>\n\t\t\t\t\t<\/div>\n\t\t\t\t<\/div>\n\t\t<div class=\"elementor-element elementor-element-8be3cbe e-flex e-con-boxed e-con e-parent\" data-id=\"8be3cbe\" data-element_type=\"container\">\n\t\t\t\t\t<div class=\"e-con-inner\">\n\t\t\t\t<div class=\"elementor-element elementor-element-7079a02 elementor-widget__width-auto elementor-widget elementor-widget-image\" data-id=\"7079a02\" data-element_type=\"widget\" data-widget_type=\"image.default\">\n\t\t\t\t<div class=\"elementor-widget-container\">\n\t\t\t\t\t\t\t\t\t\t\t\t\t\t\t<img decoding=\"async\" src=\"https:\/\/mahle-smartbike.com\/wp-content\/uploads\/elementor\/thumbs\/MAHLE_Eurobike_25-60-rh7amn7ca0sxjdevqstw5rhtp0poxd9rrub1zhca4g.webp\" title=\"MAHLE_Eurobike_25-60\" alt=\"MAHLE_Eurobike_25-60\" loading=\"lazy\" \/>\t\t\t\t\t\t\t\t\t\t\t\t\t\t\t<\/div>\n\t\t\t\t<\/div>\n\t\t\t\t<div class=\"elementor-element elementor-element-eea5da2 elementor-widget elementor-widget-heading\" data-id=\"eea5da2\" data-element_type=\"widget\" data-widget_type=\"heading.default\">\n\t\t\t\t<div class=\"elementor-widget-container\">\n\t\t\t\t\t<h2 class=\"elementor-heading-title elementor-size-default\">Renforcement des partenariats<\/h2>\t\t\t\t<\/div>\n\t\t\t\t<\/div>\n\t\t\t\t<div class=\"elementor-element elementor-element-c1f2b8b elementor-widget elementor-widget-text-editor\" data-id=\"c1f2b8b\" data-element_type=\"widget\" data-widget_type=\"text-editor.default\">\n\t\t\t\t<div class=\"elementor-widget-container\">\n\t\t\t\t\t\t\t\t\t<p>En 2026, nous renfor\u00e7ons notre pr\u00e9sence dans les salons B2B et \u00e9largissons nos collaborations avec les marques OEM. Attendez-vous \u00e0 voir de nouveaux mod\u00e8les de v\u00e9los \u00e9quip\u00e9s de syst\u00e8mes MAHLE dans les cat\u00e9gories urbain, gravel, route et VTT. Ces partenariats soulignent comment notre technologie aide les marques \u00e0 proposer des eBikes plus l\u00e9gers, plus intelligents et plus efficaces.  <\/p>\t\t\t\t\t\t\t\t<\/div>\n\t\t\t\t<\/div>\n\t\t\t\t\t<\/div>\n\t\t\t\t<\/div>\n\t\t<div class=\"elementor-element elementor-element-f806162 e-flex e-con-boxed e-con e-parent\" data-id=\"f806162\" data-element_type=\"container\">\n\t\t\t\t\t<div class=\"e-con-inner\">\n\t\t\t\t<div class=\"elementor-element elementor-element-b848175 elementor-widget__width-auto elementor-widget elementor-widget-image\" data-id=\"b848175\" data-element_type=\"widget\" data-widget_type=\"image.default\">\n\t\t\t\t<div class=\"elementor-widget-container\">\n\t\t\t\t\t\t\t\t\t\t\t\t\t\t\t<img decoding=\"async\" src=\"https:\/\/mahle-smartbike.com\/wp-content\/uploads\/elementor\/thumbs\/Back-to-the-road-2026-1-rh7amyhek18deoyhwxpezonctn63hqijte4vqsvk1s.webp\" title=\"Back to the road 2026 (1)\" alt=\"Back to the road 2026 (1)\" loading=\"lazy\" \/>\t\t\t\t\t\t\t\t\t\t\t\t\t\t\t<\/div>\n\t\t\t\t<\/div>\n\t\t\t\t<div class=\"elementor-element elementor-element-3777ca0 elementor-widget elementor-widget-text-editor\" data-id=\"3777ca0\" data-element_type=\"widget\" data-widget_type=\"text-editor.default\">\n\t\t\t\t<div class=\"elementor-widget-container\">\n\t\t\t\t\t\t\t\t\t<p><strong><span class=\"notion-enable-hover\" data-token-index=\"0\">Restez connect\u00e9<\/span>:<\/strong> Suivez-nous sur les m\u00e9dias sociaux et abonnez-vous \u00e0 notre newsletter pour rester inform\u00e9.<\/p>\t\t\t\t\t\t\t\t<\/div>\n\t\t\t\t<\/div>\n\t\t\t\t\t<\/div>\n\t\t\t\t<\/div>\n\t\t\t\t<\/div>\n\t\t","protected":false},"excerpt":{"rendered":"<p>L&rsquo;ann\u00e9e 2026 marque une ann\u00e9e passionnante pour MAHLE SmartBike Systems, car nous revenons aux \u00e9v\u00e9nements cyclistes les plus influents du monde entier. Ces rassemblements sont plus que de simples expositions, ce sont des occasions de se connecter avec les cyclistes, les marques et les leaders de l&rsquo;industrie, et de montrer comment notre technologie fa\u00e7onne l&rsquo;avenir de l&rsquo;eMobilit\u00e9. De l&rsquo;Europe \u00e0 l&rsquo;Asie, nous serons pr\u00e9sents lors d&rsquo;\u00e9v\u00e9nements cl\u00e9s pour partager l&rsquo;innovation, l&rsquo;expertise et des exp\u00e9riences pratiques.  <\/p>\n","protected":false},"featured_media":70260,"parent":0,"menu_order":0,"template":"","news-and-events":[],"class_list":["post-70271","news-event","type-news-event","status-publish","has-post-thumbnail","hentry","news-events-category-vnement"],"acf":[],"yoast_head":"<!-- This site is optimized with the Yoast SEO plugin v27.5 - https:\/\/yoast.com\/product\/yoast-seo-wordpress\/ -->\n<title>Retour sur la route : Rencontrez-nous lors des principaux \u00e9v\u00e9nements cyclistes en 2026 ! - MAHLE SmartBike Systems<\/title>\n<meta name=\"description\" content=\"L&#039;ann\u00e9e 2026 marque une ann\u00e9e passionnante pour MAHLE SmartBike Systems, car nous revenons aux \u00e9v\u00e9nements cyclistes les plus influents du monde entier.\" \/>\n<meta name=\"robots\" content=\"index, follow, max-snippet:-1, max-image-preview:large, max-video-preview:-1\" \/>\n<link rel=\"canonical\" href=\"https:\/\/mahle-smartbike.com\/fr\/content-hub\/retour-sur-la-route-rencontrez-nous-lors-des-principaux-evenements-cyclistes-en-2026\/\" \/>\n<meta property=\"og:locale\" content=\"fr_FR\" \/>\n<meta property=\"og:type\" content=\"article\" \/>\n<meta property=\"og:title\" content=\"Retour sur la route : Rencontrez-nous lors des principaux \u00e9v\u00e9nements cyclistes en 2026 ! - MAHLE SmartBike Systems\" \/>\n<meta property=\"og:description\" content=\"L&#039;ann\u00e9e 2026 marque une ann\u00e9e passionnante pour MAHLE SmartBike Systems, car nous revenons aux \u00e9v\u00e9nements cyclistes les plus influents du monde entier.\" \/>\n<meta property=\"og:url\" content=\"https:\/\/mahle-smartbike.com\/fr\/content-hub\/retour-sur-la-route-rencontrez-nous-lors-des-principaux-evenements-cyclistes-en-2026\/\" \/>\n<meta property=\"og:site_name\" content=\"MAHLE SmartBike Systems\" \/>\n<meta property=\"article:publisher\" content=\"https:\/\/www.facebook.com\/mahlesmartbikesystems\/\" \/>\n<meta property=\"article:modified_time\" content=\"2026-02-19T11:38:58+00:00\" \/>\n<meta property=\"og:image\" content=\"https:\/\/mahle-smartbike.com\/wp-content\/uploads\/2026\/01\/Back-to-the-road-2026.webp\" \/>\n\t<meta property=\"og:image:width\" content=\"2560\" \/>\n\t<meta property=\"og:image:height\" content=\"1707\" \/>\n\t<meta property=\"og:image:type\" content=\"image\/webp\" \/>\n<meta name=\"twitter:card\" content=\"summary_large_image\" \/>\n<meta name=\"twitter:label1\" content=\"Dur\u00e9e de lecture estim\u00e9e\" \/>\n\t<meta name=\"twitter:data1\" content=\"3 minutes\" \/>\n<script type=\"application\/ld+json\" class=\"yoast-schema-graph\">{\"@context\":\"https:\\\/\\\/schema.org\",\"@graph\":[{\"@type\":\"WebPage\",\"@id\":\"https:\\\/\\\/mahle-smartbike.com\\\/fr\\\/content-hub\\\/retour-sur-la-route-rencontrez-nous-lors-des-principaux-evenements-cyclistes-en-2026\\\/\",\"url\":\"https:\\\/\\\/mahle-smartbike.com\\\/fr\\\/content-hub\\\/retour-sur-la-route-rencontrez-nous-lors-des-principaux-evenements-cyclistes-en-2026\\\/\",\"name\":\"Retour sur la route : Rencontrez-nous lors des principaux \u00e9v\u00e9nements cyclistes en 2026 ! - MAHLE SmartBike Systems\",\"isPartOf\":{\"@id\":\"https:\\\/\\\/mahle-smartbike.com\\\/#website\"},\"primaryImageOfPage\":{\"@id\":\"https:\\\/\\\/mahle-smartbike.com\\\/fr\\\/content-hub\\\/retour-sur-la-route-rencontrez-nous-lors-des-principaux-evenements-cyclistes-en-2026\\\/#primaryimage\"},\"image\":{\"@id\":\"https:\\\/\\\/mahle-smartbike.com\\\/fr\\\/content-hub\\\/retour-sur-la-route-rencontrez-nous-lors-des-principaux-evenements-cyclistes-en-2026\\\/#primaryimage\"},\"thumbnailUrl\":\"https:\\\/\\\/mahle-smartbike.com\\\/wp-content\\\/uploads\\\/2026\\\/01\\\/Back-to-the-road-2026.webp\",\"datePublished\":\"2026-01-05T10:28:58+00:00\",\"dateModified\":\"2026-02-19T11:38:58+00:00\",\"description\":\"L'ann\u00e9e 2026 marque une ann\u00e9e passionnante pour MAHLE SmartBike Systems, car nous revenons aux \u00e9v\u00e9nements cyclistes les plus influents du monde entier.\",\"breadcrumb\":{\"@id\":\"https:\\\/\\\/mahle-smartbike.com\\\/fr\\\/content-hub\\\/retour-sur-la-route-rencontrez-nous-lors-des-principaux-evenements-cyclistes-en-2026\\\/#breadcrumb\"},\"inLanguage\":\"fr-FR\",\"potentialAction\":[{\"@type\":\"ReadAction\",\"target\":[\"https:\\\/\\\/mahle-smartbike.com\\\/fr\\\/content-hub\\\/retour-sur-la-route-rencontrez-nous-lors-des-principaux-evenements-cyclistes-en-2026\\\/\"]}]},{\"@type\":\"ImageObject\",\"inLanguage\":\"fr-FR\",\"@id\":\"https:\\\/\\\/mahle-smartbike.com\\\/fr\\\/content-hub\\\/retour-sur-la-route-rencontrez-nous-lors-des-principaux-evenements-cyclistes-en-2026\\\/#primaryimage\",\"url\":\"https:\\\/\\\/mahle-smartbike.com\\\/wp-content\\\/uploads\\\/2026\\\/01\\\/Back-to-the-road-2026.webp\",\"contentUrl\":\"https:\\\/\\\/mahle-smartbike.com\\\/wp-content\\\/uploads\\\/2026\\\/01\\\/Back-to-the-road-2026.webp\",\"width\":2560,\"height\":1707},{\"@type\":\"BreadcrumbList\",\"@id\":\"https:\\\/\\\/mahle-smartbike.com\\\/fr\\\/content-hub\\\/retour-sur-la-route-rencontrez-nous-lors-des-principaux-evenements-cyclistes-en-2026\\\/#breadcrumb\",\"itemListElement\":[{\"@type\":\"ListItem\",\"position\":1,\"name\":\"News & Events\",\"item\":\"https:\\\/\\\/mahle-smartbike.com\\\/fr\\\/content-hub\\\/\"},{\"@type\":\"ListItem\",\"position\":2,\"name\":\"Retour sur la route : Rencontrez-nous lors des principaux \u00e9v\u00e9nements cyclistes en 2026 !\"}]},{\"@type\":\"WebSite\",\"@id\":\"https:\\\/\\\/mahle-smartbike.com\\\/#website\",\"url\":\"https:\\\/\\\/mahle-smartbike.com\\\/\",\"name\":\"MAHLE SmartBike Systems\",\"description\":\"The lightest ebike systems on the market\",\"publisher\":{\"@id\":\"https:\\\/\\\/mahle-smartbike.com\\\/#organization\"},\"potentialAction\":[{\"@type\":\"SearchAction\",\"target\":{\"@type\":\"EntryPoint\",\"urlTemplate\":\"https:\\\/\\\/mahle-smartbike.com\\\/?s={search_term_string}\"},\"query-input\":{\"@type\":\"PropertyValueSpecification\",\"valueRequired\":true,\"valueName\":\"search_term_string\"}}],\"inLanguage\":\"fr-FR\"},{\"@type\":\"Organization\",\"@id\":\"https:\\\/\\\/mahle-smartbike.com\\\/#organization\",\"name\":\"MAHLE SmartBike Systems\",\"url\":\"https:\\\/\\\/mahle-smartbike.com\\\/\",\"logo\":{\"@type\":\"ImageObject\",\"inLanguage\":\"fr-FR\",\"@id\":\"https:\\\/\\\/mahle-smartbike.com\\\/#\\\/schema\\\/logo\\\/image\\\/\",\"url\":\"https:\\\/\\\/mahle-smartbike.com\\\/wp-content\\\/uploads\\\/2024\\\/05\\\/MAHLE-SmartBike-Systems-Logo-1-1.jpg\",\"contentUrl\":\"https:\\\/\\\/mahle-smartbike.com\\\/wp-content\\\/uploads\\\/2024\\\/05\\\/MAHLE-SmartBike-Systems-Logo-1-1.jpg\",\"width\":1920,\"height\":1920,\"caption\":\"MAHLE SmartBike Systems\"},\"image\":{\"@id\":\"https:\\\/\\\/mahle-smartbike.com\\\/#\\\/schema\\\/logo\\\/image\\\/\"},\"sameAs\":[\"https:\\\/\\\/www.facebook.com\\\/mahlesmartbikesystems\\\/\",\"https:\\\/\\\/www.instagram.com\\\/mahle_smartbikesystems\\\/\",\"https:\\\/\\\/www.linkedin.com\\\/company\\\/mahlesmartbikesystems\\\/\",\"https:\\\/\\\/www.youtube.com\\\/channel\\\/UCgfNyF-Wtgq0WTlzsV8bDmQ\",\"https:\\\/\\\/www.strava.com\\\/clubs\\\/mahle\",\"https:\\\/\\\/www.tiktok.com\\\/@mahlesmartbikesystems\"]}]}<\/script>\n<!-- \/ Yoast SEO plugin. -->","yoast_head_json":{"title":"Retour sur la route : Rencontrez-nous lors des principaux \u00e9v\u00e9nements cyclistes en 2026 ! - MAHLE SmartBike Systems","description":"L'ann\u00e9e 2026 marque une ann\u00e9e passionnante pour MAHLE SmartBike Systems, car nous revenons aux \u00e9v\u00e9nements cyclistes les plus influents du monde entier.","robots":{"index":"index","follow":"follow","max-snippet":"max-snippet:-1","max-image-preview":"max-image-preview:large","max-video-preview":"max-video-preview:-1"},"canonical":"https:\/\/mahle-smartbike.com\/fr\/content-hub\/retour-sur-la-route-rencontrez-nous-lors-des-principaux-evenements-cyclistes-en-2026\/","og_locale":"fr_FR","og_type":"article","og_title":"Retour sur la route : Rencontrez-nous lors des principaux \u00e9v\u00e9nements cyclistes en 2026 ! - MAHLE SmartBike Systems","og_description":"L'ann\u00e9e 2026 marque une ann\u00e9e passionnante pour MAHLE SmartBike Systems, car nous revenons aux \u00e9v\u00e9nements cyclistes les plus influents du monde entier.","og_url":"https:\/\/mahle-smartbike.com\/fr\/content-hub\/retour-sur-la-route-rencontrez-nous-lors-des-principaux-evenements-cyclistes-en-2026\/","og_site_name":"MAHLE SmartBike Systems","article_publisher":"https:\/\/www.facebook.com\/mahlesmartbikesystems\/","article_modified_time":"2026-02-19T11:38:58+00:00","og_image":[{"width":2560,"height":1707,"url":"https:\/\/mahle-smartbike.com\/wp-content\/uploads\/2026\/01\/Back-to-the-road-2026.webp","type":"image\/webp"}],"twitter_card":"summary_large_image","twitter_misc":{"Dur\u00e9e de lecture estim\u00e9e":"3 minutes"},"schema":{"@context":"https:\/\/schema.org","@graph":[{"@type":"WebPage","@id":"https:\/\/mahle-smartbike.com\/fr\/content-hub\/retour-sur-la-route-rencontrez-nous-lors-des-principaux-evenements-cyclistes-en-2026\/","url":"https:\/\/mahle-smartbike.com\/fr\/content-hub\/retour-sur-la-route-rencontrez-nous-lors-des-principaux-evenements-cyclistes-en-2026\/","name":"Retour sur la route : Rencontrez-nous lors des principaux \u00e9v\u00e9nements cyclistes en 2026 ! - MAHLE SmartBike Systems","isPartOf":{"@id":"https:\/\/mahle-smartbike.com\/#website"},"primaryImageOfPage":{"@id":"https:\/\/mahle-smartbike.com\/fr\/content-hub\/retour-sur-la-route-rencontrez-nous-lors-des-principaux-evenements-cyclistes-en-2026\/#primaryimage"},"image":{"@id":"https:\/\/mahle-smartbike.com\/fr\/content-hub\/retour-sur-la-route-rencontrez-nous-lors-des-principaux-evenements-cyclistes-en-2026\/#primaryimage"},"thumbnailUrl":"https:\/\/mahle-smartbike.com\/wp-content\/uploads\/2026\/01\/Back-to-the-road-2026.webp","datePublished":"2026-01-05T10:28:58+00:00","dateModified":"2026-02-19T11:38:58+00:00","description":"L'ann\u00e9e 2026 marque une ann\u00e9e passionnante pour MAHLE SmartBike Systems, car nous revenons aux \u00e9v\u00e9nements cyclistes les plus influents du monde entier.","breadcrumb":{"@id":"https:\/\/mahle-smartbike.com\/fr\/content-hub\/retour-sur-la-route-rencontrez-nous-lors-des-principaux-evenements-cyclistes-en-2026\/#breadcrumb"},"inLanguage":"fr-FR","potentialAction":[{"@type":"ReadAction","target":["https:\/\/mahle-smartbike.com\/fr\/content-hub\/retour-sur-la-route-rencontrez-nous-lors-des-principaux-evenements-cyclistes-en-2026\/"]}]},{"@type":"ImageObject","inLanguage":"fr-FR","@id":"https:\/\/mahle-smartbike.com\/fr\/content-hub\/retour-sur-la-route-rencontrez-nous-lors-des-principaux-evenements-cyclistes-en-2026\/#primaryimage","url":"https:\/\/mahle-smartbike.com\/wp-content\/uploads\/2026\/01\/Back-to-the-road-2026.webp","contentUrl":"https:\/\/mahle-smartbike.com\/wp-content\/uploads\/2026\/01\/Back-to-the-road-2026.webp","width":2560,"height":1707},{"@type":"BreadcrumbList","@id":"https:\/\/mahle-smartbike.com\/fr\/content-hub\/retour-sur-la-route-rencontrez-nous-lors-des-principaux-evenements-cyclistes-en-2026\/#breadcrumb","itemListElement":[{"@type":"ListItem","position":1,"name":"News & Events","item":"https:\/\/mahle-smartbike.com\/fr\/content-hub\/"},{"@type":"ListItem","position":2,"name":"Retour sur la route : Rencontrez-nous lors des principaux \u00e9v\u00e9nements cyclistes en 2026 !"}]},{"@type":"WebSite","@id":"https:\/\/mahle-smartbike.com\/#website","url":"https:\/\/mahle-smartbike.com\/","name":"MAHLE SmartBike Systems","description":"The lightest ebike systems on the market","publisher":{"@id":"https:\/\/mahle-smartbike.com\/#organization"},"potentialAction":[{"@type":"SearchAction","target":{"@type":"EntryPoint","urlTemplate":"https:\/\/mahle-smartbike.com\/?s={search_term_string}"},"query-input":{"@type":"PropertyValueSpecification","valueRequired":true,"valueName":"search_term_string"}}],"inLanguage":"fr-FR"},{"@type":"Organization","@id":"https:\/\/mahle-smartbike.com\/#organization","name":"MAHLE SmartBike Systems","url":"https:\/\/mahle-smartbike.com\/","logo":{"@type":"ImageObject","inLanguage":"fr-FR","@id":"https:\/\/mahle-smartbike.com\/#\/schema\/logo\/image\/","url":"https:\/\/mahle-smartbike.com\/wp-content\/uploads\/2024\/05\/MAHLE-SmartBike-Systems-Logo-1-1.jpg","contentUrl":"https:\/\/mahle-smartbike.com\/wp-content\/uploads\/2024\/05\/MAHLE-SmartBike-Systems-Logo-1-1.jpg","width":1920,"height":1920,"caption":"MAHLE SmartBike Systems"},"image":{"@id":"https:\/\/mahle-smartbike.com\/#\/schema\/logo\/image\/"},"sameAs":["https:\/\/www.facebook.com\/mahlesmartbikesystems\/","https:\/\/www.instagram.com\/mahle_smartbikesystems\/","https:\/\/www.linkedin.com\/company\/mahlesmartbikesystems\/","https:\/\/www.youtube.com\/channel\/UCgfNyF-Wtgq0WTlzsV8bDmQ","https:\/\/www.strava.com\/clubs\/mahle","https:\/\/www.tiktok.com\/@mahlesmartbikesystems"]}]}},"_links":{"self":[{"href":"https:\/\/mahle-smartbike.com\/fr\/wp-json\/wp\/v2\/news-events\/70271","targetHints":{"allow":["GET"]}}],"collection":[{"href":"https:\/\/mahle-smartbike.com\/fr\/wp-json\/wp\/v2\/news-events"}],"about":[{"href":"https:\/\/mahle-smartbike.com\/fr\/wp-json\/wp\/v2\/types\/news-event"}],"version-history":[{"count":4,"href":"https:\/\/mahle-smartbike.com\/fr\/wp-json\/wp\/v2\/news-events\/70271\/revisions"}],"predecessor-version":[{"id":73906,"href":"https:\/\/mahle-smartbike.com\/fr\/wp-json\/wp\/v2\/news-events\/70271\/revisions\/73906"}],"wp:featuredmedia":[{"embeddable":true,"href":"https:\/\/mahle-smartbike.com\/fr\/wp-json\/wp\/v2\/media\/70260"}],"wp:attachment":[{"href":"https:\/\/mahle-smartbike.com\/fr\/wp-json\/wp\/v2\/media?parent=70271"}],"wp:term":[{"taxonomy":"news-and-events","embeddable":true,"href":"https:\/\/mahle-smartbike.com\/fr\/wp-json\/wp\/v2\/news-and-events?post=70271"}],"curies":[{"name":"wp","href":"https:\/\/api.w.org\/{rel}","templated":true}]}}