{"id":70864,"date":"2026-01-12T14:04:47","date_gmt":"2026-01-12T12:04:47","guid":{"rendered":"https:\/\/mahle-smartbike.com\/content-hub\/restez-connecte-compatibilite-des-systemes-ebike-mahle-et-garmin\/"},"modified":"2026-01-12T14:34:31","modified_gmt":"2026-01-12T12:34:31","slug":"restez-connecte-compatibilite-des-systemes-ebike-mahle-et-garmin","status":"publish","type":"news-event","link":"https:\/\/mahle-smartbike.com\/fr\/content-hub\/restez-connecte-compatibilite-des-systemes-ebike-mahle-et-garmin\/","title":{"rendered":"Restez connect\u00e9 : Compatibilit\u00e9 des syst\u00e8mes eBike MAHLE et Garmin"},"content":{"rendered":"\t\t<div data-elementor-type=\"wp-post\" data-elementor-id=\"70864\" class=\"elementor elementor-70864 elementor-70815\" data-elementor-post-type=\"news-event\">\n\t\t\t\t\t\t<section class=\"elementor-section elementor-top-section elementor-element elementor-element-7e0634f elementor-section-full_width sticky-inner-header elementor-section-height-min-height elementor-section-height-default elementor-section-items-middle\" data-id=\"7e0634f\" data-element_type=\"section\" data-settings=\"{&quot;background_background&quot;:&quot;classic&quot;,&quot;sticky&quot;:&quot;top&quot;,&quot;sticky_offset&quot;:72,&quot;sticky_on&quot;:[&quot;widescreen&quot;,&quot;desktop&quot;,&quot;tablet&quot;,&quot;mobile_extra&quot;,&quot;mobile&quot;],&quot;sticky_effects_offset&quot;:0,&quot;sticky_anchor_link_offset&quot;:0}\">\n\t\t\t\t\t\t<div class=\"elementor-container elementor-column-gap-default\">\n\t\t\t\t\t<div class=\"elementor-column elementor-col-100 elementor-top-column elementor-element elementor-element-02653c6\" data-id=\"02653c6\" data-element_type=\"column\">\n\t\t\t<div class=\"elementor-widget-wrap elementor-element-populated\">\n\t\t\t\t\t\t<section class=\"elementor-section elementor-inner-section elementor-element elementor-element-43061e7 elementor-section-content-middle elementor-section-boxed elementor-section-height-default elementor-section-height-default\" data-id=\"43061e7\" data-element_type=\"section\">\n\t\t\t\t\t\t<div class=\"elementor-container elementor-column-gap-default\">\n\t\t\t\t\t<div class=\"elementor-column elementor-col-100 elementor-inner-column elementor-element elementor-element-dd224d3\" data-id=\"dd224d3\" data-element_type=\"column\">\n\t\t\t<div class=\"elementor-widget-wrap elementor-element-populated\">\n\t\t\t\t\t\t<div class=\"elementor-element elementor-element-b5d42a5 elementor-widget-tablet__width-initial elementor-widget-mobile_extra__width-initial elementor-widget-mobile__width-initial elementor-widget elementor-widget-heading\" data-id=\"b5d42a5\" data-element_type=\"widget\" data-widget_type=\"heading.default\">\n\t\t\t\t<div class=\"elementor-widget-container\">\n\t\t\t\t\t<h1 class=\"elementor-heading-title elementor-size-default\">Restez connect\u00e9 : Compatibilit\u00e9 des syst\u00e8mes eBike MAHLE et Garmin<\/h1>\t\t\t\t<\/div>\n\t\t\t\t<\/div>\n\t\t\t\t\t<\/div>\n\t\t<\/div>\n\t\t\t\t\t<\/div>\n\t\t<\/section>\n\t\t\t\t\t<\/div>\n\t\t<\/div>\n\t\t\t\t\t<\/div>\n\t\t<\/section>\n\t\t\t\t<section class=\"elementor-section elementor-top-section elementor-element elementor-element-9839725 elementor-section-full_width elementor-section-height-min-height elementor-section-items-stretch elementor-section-content-top elementor-section-height-default\" data-id=\"9839725\" data-element_type=\"section\" data-settings=\"{&quot;background_background&quot;:&quot;classic&quot;}\">\n\t\t\t\t\t\t<div class=\"elementor-container elementor-column-gap-default\">\n\t\t\t\t\t<div class=\"elementor-column elementor-col-100 elementor-top-column elementor-element elementor-element-eb853f1\" data-id=\"eb853f1\" data-element_type=\"column\" data-settings=\"{&quot;background_background&quot;:&quot;slideshow&quot;,&quot;background_slideshow_gallery&quot;:[],&quot;background_slideshow_loop&quot;:&quot;yes&quot;,&quot;background_slideshow_slide_duration&quot;:5000,&quot;background_slideshow_slide_transition&quot;:&quot;fade&quot;,&quot;background_slideshow_transition_duration&quot;:500}\">\n\t\t\t<div class=\"elementor-widget-wrap\">\n\t\t\t\t\t\t\t<\/div>\n\t\t<\/div>\n\t\t\t\t\t<\/div>\n\t\t<\/section>\n\t\t<div class=\"elementor-element elementor-element-80291d2 e-flex e-con-boxed e-con e-parent\" data-id=\"80291d2\" data-element_type=\"container\">\n\t\t\t\t\t<div class=\"e-con-inner\">\n\t\t\t\t<div class=\"elementor-element elementor-element-c7c53c4 elementor-widget elementor-widget-text-editor\" data-id=\"c7c53c4\" data-element_type=\"widget\" data-widget_type=\"text-editor.default\">\n\t\t\t\t<div class=\"elementor-widget-container\">\n\t\t\t\t\t\t\t\t\t<p>Dans le monde du cyclisme actuel, la connectivit\u00e9 est plus qu&rsquo;une simple fonctionnalit\u00e9, c&rsquo;est un \u00e9l\u00e9ment essentiel de l&rsquo;exp\u00e9rience de conduite. Chez MAHLE SmartBike Systems, nous concevons nos syst\u00e8mes eBike pour qu&rsquo;ils s&rsquo;int\u00e8grent de mani\u00e8re transparente aux outils et plateformes auxquels les cyclistes font d\u00e9j\u00e0 confiance. C&rsquo;est pourquoi tous nos syst\u00e8mes sont compatibles ANT+, ouvrant la voie \u00e0 un couplage ais\u00e9 avec les principaux appareils, y compris Garmin.  <\/p>\t\t\t\t\t\t\t\t<\/div>\n\t\t\t\t<\/div>\n\t\t\t\t\t<\/div>\n\t\t\t\t<\/div>\n\t\t<div class=\"elementor-element elementor-element-4f8a9c8 e-flex e-con-boxed e-con e-parent\" data-id=\"4f8a9c8\" data-element_type=\"container\">\n\t\t\t\t\t<div class=\"e-con-inner\">\n\t\t\t\t<div class=\"elementor-element elementor-element-1558587 elementor-widget__width-auto elementor-widget elementor-widget-image\" data-id=\"1558587\" data-element_type=\"widget\" data-widget_type=\"image.default\">\n\t\t\t\t<div class=\"elementor-widget-container\">\n\t\t\t\t\t\t\t\t\t\t\t\t\t\t\t<img decoding=\"async\" src=\"https:\/\/mahle-smartbike.com\/wp-content\/uploads\/elementor\/thumbs\/Ant_reminder_0002_MAHLE-X20-NAVAFRIA-190-rhjor4x1uqemuonhr1bteyd2aslbysb7vwalhcaf5s.jpg\" title=\"Ant+_reminder_0002_MAHLE X20 NAVAFRIA-190\" alt=\"Ant+_reminder_0002_MAHLE X20 NAVAFRIA-190\" loading=\"lazy\" \/>\t\t\t\t\t\t\t\t\t\t\t\t\t\t\t<\/div>\n\t\t\t\t<\/div>\n\t\t\t\t<div class=\"elementor-element elementor-element-d5e2421 elementor-widget elementor-widget-heading\" data-id=\"d5e2421\" data-element_type=\"widget\" data-widget_type=\"heading.default\">\n\t\t\t\t<div class=\"elementor-widget-container\">\n\t\t\t\t\t<h2 class=\"elementor-heading-title elementor-size-default\">Pourquoi ANT+ est-il important ?<\/h2>\t\t\t\t<\/div>\n\t\t\t\t<\/div>\n\t\t\t\t<div class=\"elementor-element elementor-element-eb1f140 elementor-widget elementor-widget-text-editor\" data-id=\"eb1f140\" data-element_type=\"widget\" data-widget_type=\"text-editor.default\">\n\t\t\t\t<div class=\"elementor-widget-container\">\n\t\t\t\t\t\t\t\t\t<p>ANT+ est un protocole de communication sans fil qui permet aux appareils de diff\u00e9rentes marques de partager des donn\u00e9es de mani\u00e8re fiable et efficace. Pour les cyclistes, cela signifie la libert\u00e9 : vous pouvez connecter votre syst\u00e8me eBike \u00e0 un large \u00e9ventail de capteurs, d&rsquo;ordinateurs et d&rsquo;applications sans vous soucier de la compatibilit\u00e9. <\/p><p>Avec les syst\u00e8mes MAHLE, ANT+ n&rsquo;est pas un ajout, il est int\u00e9gr\u00e9. Que vous rouliez avec les syst\u00e8mes X et M, vous pouvez surveiller et contr\u00f4ler les performances en temps r\u00e9el \u00e0 l&rsquo;aide de vos appareils pr\u00e9f\u00e9r\u00e9s. <\/p>\t\t\t\t\t\t\t\t<\/div>\n\t\t\t\t<\/div>\n\t\t\t\t\t<\/div>\n\t\t\t\t<\/div>\n\t\t<div class=\"elementor-element elementor-element-0c7e11b e-flex e-con-boxed e-con e-parent\" data-id=\"0c7e11b\" data-element_type=\"container\">\n\t\t\t\t\t<div class=\"e-con-inner\">\n\t\t\t\t<div class=\"elementor-element elementor-element-904c474 elementor-widget__width-auto elementor-widget elementor-widget-image\" data-id=\"904c474\" data-element_type=\"widget\" data-widget_type=\"image.default\">\n\t\t\t\t<div class=\"elementor-widget-container\">\n\t\t\t\t\t\t\t\t\t\t\t\t\t\t\t<img decoding=\"async\" src=\"https:\/\/mahle-smartbike.com\/wp-content\/uploads\/elementor\/thumbs\/videoframe_407831-copia-scaled-rfy61jppdl451oa2msniqrvfewb8o4hnthl1lrrzgg.jpg\" title=\"videoframe_407831 copia\" alt=\"videoframe_407831 copia\" loading=\"lazy\" \/>\t\t\t\t\t\t\t\t\t\t\t\t\t\t\t<\/div>\n\t\t\t\t<\/div>\n\t\t\t\t<div class=\"elementor-element elementor-element-e840cd6 elementor-widget elementor-widget-heading\" data-id=\"e840cd6\" data-element_type=\"widget\" data-widget_type=\"heading.default\">\n\t\t\t\t<div class=\"elementor-widget-container\">\n\t\t\t\t\t<h2 class=\"elementor-heading-title elementor-size-default\">Int\u00e9gration Garmin : Une conduite plus intelligente<\/h2>\t\t\t\t<\/div>\n\t\t\t\t<\/div>\n\t\t\t\t<div class=\"elementor-element elementor-element-f47eae0 elementor-widget elementor-widget-text-editor\" data-id=\"f47eae0\" data-element_type=\"widget\" data-widget_type=\"text-editor.default\">\n\t\t\t\t<div class=\"elementor-widget-container\">\n\t\t\t\t\t\t\t\t\t<p>Garmin est l&rsquo;un des noms les plus fiables dans le domaine de la technologie cycliste, et d\u00e9sormais, les syst\u00e8mes eBike MAHLE fonctionnent en parfaite harmonie avec les appareils Garmin. Gr\u00e2ce \u00e0 la connectivit\u00e9 ANT+, votre compteur de v\u00e9lo Garmin peut afficher les principaux param\u00e8tres de votre syst\u00e8me eBike, notamment : <\/p><ul><li><strong>Puissance de sortie<\/strong> : Suivez vos watts et optimisez vos efforts.<\/li><li><strong>\u00c9tat de la batterie<\/strong> : Restez inform\u00e9 de l&rsquo;autonomie restante et planifiez votre trajet en toute confiance.<\/li><li><strong>Niveau d&rsquo;assistance<\/strong> : Voyez le niveau d&rsquo;assistance fourni par votre syst\u00e8me \u00e0 tout moment.<\/li><\/ul><p>Cette int\u00e9gration transforme votre appareil Garmin en un centre n\u00e9vralgique pour toutes vos donn\u00e9es de conduite, combinant les param\u00e8tres cyclistes traditionnels avec des informations avanc\u00e9es sur l&rsquo;eBike.<\/p><p><\/p>\t\t\t\t\t\t\t\t<\/div>\n\t\t\t\t<\/div>\n\t\t\t\t\t<\/div>\n\t\t\t\t<\/div>\n\t\t<div class=\"elementor-element elementor-element-b93a45f e-flex e-con-boxed e-con e-parent\" data-id=\"b93a45f\" data-element_type=\"container\">\n\t\t\t\t\t<div class=\"e-con-inner\">\n\t\t\t\t<div class=\"elementor-element elementor-element-a18c37a elementor-widget elementor-widget-heading\" data-id=\"a18c37a\" data-element_type=\"widget\" data-widget_type=\"heading.default\">\n\t\t\t\t<div class=\"elementor-widget-container\">\n\t\t\t\t\t<h2 class=\"elementor-heading-title elementor-size-default\">Intelligence en temps r\u00e9el<\/h2>\t\t\t\t<\/div>\n\t\t\t\t<\/div>\n\t\t\t\t<div class=\"elementor-element elementor-element-01716ad elementor-widget elementor-widget-text-editor\" data-id=\"01716ad\" data-element_type=\"widget\" data-widget_type=\"text-editor.default\">\n\t\t\t\t<div class=\"elementor-widget-container\">\n\t\t\t\t\t\t\t\t\t<p>La plateforme de connectivit\u00e9 de MAHLE vous permet de surveiller plus de 100 param\u00e8tres en direct. De la puissance et de la cadence aux diagnostics du syst\u00e8me, tout est accessible via la communication ANT+. Pour les cyclistes ax\u00e9s sur l&rsquo;entra\u00eenement, cela signifie la pr\u00e9cision. Pour les cyclistes de tous les jours, cela signifie la tranquillit\u00e9 d&rsquo;esprit.   <\/p>\t\t\t\t\t\t\t\t<\/div>\n\t\t\t\t<\/div>\n\t\t\t\t\t<\/div>\n\t\t\t\t<\/div>\n\t\t<div class=\"elementor-element elementor-element-9afb62a e-flex e-con-boxed e-con e-parent\" data-id=\"9afb62a\" data-element_type=\"container\">\n\t\t\t\t\t<div class=\"e-con-inner\">\n\t\t\t\t<div class=\"elementor-element elementor-element-6f1b7d9 elementor-widget__width-auto elementor-widget elementor-widget-image\" data-id=\"6f1b7d9\" data-element_type=\"widget\" data-widget_type=\"image.default\">\n\t\t\t\t<div class=\"elementor-widget-container\">\n\t\t\t\t\t\t\t\t\t\t\t\t\t\t\t<img decoding=\"async\" src=\"https:\/\/mahle-smartbike.com\/wp-content\/uploads\/elementor\/thumbs\/Ant_reminder_0005_1C0A3108-rhjorak2zqmcscfau3rktwxtv3tj8yxlwo7id0224g.jpg\" title=\"Ant+_reminder_0005_1C0A3108\" alt=\"Ant+_reminder_0005_1C0A3108\" loading=\"lazy\" \/>\t\t\t\t\t\t\t\t\t\t\t\t\t\t\t<\/div>\n\t\t\t\t<\/div>\n\t\t\t\t<div class=\"elementor-element elementor-element-4abcb77 elementor-widget elementor-widget-heading\" data-id=\"4abcb77\" data-element_type=\"widget\" data-widget_type=\"heading.default\">\n\t\t\t\t<div class=\"elementor-widget-container\">\n\t\t\t\t\t<h2 class=\"elementor-heading-title elementor-size-default\">Pour les \u00e9quipementiers et les revendeurs<\/h2>\t\t\t\t<\/div>\n\t\t\t\t<\/div>\n\t\t\t\t<div class=\"elementor-element elementor-element-68f38e9 elementor-widget elementor-widget-text-editor\" data-id=\"68f38e9\" data-element_type=\"widget\" data-widget_type=\"text-editor.default\">\n\t\t\t\t<div class=\"elementor-widget-container\">\n\t\t\t\t\t\t\t\t\t<p>Pour les marques de v\u00e9los et les d\u00e9taillants, la compatibilit\u00e9 avec Garmin ajoute une valeur significative. Elle garantit que les v\u00e9los \u00e9quip\u00e9s de syst\u00e8mes MAHLE r\u00e9pondent aux attentes des cyclistes f\u00e9rus de technologie qui exigent une int\u00e9gration transparente avec leurs appareils existants. Cette fonctionnalit\u00e9 n&rsquo;est pas seulement une question de commodit\u00e9, il s&rsquo;agit d&rsquo;offrir une exp\u00e9rience haut de gamme.  <\/p>\t\t\t\t\t\t\t\t<\/div>\n\t\t\t\t<\/div>\n\t\t\t\t\t<\/div>\n\t\t\t\t<\/div>\n\t\t<div class=\"elementor-element elementor-element-044f065 e-flex e-con-boxed e-con e-parent\" data-id=\"044f065\" data-element_type=\"container\">\n\t\t\t\t\t<div class=\"e-con-inner\">\n\t\t\t\t<div class=\"elementor-element elementor-element-0ee0e77 elementor-widget__width-auto elementor-widget elementor-widget-image\" data-id=\"0ee0e77\" data-element_type=\"widget\" data-widget_type=\"image.default\">\n\t\t\t\t<div class=\"elementor-widget-container\">\n\t\t\t\t\t\t\t\t\t\t\t\t\t\t\t<img decoding=\"async\" src=\"https:\/\/mahle-smartbike.com\/wp-content\/uploads\/elementor\/thumbs\/Ant_reminder_0004_1C0A2490-rhjor8oem2js54i152yboxewoc2stkq58ewjeg4ugw.jpg\" title=\"Ant+_reminder_0004_1C0A2490\" alt=\"Ant+_reminder_0004_1C0A2490\" loading=\"lazy\" \/>\t\t\t\t\t\t\t\t\t\t\t\t\t\t\t<\/div>\n\t\t\t\t<\/div>\n\t\t\t\t<div class=\"elementor-element elementor-element-77fe24f elementor-widget elementor-widget-heading\" data-id=\"77fe24f\" data-element_type=\"widget\" data-widget_type=\"heading.default\">\n\t\t\t\t<div class=\"elementor-widget-container\">\n\t\t\t\t\t<h2 class=\"elementor-heading-title elementor-size-default\">L'avenir du cyclisme connect\u00e9<\/h2>\t\t\t\t<\/div>\n\t\t\t\t<\/div>\n\t\t\t\t<div class=\"elementor-element elementor-element-93d485d elementor-widget elementor-widget-text-editor\" data-id=\"93d485d\" data-element_type=\"widget\" data-widget_type=\"text-editor.default\">\n\t\t\t\t<div class=\"elementor-widget-container\">\n\t\t\t\t\t\t\t\t\t<p>La connectivit\u00e9 \u00e9volue, et MAHLE est \u00e0 l&rsquo;avant-garde. En combinant une technologie eBike l\u00e9g\u00e8re et int\u00e9gr\u00e9e avec des normes ouvertes comme ANT+, nous donnons aux cyclistes la libert\u00e9 de choisir comment ils roulent et comment ils se connectent. <\/p><p>Pr\u00eat \u00e0 d\u00e9couvrir la diff\u00e9rence ? Jumelez votre eBike \u00e9quip\u00e9 de MAHLE avec votre appareil Garmin et prenez le contr\u00f4le de votre conduite comme jamais auparavant. <\/p>\t\t\t\t\t\t\t\t<\/div>\n\t\t\t\t<\/div>\n\t\t\t\t\t<\/div>\n\t\t\t\t<\/div>\n\t\t<div class=\"elementor-element elementor-element-02b58e0 e-flex e-con-boxed e-con e-parent\" data-id=\"02b58e0\" data-element_type=\"container\">\n\t\t\t\t\t<div class=\"e-con-inner\">\n\t\t\t\t<div class=\"elementor-element elementor-element-c805881 elementor-widget__width-auto elementor-widget elementor-widget-image\" data-id=\"c805881\" data-element_type=\"widget\" data-widget_type=\"image.default\">\n\t\t\t\t<div class=\"elementor-widget-container\">\n\t\t\t\t\t\t\t\t\t\t\t\t\t\t\t<img decoding=\"async\" src=\"https:\/\/mahle-smartbike.com\/wp-content\/uploads\/elementor\/thumbs\/Ant_reminder_0006_1C0A3733-rhjorbhx6knn3ydxom67eepaghowgo1c8suzua0ny8.jpg\" title=\"Ant+_reminder_0006_1C0A3733\" alt=\"Ant+_reminder_0006_1C0A3733\" loading=\"lazy\" \/>\t\t\t\t\t\t\t\t\t\t\t\t\t\t\t<\/div>\n\t\t\t\t<\/div>\n\t\t\t\t<div class=\"elementor-element elementor-element-d4fafe6 elementor-widget elementor-widget-text-editor\" data-id=\"d4fafe6\" data-element_type=\"widget\" data-widget_type=\"text-editor.default\">\n\t\t\t\t<div class=\"elementor-widget-container\">\n\t\t\t\t\t\t\t\t\t<p>Pr\u00eat \u00e0 d\u00e9couvrir la diff\u00e9rence ? Jumelez votre eBike \u00e9quip\u00e9 de MAHLE avec votre appareil Garmin et prenez le contr\u00f4le de votre conduite comme jamais auparavant. <\/p>\t\t\t\t\t\t\t\t<\/div>\n\t\t\t\t<\/div>\n\t\t\t\t\t<\/div>\n\t\t\t\t<\/div>\n\t\t\t\t<\/div>\n\t\t","protected":false},"excerpt":{"rendered":"<p>Dans le monde du cyclisme actuel, la connectivit\u00e9 est plus qu&rsquo;une simple fonctionnalit\u00e9, c&rsquo;est un \u00e9l\u00e9ment essentiel de l&rsquo;exp\u00e9rience de conduite. Chez MAHLE SmartBike Systems, nous concevons nos syst\u00e8mes eBike pour qu&rsquo;ils s&rsquo;int\u00e8grent de mani\u00e8re transparente aux outils et plateformes auxquels les cyclistes font d\u00e9j\u00e0 confiance. <\/p>\n","protected":false},"featured_media":70817,"parent":0,"menu_order":0,"template":"","news-and-events":[],"class_list":["post-70864","news-event","type-news-event","status-publish","has-post-thumbnail","hentry","news-events-category-guides-fr"],"acf":[],"yoast_head":"<!-- This site is optimized with the Yoast SEO plugin v27.5 - https:\/\/yoast.com\/product\/yoast-seo-wordpress\/ -->\n<title>Restez connect\u00e9 : Compatibilit\u00e9 des syst\u00e8mes eBike MAHLE et Garmin - MAHLE SmartBike Systems<\/title>\n<meta name=\"description\" content=\"Dans le monde du cyclisme actuel, la connectivit\u00e9 est plus qu&#039;une simple fonctionnalit\u00e9, c&#039;est un \u00e9l\u00e9ment essentiel de l&#039;exp\u00e9rience de conduite. Chez MAHLE SmartBike Systems, nous concevons nos syst\u00e8mes eBike pour qu&#039;ils s&#039;int\u00e8grent de mani\u00e8re transparente aux outils et plateformes auxquels les cyclistes font d\u00e9j\u00e0 confiance. C&#039;est pourquoi tous nos syst\u00e8mes sont compatibles ANT+, ouvrant la voie \u00e0 un couplage ais\u00e9 avec les principaux appareils, y compris Garmin.\" \/>\n<meta name=\"robots\" content=\"index, follow, max-snippet:-1, max-image-preview:large, max-video-preview:-1\" \/>\n<link rel=\"canonical\" href=\"https:\/\/mahle-smartbike.com\/fr\/content-hub\/restez-connecte-compatibilite-des-systemes-ebike-mahle-et-garmin\/\" \/>\n<meta property=\"og:locale\" content=\"fr_FR\" \/>\n<meta property=\"og:type\" content=\"article\" \/>\n<meta property=\"og:title\" content=\"Restez connect\u00e9 : Compatibilit\u00e9 des syst\u00e8mes eBike MAHLE et Garmin - MAHLE SmartBike Systems\" \/>\n<meta property=\"og:description\" content=\"Dans le monde du cyclisme actuel, la connectivit\u00e9 est plus qu&#039;une simple fonctionnalit\u00e9, c&#039;est un \u00e9l\u00e9ment essentiel de l&#039;exp\u00e9rience de conduite. Chez MAHLE SmartBike Systems, nous concevons nos syst\u00e8mes eBike pour qu&#039;ils s&#039;int\u00e8grent de mani\u00e8re transparente aux outils et plateformes auxquels les cyclistes font d\u00e9j\u00e0 confiance. C&#039;est pourquoi tous nos syst\u00e8mes sont compatibles ANT+, ouvrant la voie \u00e0 un couplage ais\u00e9 avec les principaux appareils, y compris Garmin.\" \/>\n<meta property=\"og:url\" content=\"https:\/\/mahle-smartbike.com\/fr\/content-hub\/restez-connecte-compatibilite-des-systemes-ebike-mahle-et-garmin\/\" \/>\n<meta property=\"og:site_name\" content=\"MAHLE SmartBike Systems\" \/>\n<meta property=\"article:publisher\" content=\"https:\/\/www.facebook.com\/mahlesmartbikesystems\/\" \/>\n<meta property=\"article:modified_time\" content=\"2026-01-12T12:34:31+00:00\" \/>\n<meta property=\"og:image\" content=\"https:\/\/mahle-smartbike.com\/wp-content\/uploads\/2026\/01\/MAHLEANT.webp\" \/>\n\t<meta property=\"og:image:width\" content=\"2560\" \/>\n\t<meta property=\"og:image:height\" content=\"1700\" \/>\n\t<meta property=\"og:image:type\" content=\"image\/webp\" \/>\n<meta name=\"twitter:card\" content=\"summary_large_image\" \/>\n<meta name=\"twitter:label1\" content=\"Dur\u00e9e de lecture estim\u00e9e\" \/>\n\t<meta name=\"twitter:data1\" content=\"3 minutes\" \/>\n<script type=\"application\/ld+json\" class=\"yoast-schema-graph\">{\"@context\":\"https:\\\/\\\/schema.org\",\"@graph\":[{\"@type\":\"WebPage\",\"@id\":\"https:\\\/\\\/mahle-smartbike.com\\\/fr\\\/content-hub\\\/restez-connecte-compatibilite-des-systemes-ebike-mahle-et-garmin\\\/\",\"url\":\"https:\\\/\\\/mahle-smartbike.com\\\/fr\\\/content-hub\\\/restez-connecte-compatibilite-des-systemes-ebike-mahle-et-garmin\\\/\",\"name\":\"Restez connect\u00e9 : Compatibilit\u00e9 des syst\u00e8mes eBike MAHLE et Garmin - MAHLE SmartBike Systems\",\"isPartOf\":{\"@id\":\"https:\\\/\\\/mahle-smartbike.com\\\/#website\"},\"primaryImageOfPage\":{\"@id\":\"https:\\\/\\\/mahle-smartbike.com\\\/fr\\\/content-hub\\\/restez-connecte-compatibilite-des-systemes-ebike-mahle-et-garmin\\\/#primaryimage\"},\"image\":{\"@id\":\"https:\\\/\\\/mahle-smartbike.com\\\/fr\\\/content-hub\\\/restez-connecte-compatibilite-des-systemes-ebike-mahle-et-garmin\\\/#primaryimage\"},\"thumbnailUrl\":\"https:\\\/\\\/mahle-smartbike.com\\\/wp-content\\\/uploads\\\/2026\\\/01\\\/MAHLEANT.webp\",\"datePublished\":\"2026-01-12T12:04:47+00:00\",\"dateModified\":\"2026-01-12T12:34:31+00:00\",\"description\":\"Dans le monde du cyclisme actuel, la connectivit\u00e9 est plus qu'une simple fonctionnalit\u00e9, c'est un \u00e9l\u00e9ment essentiel de l'exp\u00e9rience de conduite. Chez MAHLE SmartBike Systems, nous concevons nos syst\u00e8mes eBike pour qu'ils s'int\u00e8grent de mani\u00e8re transparente aux outils et plateformes auxquels les cyclistes font d\u00e9j\u00e0 confiance. C'est pourquoi tous nos syst\u00e8mes sont compatibles ANT+, ouvrant la voie \u00e0 un couplage ais\u00e9 avec les principaux appareils, y compris Garmin.\",\"breadcrumb\":{\"@id\":\"https:\\\/\\\/mahle-smartbike.com\\\/fr\\\/content-hub\\\/restez-connecte-compatibilite-des-systemes-ebike-mahle-et-garmin\\\/#breadcrumb\"},\"inLanguage\":\"fr-FR\",\"potentialAction\":[{\"@type\":\"ReadAction\",\"target\":[\"https:\\\/\\\/mahle-smartbike.com\\\/fr\\\/content-hub\\\/restez-connecte-compatibilite-des-systemes-ebike-mahle-et-garmin\\\/\"]}]},{\"@type\":\"ImageObject\",\"inLanguage\":\"fr-FR\",\"@id\":\"https:\\\/\\\/mahle-smartbike.com\\\/fr\\\/content-hub\\\/restez-connecte-compatibilite-des-systemes-ebike-mahle-et-garmin\\\/#primaryimage\",\"url\":\"https:\\\/\\\/mahle-smartbike.com\\\/wp-content\\\/uploads\\\/2026\\\/01\\\/MAHLEANT.webp\",\"contentUrl\":\"https:\\\/\\\/mahle-smartbike.com\\\/wp-content\\\/uploads\\\/2026\\\/01\\\/MAHLEANT.webp\",\"width\":2560,\"height\":1700},{\"@type\":\"BreadcrumbList\",\"@id\":\"https:\\\/\\\/mahle-smartbike.com\\\/fr\\\/content-hub\\\/restez-connecte-compatibilite-des-systemes-ebike-mahle-et-garmin\\\/#breadcrumb\",\"itemListElement\":[{\"@type\":\"ListItem\",\"position\":1,\"name\":\"News & Events\",\"item\":\"https:\\\/\\\/mahle-smartbike.com\\\/fr\\\/content-hub\\\/\"},{\"@type\":\"ListItem\",\"position\":2,\"name\":\"Restez connect\u00e9 : Compatibilit\u00e9 des syst\u00e8mes eBike MAHLE et Garmin\"}]},{\"@type\":\"WebSite\",\"@id\":\"https:\\\/\\\/mahle-smartbike.com\\\/#website\",\"url\":\"https:\\\/\\\/mahle-smartbike.com\\\/\",\"name\":\"MAHLE SmartBike Systems\",\"description\":\"The lightest ebike systems on the market\",\"publisher\":{\"@id\":\"https:\\\/\\\/mahle-smartbike.com\\\/#organization\"},\"potentialAction\":[{\"@type\":\"SearchAction\",\"target\":{\"@type\":\"EntryPoint\",\"urlTemplate\":\"https:\\\/\\\/mahle-smartbike.com\\\/?s={search_term_string}\"},\"query-input\":{\"@type\":\"PropertyValueSpecification\",\"valueRequired\":true,\"valueName\":\"search_term_string\"}}],\"inLanguage\":\"fr-FR\"},{\"@type\":\"Organization\",\"@id\":\"https:\\\/\\\/mahle-smartbike.com\\\/#organization\",\"name\":\"MAHLE SmartBike Systems\",\"url\":\"https:\\\/\\\/mahle-smartbike.com\\\/\",\"logo\":{\"@type\":\"ImageObject\",\"inLanguage\":\"fr-FR\",\"@id\":\"https:\\\/\\\/mahle-smartbike.com\\\/#\\\/schema\\\/logo\\\/image\\\/\",\"url\":\"https:\\\/\\\/mahle-smartbike.com\\\/wp-content\\\/uploads\\\/2024\\\/05\\\/MAHLE-SmartBike-Systems-Logo-1-1.jpg\",\"contentUrl\":\"https:\\\/\\\/mahle-smartbike.com\\\/wp-content\\\/uploads\\\/2024\\\/05\\\/MAHLE-SmartBike-Systems-Logo-1-1.jpg\",\"width\":1920,\"height\":1920,\"caption\":\"MAHLE SmartBike Systems\"},\"image\":{\"@id\":\"https:\\\/\\\/mahle-smartbike.com\\\/#\\\/schema\\\/logo\\\/image\\\/\"},\"sameAs\":[\"https:\\\/\\\/www.facebook.com\\\/mahlesmartbikesystems\\\/\",\"https:\\\/\\\/www.instagram.com\\\/mahle_smartbikesystems\\\/\",\"https:\\\/\\\/www.linkedin.com\\\/company\\\/mahlesmartbikesystems\\\/\",\"https:\\\/\\\/www.youtube.com\\\/channel\\\/UCgfNyF-Wtgq0WTlzsV8bDmQ\",\"https:\\\/\\\/www.strava.com\\\/clubs\\\/mahle\",\"https:\\\/\\\/www.tiktok.com\\\/@mahlesmartbikesystems\"]}]}<\/script>\n<!-- \/ Yoast SEO plugin. -->","yoast_head_json":{"title":"Restez connect\u00e9 : Compatibilit\u00e9 des syst\u00e8mes eBike MAHLE et Garmin - MAHLE SmartBike Systems","description":"Dans le monde du cyclisme actuel, la connectivit\u00e9 est plus qu'une simple fonctionnalit\u00e9, c'est un \u00e9l\u00e9ment essentiel de l'exp\u00e9rience de conduite. Chez MAHLE SmartBike Systems, nous concevons nos syst\u00e8mes eBike pour qu'ils s'int\u00e8grent de mani\u00e8re transparente aux outils et plateformes auxquels les cyclistes font d\u00e9j\u00e0 confiance. C'est pourquoi tous nos syst\u00e8mes sont compatibles ANT+, ouvrant la voie \u00e0 un couplage ais\u00e9 avec les principaux appareils, y compris Garmin.","robots":{"index":"index","follow":"follow","max-snippet":"max-snippet:-1","max-image-preview":"max-image-preview:large","max-video-preview":"max-video-preview:-1"},"canonical":"https:\/\/mahle-smartbike.com\/fr\/content-hub\/restez-connecte-compatibilite-des-systemes-ebike-mahle-et-garmin\/","og_locale":"fr_FR","og_type":"article","og_title":"Restez connect\u00e9 : Compatibilit\u00e9 des syst\u00e8mes eBike MAHLE et Garmin - MAHLE SmartBike Systems","og_description":"Dans le monde du cyclisme actuel, la connectivit\u00e9 est plus qu'une simple fonctionnalit\u00e9, c'est un \u00e9l\u00e9ment essentiel de l'exp\u00e9rience de conduite. Chez MAHLE SmartBike Systems, nous concevons nos syst\u00e8mes eBike pour qu'ils s'int\u00e8grent de mani\u00e8re transparente aux outils et plateformes auxquels les cyclistes font d\u00e9j\u00e0 confiance. C'est pourquoi tous nos syst\u00e8mes sont compatibles ANT+, ouvrant la voie \u00e0 un couplage ais\u00e9 avec les principaux appareils, y compris Garmin.","og_url":"https:\/\/mahle-smartbike.com\/fr\/content-hub\/restez-connecte-compatibilite-des-systemes-ebike-mahle-et-garmin\/","og_site_name":"MAHLE SmartBike Systems","article_publisher":"https:\/\/www.facebook.com\/mahlesmartbikesystems\/","article_modified_time":"2026-01-12T12:34:31+00:00","og_image":[{"width":2560,"height":1700,"url":"https:\/\/mahle-smartbike.com\/wp-content\/uploads\/2026\/01\/MAHLEANT.webp","type":"image\/webp"}],"twitter_card":"summary_large_image","twitter_misc":{"Dur\u00e9e de lecture estim\u00e9e":"3 minutes"},"schema":{"@context":"https:\/\/schema.org","@graph":[{"@type":"WebPage","@id":"https:\/\/mahle-smartbike.com\/fr\/content-hub\/restez-connecte-compatibilite-des-systemes-ebike-mahle-et-garmin\/","url":"https:\/\/mahle-smartbike.com\/fr\/content-hub\/restez-connecte-compatibilite-des-systemes-ebike-mahle-et-garmin\/","name":"Restez connect\u00e9 : Compatibilit\u00e9 des syst\u00e8mes eBike MAHLE et Garmin - MAHLE SmartBike Systems","isPartOf":{"@id":"https:\/\/mahle-smartbike.com\/#website"},"primaryImageOfPage":{"@id":"https:\/\/mahle-smartbike.com\/fr\/content-hub\/restez-connecte-compatibilite-des-systemes-ebike-mahle-et-garmin\/#primaryimage"},"image":{"@id":"https:\/\/mahle-smartbike.com\/fr\/content-hub\/restez-connecte-compatibilite-des-systemes-ebike-mahle-et-garmin\/#primaryimage"},"thumbnailUrl":"https:\/\/mahle-smartbike.com\/wp-content\/uploads\/2026\/01\/MAHLEANT.webp","datePublished":"2026-01-12T12:04:47+00:00","dateModified":"2026-01-12T12:34:31+00:00","description":"Dans le monde du cyclisme actuel, la connectivit\u00e9 est plus qu'une simple fonctionnalit\u00e9, c'est un \u00e9l\u00e9ment essentiel de l'exp\u00e9rience de conduite. Chez MAHLE SmartBike Systems, nous concevons nos syst\u00e8mes eBike pour qu'ils s'int\u00e8grent de mani\u00e8re transparente aux outils et plateformes auxquels les cyclistes font d\u00e9j\u00e0 confiance. C'est pourquoi tous nos syst\u00e8mes sont compatibles ANT+, ouvrant la voie \u00e0 un couplage ais\u00e9 avec les principaux appareils, y compris Garmin.","breadcrumb":{"@id":"https:\/\/mahle-smartbike.com\/fr\/content-hub\/restez-connecte-compatibilite-des-systemes-ebike-mahle-et-garmin\/#breadcrumb"},"inLanguage":"fr-FR","potentialAction":[{"@type":"ReadAction","target":["https:\/\/mahle-smartbike.com\/fr\/content-hub\/restez-connecte-compatibilite-des-systemes-ebike-mahle-et-garmin\/"]}]},{"@type":"ImageObject","inLanguage":"fr-FR","@id":"https:\/\/mahle-smartbike.com\/fr\/content-hub\/restez-connecte-compatibilite-des-systemes-ebike-mahle-et-garmin\/#primaryimage","url":"https:\/\/mahle-smartbike.com\/wp-content\/uploads\/2026\/01\/MAHLEANT.webp","contentUrl":"https:\/\/mahle-smartbike.com\/wp-content\/uploads\/2026\/01\/MAHLEANT.webp","width":2560,"height":1700},{"@type":"BreadcrumbList","@id":"https:\/\/mahle-smartbike.com\/fr\/content-hub\/restez-connecte-compatibilite-des-systemes-ebike-mahle-et-garmin\/#breadcrumb","itemListElement":[{"@type":"ListItem","position":1,"name":"News & Events","item":"https:\/\/mahle-smartbike.com\/fr\/content-hub\/"},{"@type":"ListItem","position":2,"name":"Restez connect\u00e9 : Compatibilit\u00e9 des syst\u00e8mes eBike MAHLE et Garmin"}]},{"@type":"WebSite","@id":"https:\/\/mahle-smartbike.com\/#website","url":"https:\/\/mahle-smartbike.com\/","name":"MAHLE SmartBike Systems","description":"The lightest ebike systems on the market","publisher":{"@id":"https:\/\/mahle-smartbike.com\/#organization"},"potentialAction":[{"@type":"SearchAction","target":{"@type":"EntryPoint","urlTemplate":"https:\/\/mahle-smartbike.com\/?s={search_term_string}"},"query-input":{"@type":"PropertyValueSpecification","valueRequired":true,"valueName":"search_term_string"}}],"inLanguage":"fr-FR"},{"@type":"Organization","@id":"https:\/\/mahle-smartbike.com\/#organization","name":"MAHLE SmartBike Systems","url":"https:\/\/mahle-smartbike.com\/","logo":{"@type":"ImageObject","inLanguage":"fr-FR","@id":"https:\/\/mahle-smartbike.com\/#\/schema\/logo\/image\/","url":"https:\/\/mahle-smartbike.com\/wp-content\/uploads\/2024\/05\/MAHLE-SmartBike-Systems-Logo-1-1.jpg","contentUrl":"https:\/\/mahle-smartbike.com\/wp-content\/uploads\/2024\/05\/MAHLE-SmartBike-Systems-Logo-1-1.jpg","width":1920,"height":1920,"caption":"MAHLE SmartBike Systems"},"image":{"@id":"https:\/\/mahle-smartbike.com\/#\/schema\/logo\/image\/"},"sameAs":["https:\/\/www.facebook.com\/mahlesmartbikesystems\/","https:\/\/www.instagram.com\/mahle_smartbikesystems\/","https:\/\/www.linkedin.com\/company\/mahlesmartbikesystems\/","https:\/\/www.youtube.com\/channel\/UCgfNyF-Wtgq0WTlzsV8bDmQ","https:\/\/www.strava.com\/clubs\/mahle","https:\/\/www.tiktok.com\/@mahlesmartbikesystems"]}]}},"_links":{"self":[{"href":"https:\/\/mahle-smartbike.com\/fr\/wp-json\/wp\/v2\/news-events\/70864","targetHints":{"allow":["GET"]}}],"collection":[{"href":"https:\/\/mahle-smartbike.com\/fr\/wp-json\/wp\/v2\/news-events"}],"about":[{"href":"https:\/\/mahle-smartbike.com\/fr\/wp-json\/wp\/v2\/types\/news-event"}],"version-history":[{"count":1,"href":"https:\/\/mahle-smartbike.com\/fr\/wp-json\/wp\/v2\/news-events\/70864\/revisions"}],"predecessor-version":[{"id":70865,"href":"https:\/\/mahle-smartbike.com\/fr\/wp-json\/wp\/v2\/news-events\/70864\/revisions\/70865"}],"wp:featuredmedia":[{"embeddable":true,"href":"https:\/\/mahle-smartbike.com\/fr\/wp-json\/wp\/v2\/media\/70817"}],"wp:attachment":[{"href":"https:\/\/mahle-smartbike.com\/fr\/wp-json\/wp\/v2\/media?parent=70864"}],"wp:term":[{"taxonomy":"news-and-events","embeddable":true,"href":"https:\/\/mahle-smartbike.com\/fr\/wp-json\/wp\/v2\/news-and-events?post=70864"}],"curies":[{"name":"wp","href":"https:\/\/api.w.org\/{rel}","templated":true}]}}