{"id":74623,"date":"2026-03-02T14:00:05","date_gmt":"2026-03-02T12:00:05","guid":{"rendered":"https:\/\/mahle-smartbike.com\/content-hub\/smart-training-2025-2026-ameliorer-votre-experience-de-conduite\/"},"modified":"2026-03-03T12:32:31","modified_gmt":"2026-03-03T10:32:31","slug":"smart-training-2025-2026-ameliorer-votre-experience-de-conduite","status":"publish","type":"news-event","link":"https:\/\/mahle-smartbike.com\/fr\/content-hub\/smart-training-2025-2026-ameliorer-votre-experience-de-conduite\/","title":{"rendered":"Smart Training 2025\u20132026 : am\u00e9liorer votre exp\u00e9rience de conduite"},"content":{"rendered":"\t\t<div data-elementor-type=\"wp-post\" data-elementor-id=\"74623\" class=\"elementor elementor-74623 elementor-74588\" data-elementor-post-type=\"news-event\">\n\t\t\t\t\t\t<section class=\"elementor-section elementor-top-section elementor-element elementor-element-7e0634f elementor-section-full_width sticky-inner-header elementor-section-height-min-height elementor-section-height-default elementor-section-items-middle\" data-id=\"7e0634f\" data-element_type=\"section\" data-settings=\"{&quot;background_background&quot;:&quot;classic&quot;,&quot;sticky&quot;:&quot;top&quot;,&quot;sticky_offset&quot;:72,&quot;sticky_on&quot;:[&quot;widescreen&quot;,&quot;desktop&quot;,&quot;tablet&quot;,&quot;mobile_extra&quot;,&quot;mobile&quot;],&quot;sticky_effects_offset&quot;:0,&quot;sticky_anchor_link_offset&quot;:0}\">\n\t\t\t\t\t\t<div class=\"elementor-container elementor-column-gap-default\">\n\t\t\t\t\t<div class=\"elementor-column elementor-col-100 elementor-top-column elementor-element elementor-element-02653c6\" data-id=\"02653c6\" data-element_type=\"column\">\n\t\t\t<div class=\"elementor-widget-wrap elementor-element-populated\">\n\t\t\t\t\t\t<section class=\"elementor-section elementor-inner-section elementor-element elementor-element-43061e7 elementor-section-content-middle elementor-section-boxed elementor-section-height-default elementor-section-height-default\" data-id=\"43061e7\" data-element_type=\"section\">\n\t\t\t\t\t\t<div class=\"elementor-container elementor-column-gap-default\">\n\t\t\t\t\t<div class=\"elementor-column elementor-col-100 elementor-inner-column elementor-element elementor-element-dd224d3\" data-id=\"dd224d3\" data-element_type=\"column\">\n\t\t\t<div class=\"elementor-widget-wrap elementor-element-populated\">\n\t\t\t\t\t\t<div class=\"elementor-element elementor-element-b5d42a5 elementor-widget-tablet__width-initial elementor-widget-mobile_extra__width-initial elementor-widget-mobile__width-initial elementor-widget elementor-widget-heading\" data-id=\"b5d42a5\" data-element_type=\"widget\" data-widget_type=\"heading.default\">\n\t\t\t\t<div class=\"elementor-widget-container\">\n\t\t\t\t\t<h1 class=\"elementor-heading-title elementor-size-default\">Smart Training 2025\u20132026 : am\u00e9liorer votre exp\u00e9rience de conduite<\/h1>\t\t\t\t<\/div>\n\t\t\t\t<\/div>\n\t\t\t\t\t<\/div>\n\t\t<\/div>\n\t\t\t\t\t<\/div>\n\t\t<\/section>\n\t\t\t\t\t<\/div>\n\t\t<\/div>\n\t\t\t\t\t<\/div>\n\t\t<\/section>\n\t\t\t\t<section class=\"elementor-section elementor-top-section elementor-element elementor-element-9839725 elementor-section-full_width elementor-section-height-min-height elementor-section-items-stretch elementor-section-content-top elementor-section-height-default\" data-id=\"9839725\" data-element_type=\"section\" data-settings=\"{&quot;background_background&quot;:&quot;classic&quot;}\">\n\t\t\t\t\t\t<div class=\"elementor-container elementor-column-gap-default\">\n\t\t\t\t\t<div class=\"elementor-column elementor-col-100 elementor-top-column elementor-element elementor-element-eb853f1\" data-id=\"eb853f1\" data-element_type=\"column\" data-settings=\"{&quot;background_background&quot;:&quot;slideshow&quot;,&quot;background_slideshow_gallery&quot;:[],&quot;background_slideshow_loop&quot;:&quot;yes&quot;,&quot;background_slideshow_slide_duration&quot;:5000,&quot;background_slideshow_slide_transition&quot;:&quot;fade&quot;,&quot;background_slideshow_transition_duration&quot;:500}\">\n\t\t\t<div class=\"elementor-widget-wrap\">\n\t\t\t\t\t\t\t<\/div>\n\t\t<\/div>\n\t\t\t\t\t<\/div>\n\t\t<\/section>\n\t\t<div class=\"elementor-element elementor-element-80291d2 e-flex e-con-boxed e-con e-parent\" data-id=\"80291d2\" data-element_type=\"container\">\n\t\t\t\t\t<div class=\"e-con-inner\">\n\t\t\t\t<div class=\"elementor-element elementor-element-c7c53c4 elementor-widget elementor-widget-text-editor\" data-id=\"c7c53c4\" data-element_type=\"widget\" data-widget_type=\"text-editor.default\">\n\t\t\t\t<div class=\"elementor-widget-container\">\n\t\t\t\t\t\t\t\t\t<p>Chaque ann\u00e9e, nous menons notre programme Smart Training : un ensemble de sessions en pr\u00e9sentiel con\u00e7ues pour pr\u00e9parer les revendeurs \u00e0 l\u2019entretien des v\u00e9los \u00e9quip\u00e9s de syst\u00e8mes MAHLE en toute confiance. La saison 2025\u20132026 vient de s\u2019achever, et elle a \u00e9t\u00e9 l\u2019une des \u00e9ditions les plus compl\u00e8tes \u00e0 ce jour. Voici ce que cela signifie pour vous en tant que cycliste.  <\/p>\t\t\t\t\t\t\t\t<\/div>\n\t\t\t\t<\/div>\n\t\t\t\t\t<\/div>\n\t\t\t\t<\/div>\n\t\t<div class=\"elementor-element elementor-element-4f8a9c8 e-flex e-con-boxed e-con e-parent\" data-id=\"4f8a9c8\" data-element_type=\"container\">\n\t\t\t\t\t<div class=\"e-con-inner\">\n\t\t\t\t<div class=\"elementor-element elementor-element-1558587 elementor-widget__width-auto elementor-widget elementor-widget-image\" data-id=\"1558587\" data-element_type=\"widget\" data-widget_type=\"image.default\">\n\t\t\t\t<div class=\"elementor-widget-container\">\n\t\t\t\t\t\t\t\t\t\t\t\t\t\t\t<img fetchpriority=\"high\" decoding=\"async\" width=\"1080\" height=\"1350\" src=\"https:\/\/mahle-smartbike.com\/wp-content\/uploads\/2026\/03\/trainings_0005_IMG_20260225_111408.jpg\" class=\"attachment-full size-full wp-image-74596\" alt=\"\" srcset=\"https:\/\/mahle-smartbike.com\/wp-content\/uploads\/2026\/03\/trainings_0005_IMG_20260225_111408.jpg 1080w, https:\/\/mahle-smartbike.com\/wp-content\/uploads\/2026\/03\/trainings_0005_IMG_20260225_111408-240x300.jpg 240w, https:\/\/mahle-smartbike.com\/wp-content\/uploads\/2026\/03\/trainings_0005_IMG_20260225_111408-819x1024.jpg 819w, https:\/\/mahle-smartbike.com\/wp-content\/uploads\/2026\/03\/trainings_0005_IMG_20260225_111408-768x960.jpg 768w\" sizes=\"(max-width: 1080px) 100vw, 1080px\" \/>\t\t\t\t\t\t\t\t\t\t\t\t\t\t\t<\/div>\n\t\t\t\t<\/div>\n\t\t\t\t<div class=\"elementor-element elementor-element-d5e2421 elementor-widget elementor-widget-heading\" data-id=\"d5e2421\" data-element_type=\"widget\" data-widget_type=\"heading.default\">\n\t\t\t\t<div class=\"elementor-widget-container\">\n\t\t\t\t\t<h2 class=\"elementor-heading-title elementor-size-default\">Qu\u2019est-ce que le Smart Training et pourquoi est-ce important pour les cyclistes ?<\/h2>\t\t\t\t<\/div>\n\t\t\t\t<\/div>\n\t\t\t\t<div class=\"elementor-element elementor-element-eb1f140 elementor-widget elementor-widget-text-editor\" data-id=\"eb1f140\" data-element_type=\"widget\" data-widget_type=\"text-editor.default\">\n\t\t\t\t<div class=\"elementor-widget-container\">\n\t\t\t\t\t\t\t\t\t<p>Le Smart Training est notre programme officiel de formation technique pour les revendeurs. Lors de ces sessions, les m\u00e9caniciens et les \u00e9quipes d\u2019ateliers apprennent \u00e0 travailler avec les syst\u00e8mes MAHLE en suivant les derni\u00e8res proc\u00e9dures, mises \u00e0 jour et recommandations. <\/p><p>Pour les cyclistes, cela se traduit par une meilleure exp\u00e9rience d\u00e8s que votre eBike n\u00e9cessite une attention particuli\u00e8re : un service plus rapide, de meilleurs diagnostics et une approche plus coh\u00e9rente entre les diff\u00e9rents ateliers.<\/p>\t\t\t\t\t\t\t\t<\/div>\n\t\t\t\t<\/div>\n\t\t\t\t\t<\/div>\n\t\t\t\t<\/div>\n\t\t<div class=\"elementor-element elementor-element-0c7e11b e-flex e-con-boxed e-con e-parent\" data-id=\"0c7e11b\" data-element_type=\"container\">\n\t\t\t\t\t<div class=\"e-con-inner\">\n\t\t\t\t<div class=\"elementor-element elementor-element-904c474 elementor-widget__width-auto elementor-widget elementor-widget-image\" data-id=\"904c474\" data-element_type=\"widget\" data-widget_type=\"image.default\">\n\t\t\t\t<div class=\"elementor-widget-container\">\n\t\t\t\t\t\t\t\t\t\t\t\t\t\t\t<img decoding=\"async\" width=\"1080\" height=\"1350\" src=\"https:\/\/mahle-smartbike.com\/wp-content\/uploads\/2026\/03\/Trainings_0003_MAHLE-TALLER-5.jpg\" class=\"attachment-full size-full wp-image-74601\" alt=\"\" srcset=\"https:\/\/mahle-smartbike.com\/wp-content\/uploads\/2026\/03\/Trainings_0003_MAHLE-TALLER-5.jpg 1080w, https:\/\/mahle-smartbike.com\/wp-content\/uploads\/2026\/03\/Trainings_0003_MAHLE-TALLER-5-240x300.jpg 240w, https:\/\/mahle-smartbike.com\/wp-content\/uploads\/2026\/03\/Trainings_0003_MAHLE-TALLER-5-819x1024.jpg 819w, https:\/\/mahle-smartbike.com\/wp-content\/uploads\/2026\/03\/Trainings_0003_MAHLE-TALLER-5-768x960.jpg 768w\" sizes=\"(max-width: 1080px) 100vw, 1080px\" \/>\t\t\t\t\t\t\t\t\t\t\t\t\t\t\t<\/div>\n\t\t\t\t<\/div>\n\t\t\t\t<div class=\"elementor-element elementor-element-e840cd6 elementor-widget elementor-widget-heading\" data-id=\"e840cd6\" data-element_type=\"widget\" data-widget_type=\"heading.default\">\n\t\t\t\t<div class=\"elementor-widget-container\">\n\t\t\t\t\t<h2 class=\"elementor-heading-title elementor-size-default\">Les points forts de cette ann\u00e9e<\/h2>\t\t\t\t<\/div>\n\t\t\t\t<\/div>\n\t\t\t\t<div class=\"elementor-element elementor-element-f47eae0 elementor-widget elementor-widget-text-editor\" data-id=\"f47eae0\" data-element_type=\"widget\" data-widget_type=\"text-editor.default\">\n\t\t\t\t<div class=\"elementor-widget-container\">\n\t\t\t\t\t\t\t\t\t<p><strong>Une formation \u00e9tendue \u00e0 davantage de r\u00e9gions.<\/strong><\/p><p>Pour la premi\u00e8re fois, des sessions Smart Training ont \u00e9t\u00e9 organis\u00e9es au Royaume-Uni, s\u2019ajoutant \u00e0 la liste des lieux o\u00f9 les revendeurs peuvent acc\u00e9der \u00e0 une formation sur site.<\/p><p><strong>Une attention totale port\u00e9e aux s\u00e9ries M et X.<\/strong><\/p><p>Cette saison comprenait des modules d\u00e9di\u00e9s \u00e0 la s\u00e9rie MAHLE M et \u00e0 la s\u00e9rie MAHLE X. Les revendeurs ont b\u00e9n\u00e9fici\u00e9 de conseils pratiques sur : <\/p><ul><li>les diagnostics et le d\u00e9pannage,<\/li><li>les flux de travail de service,<\/li><li>la configuration du syst\u00e8me,<\/li><li>et les proc\u00e9dures de maintenance adapt\u00e9es \u00e0 chaque plateforme.<\/li><\/ul><p>Avec davantage d\u2019\u00e9quipes d\u2019ateliers form\u00e9es sur les deux familles de syst\u00e8mes, les cyclistes b\u00e9n\u00e9ficient d\u2019un r\u00e9seau de service mieux pr\u00e9par\u00e9 et mieux align\u00e9.<\/p><p><strong>Des conseils de vente pour accompagner le parcours du cycliste<\/strong><\/p><p>Au-del\u00e0 des connaissances techniques, le Smart Training a \u00e9galement couvert des outils de vente pratiques : comment guider les cyclistes lors de la comparaison d\u2019accessoires, comprendre la compatibilit\u00e9 ou prendre des d\u00e9cisions concernant les batteries, les prolongateurs d\u2019autonomie et les d\u00e9lais d\u2019entretien.<\/p>\t\t\t\t\t\t\t\t<\/div>\n\t\t\t\t<\/div>\n\t\t\t\t\t<\/div>\n\t\t\t\t<\/div>\n\t\t<div class=\"elementor-element elementor-element-b93a45f e-flex e-con-boxed e-con e-parent\" data-id=\"b93a45f\" data-element_type=\"container\">\n\t\t\t\t\t<div class=\"e-con-inner\">\n\t\t\t\t<div class=\"elementor-element elementor-element-cc7deab elementor-widget__width-auto elementor-widget elementor-widget-image\" data-id=\"cc7deab\" data-element_type=\"widget\" data-widget_type=\"image.default\">\n\t\t\t\t<div class=\"elementor-widget-container\">\n\t\t\t\t\t\t\t\t\t\t\t\t\t\t\t<img decoding=\"async\" width=\"1080\" height=\"1350\" src=\"https:\/\/mahle-smartbike.com\/wp-content\/uploads\/2026\/03\/trainings_0006_IMG_20260225_111642.jpg\" class=\"attachment-full size-full wp-image-74606\" alt=\"\" srcset=\"https:\/\/mahle-smartbike.com\/wp-content\/uploads\/2026\/03\/trainings_0006_IMG_20260225_111642.jpg 1080w, https:\/\/mahle-smartbike.com\/wp-content\/uploads\/2026\/03\/trainings_0006_IMG_20260225_111642-240x300.jpg 240w, https:\/\/mahle-smartbike.com\/wp-content\/uploads\/2026\/03\/trainings_0006_IMG_20260225_111642-819x1024.jpg 819w, https:\/\/mahle-smartbike.com\/wp-content\/uploads\/2026\/03\/trainings_0006_IMG_20260225_111642-768x960.jpg 768w\" sizes=\"(max-width: 1080px) 100vw, 1080px\" \/>\t\t\t\t\t\t\t\t\t\t\t\t\t\t\t<\/div>\n\t\t\t\t<\/div>\n\t\t\t\t<div class=\"elementor-element elementor-element-a18c37a elementor-widget elementor-widget-heading\" data-id=\"a18c37a\" data-element_type=\"widget\" data-widget_type=\"heading.default\">\n\t\t\t\t<div class=\"elementor-widget-container\">\n\t\t\t\t\t<h2 class=\"elementor-heading-title elementor-size-default\">Aper\u00e7u revendeur : un r\u00e9seau Certified Pro en pleine croissance<\/h2>\t\t\t\t<\/div>\n\t\t\t\t<\/div>\n\t\t\t\t<div class=\"elementor-element elementor-element-01716ad elementor-widget elementor-widget-text-editor\" data-id=\"01716ad\" data-element_type=\"widget\" data-widget_type=\"text-editor.default\">\n\t\t\t\t<div class=\"elementor-widget-container\">\n\t\t\t\t\t\t\t\t\t<p>De nombreux ateliers ayant particip\u00e9 au Smart Training de cette saison ont rempli les conditions pour devenir <strong>Certified Partners PRO<\/strong>. Ces ateliers respectent les normes techniques de MAHLE et suivent nos processus de service recommand\u00e9s. <\/p><p>\u00c0 mesure que leur statut de certification est finalis\u00e9, ils appara\u00eetront dans notre Dealer Locator, ce qui permettra aux cyclistes d\u2019identifier plus facilement les points de service form\u00e9s et align\u00e9s d\u00e8s qu\u2019une assistance est n\u00e9cessaire.<\/p><p>Vous pourrez bient\u00f4t les trouver via le <a href=\"https:\/\/mahle-smartbike.com\/fr\/localisateur-de-distributeurs\/\">Dealer Locator<\/a> sur notre site web, un moyen pratique de v\u00e9rifier quelles options de service sont disponibles pr\u00e8s de chez vous.<\/p>\t\t\t\t\t\t\t\t<\/div>\n\t\t\t\t<\/div>\n\t\t\t\t\t<\/div>\n\t\t\t\t<\/div>\n\t\t<div class=\"elementor-element elementor-element-2e69a3d e-flex e-con-boxed e-con e-parent\" data-id=\"2e69a3d\" data-element_type=\"container\">\n\t\t\t\t\t<div class=\"e-con-inner\">\n\t\t\t\t<div class=\"elementor-element elementor-element-a584a09 elementor-widget elementor-widget-heading\" data-id=\"a584a09\" data-element_type=\"widget\" data-widget_type=\"heading.default\">\n\t\t\t\t<div class=\"elementor-widget-container\">\n\t\t\t\t\t<h2 class=\"elementor-heading-title elementor-size-default\">Ce que cela signifie pour votre trajet<\/h2>\t\t\t\t<\/div>\n\t\t\t\t<\/div>\n\t\t\t\t<div class=\"elementor-element elementor-element-2b10809 elementor-widget elementor-widget-text-editor\" data-id=\"2b10809\" data-element_type=\"widget\" data-widget_type=\"text-editor.default\">\n\t\t\t\t<div class=\"elementor-widget-container\">\n\t\t\t\t\t\t\t\t\t<p>Gr\u00e2ce \u00e0 cette saison de Smart Training, les cyclistes peuvent s\u2019attendre \u00e0 :<\/p><ul><li>plus de points de service form\u00e9s dans diff\u00e9rentes r\u00e9gions,<\/li><li>des techniciens ayant des connaissances actualis\u00e9es sur les syst\u00e8mes MAHLE,<\/li><li>et une exp\u00e9rience d\u2019assistance plus claire et plus coh\u00e9rente.<\/li><\/ul><p>Que vous ayez besoin de maintenance, de mises \u00e0 jour ou de conseils sur les accessoires et la compatibilit\u00e9, le r\u00e9seau de revendeurs prenant en charge les eBikes propuls\u00e9s par MAHLE est d\u00e9sormais mieux pr\u00e9par\u00e9.<\/p>\t\t\t\t\t\t\t\t<\/div>\n\t\t\t\t<\/div>\n\t\t\t\t<div class=\"elementor-element elementor-element-4bf30bc elementor-widget__width-auto elementor-widget elementor-widget-image\" data-id=\"4bf30bc\" data-element_type=\"widget\" data-widget_type=\"image.default\">\n\t\t\t\t<div class=\"elementor-widget-container\">\n\t\t\t\t\t\t\t\t\t\t\t\t\t\t\t<img loading=\"lazy\" decoding=\"async\" width=\"1080\" height=\"1350\" src=\"https:\/\/mahle-smartbike.com\/wp-content\/uploads\/2026\/03\/Trainings_0006_MAHLE-TALLER-1.jpg\" class=\"attachment-full size-full wp-image-74611\" alt=\"\" srcset=\"https:\/\/mahle-smartbike.com\/wp-content\/uploads\/2026\/03\/Trainings_0006_MAHLE-TALLER-1.jpg 1080w, https:\/\/mahle-smartbike.com\/wp-content\/uploads\/2026\/03\/Trainings_0006_MAHLE-TALLER-1-240x300.jpg 240w, https:\/\/mahle-smartbike.com\/wp-content\/uploads\/2026\/03\/Trainings_0006_MAHLE-TALLER-1-819x1024.jpg 819w, https:\/\/mahle-smartbike.com\/wp-content\/uploads\/2026\/03\/Trainings_0006_MAHLE-TALLER-1-768x960.jpg 768w\" sizes=\"(max-width: 1080px) 100vw, 1080px\" \/>\t\t\t\t\t\t\t\t\t\t\t\t\t\t\t<\/div>\n\t\t\t\t<\/div>\n\t\t\t\t<div class=\"elementor-element elementor-element-e61b9fc elementor-widget elementor-widget-heading\" data-id=\"e61b9fc\" data-element_type=\"widget\" data-widget_type=\"heading.default\">\n\t\t\t\t<div class=\"elementor-widget-container\">\n\t\t\t\t\t<h2 class=\"elementor-heading-title elementor-size-default\">Perspectives d\u2019avenir<\/h2>\t\t\t\t<\/div>\n\t\t\t\t<\/div>\n\t\t\t\t<div class=\"elementor-element elementor-element-1c0bb42 elementor-widget elementor-widget-text-editor\" data-id=\"1c0bb42\" data-element_type=\"widget\" data-widget_type=\"text-editor.default\">\n\t\t\t\t<div class=\"elementor-widget-container\">\n\t\t\t\t\t\t\t\t\t<p>Le Smart Training se poursuivra la saison prochaine, couvrant de nouveaux contenus et s\u2019\u00e9tendant \u00e0 davantage de r\u00e9gions. Notre objectif reste le m\u00eame : garantir que chaque cycliste ait acc\u00e8s \u00e0 un service comp\u00e9tent et fiable tout au long de la dur\u00e9e de vie de son eBike. <\/p>\t\t\t\t\t\t\t\t<\/div>\n\t\t\t\t<\/div>\n\t\t\t\t<div class=\"elementor-element elementor-element-666a971 elementor-align-center elementor-widget__width-auto mahle-blue-btn elementor-invisible elementor-widget elementor-widget-button\" data-id=\"666a971\" data-element_type=\"widget\" data-settings=\"{&quot;_animation&quot;:&quot;fadeInUp&quot;}\" data-widget_type=\"button.default\">\n\t\t\t\t<div class=\"elementor-widget-container\">\n\t\t\t\t\t\t\t\t\t<div class=\"elementor-button-wrapper\">\n\t\t\t\t\t<a class=\"elementor-button elementor-button-link elementor-size-sm\" href=\"https:\/\/mahle-smartbike.com\/fr\/localisateur-de-distributeurs\/\">\n\t\t\t\t\t\t<span class=\"elementor-button-content-wrapper\">\n\t\t\t\t\t\t\t\t\t<span class=\"elementor-button-text\">Dealer Locator<\/span>\n\t\t\t\t\t<\/span>\n\t\t\t\t\t<\/a>\n\t\t\t\t<\/div>\n\t\t\t\t\t\t\t\t<\/div>\n\t\t\t\t<\/div>\n\t\t\t\t\t<\/div>\n\t\t\t\t<\/div>\n\t\t\t\t<\/div>\n\t\t","protected":false},"excerpt":{"rendered":"<p>La saison Smart Training 2025\u20132026 s\u2019est \u00e9tendue \u00e0 de nouvelles r\u00e9gions, a couvert en profondeur les s\u00e9ries M et X et a contribu\u00e9 \u00e0 la croissance du r\u00e9seau Certified Partner PRO, offrant ainsi un service plus coh\u00e9rent aux cyclistes utilisant des eBikes propuls\u00e9s par MAHLE.<\/p>\n","protected":false},"featured_media":74591,"parent":0,"menu_order":0,"template":"","news-and-events":[],"class_list":["post-74623","news-event","type-news-event","status-publish","has-post-thumbnail","hentry","news-events-category-actualits"],"acf":[],"yoast_head":"<!-- This site is optimized with the Yoast SEO plugin v27.5 - https:\/\/yoast.com\/product\/yoast-seo-wordpress\/ -->\n<title>Smart Training 2025\u20132026 : am\u00e9liorer votre exp\u00e9rience de conduite - MAHLE SmartBike Systems<\/title>\n<meta name=\"description\" content=\"Le programme Smart Training 2025\u20132026 renforce les connaissances des revendeurs sur les syst\u00e8mes MAHLE, en \u00e9largissant le r\u00e9seau d\u2019ateliers certifi\u00e9s et en am\u00e9liorant la maintenance, les diagnostics et l\u2019assistance pour les cyclistes.\" \/>\n<meta name=\"robots\" content=\"index, follow, max-snippet:-1, max-image-preview:large, max-video-preview:-1\" \/>\n<link rel=\"canonical\" href=\"https:\/\/mahle-smartbike.com\/fr\/content-hub\/smart-training-2025-2026-ameliorer-votre-experience-de-conduite\/\" \/>\n<meta property=\"og:locale\" content=\"fr_FR\" \/>\n<meta property=\"og:type\" content=\"article\" \/>\n<meta property=\"og:title\" content=\"Smart Training 2025\u20132026 : am\u00e9liorer votre exp\u00e9rience de conduite - MAHLE SmartBike Systems\" \/>\n<meta property=\"og:description\" content=\"Le programme Smart Training 2025\u20132026 renforce les connaissances des revendeurs sur les syst\u00e8mes MAHLE, en \u00e9largissant le r\u00e9seau d\u2019ateliers certifi\u00e9s et en am\u00e9liorant la maintenance, les diagnostics et l\u2019assistance pour les cyclistes.\" \/>\n<meta property=\"og:url\" content=\"https:\/\/mahle-smartbike.com\/fr\/content-hub\/smart-training-2025-2026-ameliorer-votre-experience-de-conduite\/\" \/>\n<meta property=\"og:site_name\" content=\"MAHLE SmartBike Systems\" \/>\n<meta property=\"article:publisher\" content=\"https:\/\/www.facebook.com\/mahlesmartbikesystems\/\" \/>\n<meta property=\"article:modified_time\" content=\"2026-03-03T10:32:31+00:00\" \/>\n<meta property=\"og:image\" content=\"https:\/\/mahle-smartbike.com\/wp-content\/uploads\/2026\/03\/training_Palencia_2026.webp\" \/>\n\t<meta property=\"og:image:width\" content=\"2560\" \/>\n\t<meta property=\"og:image:height\" content=\"1440\" \/>\n\t<meta property=\"og:image:type\" content=\"image\/webp\" \/>\n<meta name=\"twitter:card\" content=\"summary_large_image\" \/>\n<meta name=\"twitter:label1\" content=\"Dur\u00e9e de lecture estim\u00e9e\" \/>\n\t<meta name=\"twitter:data1\" content=\"3 minutes\" \/>\n<script type=\"application\/ld+json\" class=\"yoast-schema-graph\">{\"@context\":\"https:\\\/\\\/schema.org\",\"@graph\":[{\"@type\":\"WebPage\",\"@id\":\"https:\\\/\\\/mahle-smartbike.com\\\/fr\\\/content-hub\\\/smart-training-2025-2026-ameliorer-votre-experience-de-conduite\\\/\",\"url\":\"https:\\\/\\\/mahle-smartbike.com\\\/fr\\\/content-hub\\\/smart-training-2025-2026-ameliorer-votre-experience-de-conduite\\\/\",\"name\":\"Smart Training 2025\u20132026 : am\u00e9liorer votre exp\u00e9rience de conduite - MAHLE SmartBike Systems\",\"isPartOf\":{\"@id\":\"https:\\\/\\\/mahle-smartbike.com\\\/#website\"},\"primaryImageOfPage\":{\"@id\":\"https:\\\/\\\/mahle-smartbike.com\\\/fr\\\/content-hub\\\/smart-training-2025-2026-ameliorer-votre-experience-de-conduite\\\/#primaryimage\"},\"image\":{\"@id\":\"https:\\\/\\\/mahle-smartbike.com\\\/fr\\\/content-hub\\\/smart-training-2025-2026-ameliorer-votre-experience-de-conduite\\\/#primaryimage\"},\"thumbnailUrl\":\"https:\\\/\\\/mahle-smartbike.com\\\/wp-content\\\/uploads\\\/2026\\\/03\\\/training_Palencia_2026.webp\",\"datePublished\":\"2026-03-02T12:00:05+00:00\",\"dateModified\":\"2026-03-03T10:32:31+00:00\",\"description\":\"Le programme Smart Training 2025\u20132026 renforce les connaissances des revendeurs sur les syst\u00e8mes MAHLE, en \u00e9largissant le r\u00e9seau d\u2019ateliers certifi\u00e9s et en am\u00e9liorant la maintenance, les diagnostics et l\u2019assistance pour les cyclistes.\",\"breadcrumb\":{\"@id\":\"https:\\\/\\\/mahle-smartbike.com\\\/fr\\\/content-hub\\\/smart-training-2025-2026-ameliorer-votre-experience-de-conduite\\\/#breadcrumb\"},\"inLanguage\":\"fr-FR\",\"potentialAction\":[{\"@type\":\"ReadAction\",\"target\":[\"https:\\\/\\\/mahle-smartbike.com\\\/fr\\\/content-hub\\\/smart-training-2025-2026-ameliorer-votre-experience-de-conduite\\\/\"]}]},{\"@type\":\"ImageObject\",\"inLanguage\":\"fr-FR\",\"@id\":\"https:\\\/\\\/mahle-smartbike.com\\\/fr\\\/content-hub\\\/smart-training-2025-2026-ameliorer-votre-experience-de-conduite\\\/#primaryimage\",\"url\":\"https:\\\/\\\/mahle-smartbike.com\\\/wp-content\\\/uploads\\\/2026\\\/03\\\/training_Palencia_2026.webp\",\"contentUrl\":\"https:\\\/\\\/mahle-smartbike.com\\\/wp-content\\\/uploads\\\/2026\\\/03\\\/training_Palencia_2026.webp\",\"width\":2560,\"height\":1440},{\"@type\":\"BreadcrumbList\",\"@id\":\"https:\\\/\\\/mahle-smartbike.com\\\/fr\\\/content-hub\\\/smart-training-2025-2026-ameliorer-votre-experience-de-conduite\\\/#breadcrumb\",\"itemListElement\":[{\"@type\":\"ListItem\",\"position\":1,\"name\":\"News & Events\",\"item\":\"https:\\\/\\\/mahle-smartbike.com\\\/fr\\\/content-hub\\\/\"},{\"@type\":\"ListItem\",\"position\":2,\"name\":\"Smart Training 2025\u20132026 : am\u00e9liorer votre exp\u00e9rience de conduite\"}]},{\"@type\":\"WebSite\",\"@id\":\"https:\\\/\\\/mahle-smartbike.com\\\/#website\",\"url\":\"https:\\\/\\\/mahle-smartbike.com\\\/\",\"name\":\"MAHLE SmartBike Systems\",\"description\":\"The lightest ebike systems on the market\",\"publisher\":{\"@id\":\"https:\\\/\\\/mahle-smartbike.com\\\/#organization\"},\"potentialAction\":[{\"@type\":\"SearchAction\",\"target\":{\"@type\":\"EntryPoint\",\"urlTemplate\":\"https:\\\/\\\/mahle-smartbike.com\\\/?s={search_term_string}\"},\"query-input\":{\"@type\":\"PropertyValueSpecification\",\"valueRequired\":true,\"valueName\":\"search_term_string\"}}],\"inLanguage\":\"fr-FR\"},{\"@type\":\"Organization\",\"@id\":\"https:\\\/\\\/mahle-smartbike.com\\\/#organization\",\"name\":\"MAHLE SmartBike Systems\",\"url\":\"https:\\\/\\\/mahle-smartbike.com\\\/\",\"logo\":{\"@type\":\"ImageObject\",\"inLanguage\":\"fr-FR\",\"@id\":\"https:\\\/\\\/mahle-smartbike.com\\\/#\\\/schema\\\/logo\\\/image\\\/\",\"url\":\"https:\\\/\\\/mahle-smartbike.com\\\/wp-content\\\/uploads\\\/2024\\\/05\\\/MAHLE-SmartBike-Systems-Logo-1-1.jpg\",\"contentUrl\":\"https:\\\/\\\/mahle-smartbike.com\\\/wp-content\\\/uploads\\\/2024\\\/05\\\/MAHLE-SmartBike-Systems-Logo-1-1.jpg\",\"width\":1920,\"height\":1920,\"caption\":\"MAHLE SmartBike Systems\"},\"image\":{\"@id\":\"https:\\\/\\\/mahle-smartbike.com\\\/#\\\/schema\\\/logo\\\/image\\\/\"},\"sameAs\":[\"https:\\\/\\\/www.facebook.com\\\/mahlesmartbikesystems\\\/\",\"https:\\\/\\\/www.instagram.com\\\/mahle_smartbikesystems\\\/\",\"https:\\\/\\\/www.linkedin.com\\\/company\\\/mahlesmartbikesystems\\\/\",\"https:\\\/\\\/www.youtube.com\\\/channel\\\/UCgfNyF-Wtgq0WTlzsV8bDmQ\",\"https:\\\/\\\/www.strava.com\\\/clubs\\\/mahle\",\"https:\\\/\\\/www.tiktok.com\\\/@mahlesmartbikesystems\"]}]}<\/script>\n<!-- \/ Yoast SEO plugin. -->","yoast_head_json":{"title":"Smart Training 2025\u20132026 : am\u00e9liorer votre exp\u00e9rience de conduite - MAHLE SmartBike Systems","description":"Le programme Smart Training 2025\u20132026 renforce les connaissances des revendeurs sur les syst\u00e8mes MAHLE, en \u00e9largissant le r\u00e9seau d\u2019ateliers certifi\u00e9s et en am\u00e9liorant la maintenance, les diagnostics et l\u2019assistance pour les cyclistes.","robots":{"index":"index","follow":"follow","max-snippet":"max-snippet:-1","max-image-preview":"max-image-preview:large","max-video-preview":"max-video-preview:-1"},"canonical":"https:\/\/mahle-smartbike.com\/fr\/content-hub\/smart-training-2025-2026-ameliorer-votre-experience-de-conduite\/","og_locale":"fr_FR","og_type":"article","og_title":"Smart Training 2025\u20132026 : am\u00e9liorer votre exp\u00e9rience de conduite - MAHLE SmartBike Systems","og_description":"Le programme Smart Training 2025\u20132026 renforce les connaissances des revendeurs sur les syst\u00e8mes MAHLE, en \u00e9largissant le r\u00e9seau d\u2019ateliers certifi\u00e9s et en am\u00e9liorant la maintenance, les diagnostics et l\u2019assistance pour les cyclistes.","og_url":"https:\/\/mahle-smartbike.com\/fr\/content-hub\/smart-training-2025-2026-ameliorer-votre-experience-de-conduite\/","og_site_name":"MAHLE SmartBike Systems","article_publisher":"https:\/\/www.facebook.com\/mahlesmartbikesystems\/","article_modified_time":"2026-03-03T10:32:31+00:00","og_image":[{"width":2560,"height":1440,"url":"https:\/\/mahle-smartbike.com\/wp-content\/uploads\/2026\/03\/training_Palencia_2026.webp","type":"image\/webp"}],"twitter_card":"summary_large_image","twitter_misc":{"Dur\u00e9e de lecture estim\u00e9e":"3 minutes"},"schema":{"@context":"https:\/\/schema.org","@graph":[{"@type":"WebPage","@id":"https:\/\/mahle-smartbike.com\/fr\/content-hub\/smart-training-2025-2026-ameliorer-votre-experience-de-conduite\/","url":"https:\/\/mahle-smartbike.com\/fr\/content-hub\/smart-training-2025-2026-ameliorer-votre-experience-de-conduite\/","name":"Smart Training 2025\u20132026 : am\u00e9liorer votre exp\u00e9rience de conduite - MAHLE SmartBike Systems","isPartOf":{"@id":"https:\/\/mahle-smartbike.com\/#website"},"primaryImageOfPage":{"@id":"https:\/\/mahle-smartbike.com\/fr\/content-hub\/smart-training-2025-2026-ameliorer-votre-experience-de-conduite\/#primaryimage"},"image":{"@id":"https:\/\/mahle-smartbike.com\/fr\/content-hub\/smart-training-2025-2026-ameliorer-votre-experience-de-conduite\/#primaryimage"},"thumbnailUrl":"https:\/\/mahle-smartbike.com\/wp-content\/uploads\/2026\/03\/training_Palencia_2026.webp","datePublished":"2026-03-02T12:00:05+00:00","dateModified":"2026-03-03T10:32:31+00:00","description":"Le programme Smart Training 2025\u20132026 renforce les connaissances des revendeurs sur les syst\u00e8mes MAHLE, en \u00e9largissant le r\u00e9seau d\u2019ateliers certifi\u00e9s et en am\u00e9liorant la maintenance, les diagnostics et l\u2019assistance pour les cyclistes.","breadcrumb":{"@id":"https:\/\/mahle-smartbike.com\/fr\/content-hub\/smart-training-2025-2026-ameliorer-votre-experience-de-conduite\/#breadcrumb"},"inLanguage":"fr-FR","potentialAction":[{"@type":"ReadAction","target":["https:\/\/mahle-smartbike.com\/fr\/content-hub\/smart-training-2025-2026-ameliorer-votre-experience-de-conduite\/"]}]},{"@type":"ImageObject","inLanguage":"fr-FR","@id":"https:\/\/mahle-smartbike.com\/fr\/content-hub\/smart-training-2025-2026-ameliorer-votre-experience-de-conduite\/#primaryimage","url":"https:\/\/mahle-smartbike.com\/wp-content\/uploads\/2026\/03\/training_Palencia_2026.webp","contentUrl":"https:\/\/mahle-smartbike.com\/wp-content\/uploads\/2026\/03\/training_Palencia_2026.webp","width":2560,"height":1440},{"@type":"BreadcrumbList","@id":"https:\/\/mahle-smartbike.com\/fr\/content-hub\/smart-training-2025-2026-ameliorer-votre-experience-de-conduite\/#breadcrumb","itemListElement":[{"@type":"ListItem","position":1,"name":"News & Events","item":"https:\/\/mahle-smartbike.com\/fr\/content-hub\/"},{"@type":"ListItem","position":2,"name":"Smart Training 2025\u20132026 : am\u00e9liorer votre exp\u00e9rience de conduite"}]},{"@type":"WebSite","@id":"https:\/\/mahle-smartbike.com\/#website","url":"https:\/\/mahle-smartbike.com\/","name":"MAHLE SmartBike Systems","description":"The lightest ebike systems on the market","publisher":{"@id":"https:\/\/mahle-smartbike.com\/#organization"},"potentialAction":[{"@type":"SearchAction","target":{"@type":"EntryPoint","urlTemplate":"https:\/\/mahle-smartbike.com\/?s={search_term_string}"},"query-input":{"@type":"PropertyValueSpecification","valueRequired":true,"valueName":"search_term_string"}}],"inLanguage":"fr-FR"},{"@type":"Organization","@id":"https:\/\/mahle-smartbike.com\/#organization","name":"MAHLE SmartBike Systems","url":"https:\/\/mahle-smartbike.com\/","logo":{"@type":"ImageObject","inLanguage":"fr-FR","@id":"https:\/\/mahle-smartbike.com\/#\/schema\/logo\/image\/","url":"https:\/\/mahle-smartbike.com\/wp-content\/uploads\/2024\/05\/MAHLE-SmartBike-Systems-Logo-1-1.jpg","contentUrl":"https:\/\/mahle-smartbike.com\/wp-content\/uploads\/2024\/05\/MAHLE-SmartBike-Systems-Logo-1-1.jpg","width":1920,"height":1920,"caption":"MAHLE SmartBike Systems"},"image":{"@id":"https:\/\/mahle-smartbike.com\/#\/schema\/logo\/image\/"},"sameAs":["https:\/\/www.facebook.com\/mahlesmartbikesystems\/","https:\/\/www.instagram.com\/mahle_smartbikesystems\/","https:\/\/www.linkedin.com\/company\/mahlesmartbikesystems\/","https:\/\/www.youtube.com\/channel\/UCgfNyF-Wtgq0WTlzsV8bDmQ","https:\/\/www.strava.com\/clubs\/mahle","https:\/\/www.tiktok.com\/@mahlesmartbikesystems"]}]}},"_links":{"self":[{"href":"https:\/\/mahle-smartbike.com\/fr\/wp-json\/wp\/v2\/news-events\/74623","targetHints":{"allow":["GET"]}}],"collection":[{"href":"https:\/\/mahle-smartbike.com\/fr\/wp-json\/wp\/v2\/news-events"}],"about":[{"href":"https:\/\/mahle-smartbike.com\/fr\/wp-json\/wp\/v2\/types\/news-event"}],"version-history":[{"count":2,"href":"https:\/\/mahle-smartbike.com\/fr\/wp-json\/wp\/v2\/news-events\/74623\/revisions"}],"predecessor-version":[{"id":74689,"href":"https:\/\/mahle-smartbike.com\/fr\/wp-json\/wp\/v2\/news-events\/74623\/revisions\/74689"}],"wp:featuredmedia":[{"embeddable":true,"href":"https:\/\/mahle-smartbike.com\/fr\/wp-json\/wp\/v2\/media\/74591"}],"wp:attachment":[{"href":"https:\/\/mahle-smartbike.com\/fr\/wp-json\/wp\/v2\/media?parent=74623"}],"wp:term":[{"taxonomy":"news-and-events","embeddable":true,"href":"https:\/\/mahle-smartbike.com\/fr\/wp-json\/wp\/v2\/news-and-events?post=74623"}],"curies":[{"name":"wp","href":"https:\/\/api.w.org\/{rel}","templated":true}]}}