{"id":67146,"date":"2025-10-22T16:50:26","date_gmt":"2025-10-22T14:50:26","guid":{"rendered":"https:\/\/mahle-smartbike.com\/?post_type=news-event&#038;p=67146"},"modified":"2025-11-12T16:54:55","modified_gmt":"2025-11-12T14:54:55","slug":"avventura-in-bikepacking-450-km-con-mahle-x20","status":"publish","type":"news-event","link":"https:\/\/mahle-smartbike.com\/it\/content-hub\/avventura-in-bikepacking-450-km-con-mahle-x20\/","title":{"rendered":"Avventura in bikepacking: 450 km con MAHLE X20"},"content":{"rendered":"\t\t<div data-elementor-type=\"wp-post\" data-elementor-id=\"67146\" class=\"elementor elementor-67146 elementor-67103\" data-elementor-post-type=\"news-event\">\n\t\t\t\t\t\t<section class=\"elementor-section elementor-top-section elementor-element elementor-element-7e0634f elementor-section-full_width sticky-inner-header elementor-section-height-min-height elementor-section-height-default elementor-section-items-middle\" data-id=\"7e0634f\" data-element_type=\"section\" data-settings=\"{&quot;background_background&quot;:&quot;classic&quot;,&quot;sticky&quot;:&quot;top&quot;,&quot;sticky_offset&quot;:72,&quot;sticky_on&quot;:[&quot;widescreen&quot;,&quot;desktop&quot;,&quot;tablet&quot;,&quot;mobile_extra&quot;,&quot;mobile&quot;],&quot;sticky_effects_offset&quot;:0,&quot;sticky_anchor_link_offset&quot;:0}\">\n\t\t\t\t\t\t<div class=\"elementor-container elementor-column-gap-default\">\n\t\t\t\t\t<div class=\"elementor-column elementor-col-100 elementor-top-column elementor-element elementor-element-02653c6\" data-id=\"02653c6\" data-element_type=\"column\">\n\t\t\t<div class=\"elementor-widget-wrap elementor-element-populated\">\n\t\t\t\t\t\t<section class=\"elementor-section elementor-inner-section elementor-element elementor-element-43061e7 elementor-section-content-middle elementor-section-boxed elementor-section-height-default elementor-section-height-default\" data-id=\"43061e7\" data-element_type=\"section\">\n\t\t\t\t\t\t<div class=\"elementor-container elementor-column-gap-default\">\n\t\t\t\t\t<div class=\"elementor-column elementor-col-100 elementor-inner-column elementor-element elementor-element-dd224d3\" data-id=\"dd224d3\" data-element_type=\"column\">\n\t\t\t<div class=\"elementor-widget-wrap elementor-element-populated\">\n\t\t\t\t\t\t<div class=\"elementor-element elementor-element-b5d42a5 elementor-widget-tablet__width-initial elementor-widget-mobile_extra__width-initial elementor-widget-mobile__width-initial elementor-widget elementor-widget-heading\" data-id=\"b5d42a5\" data-element_type=\"widget\" data-widget_type=\"heading.default\">\n\t\t\t\t<div class=\"elementor-widget-container\">\n\t\t\t\t\t<h1 class=\"elementor-heading-title elementor-size-default\">Avventura in Bikepacking: 450 km con MAHLE X20<\/h1>\t\t\t\t<\/div>\n\t\t\t\t<\/div>\n\t\t\t\t\t<\/div>\n\t\t<\/div>\n\t\t\t\t\t<\/div>\n\t\t<\/section>\n\t\t\t\t\t<\/div>\n\t\t<\/div>\n\t\t\t\t\t<\/div>\n\t\t<\/section>\n\t\t\t\t<section class=\"elementor-section elementor-top-section elementor-element elementor-element-9839725 elementor-section-full_width elementor-section-height-min-height elementor-section-items-stretch elementor-section-content-top elementor-section-height-default\" data-id=\"9839725\" data-element_type=\"section\" data-settings=\"{&quot;background_background&quot;:&quot;classic&quot;}\">\n\t\t\t\t\t\t<div class=\"elementor-container elementor-column-gap-default\">\n\t\t\t\t\t<div class=\"elementor-column elementor-col-100 elementor-top-column elementor-element elementor-element-eb853f1\" data-id=\"eb853f1\" data-element_type=\"column\" data-settings=\"{&quot;background_background&quot;:&quot;slideshow&quot;,&quot;background_slideshow_gallery&quot;:[],&quot;background_slideshow_loop&quot;:&quot;yes&quot;,&quot;background_slideshow_slide_duration&quot;:5000,&quot;background_slideshow_slide_transition&quot;:&quot;fade&quot;,&quot;background_slideshow_transition_duration&quot;:500}\">\n\t\t\t<div class=\"elementor-widget-wrap\">\n\t\t\t\t\t\t\t<\/div>\n\t\t<\/div>\n\t\t\t\t\t<\/div>\n\t\t<\/section>\n\t\t<div class=\"elementor-element elementor-element-80291d2 e-flex e-con-boxed e-con e-parent\" data-id=\"80291d2\" data-element_type=\"container\">\n\t\t\t\t\t<div class=\"e-con-inner\">\n\t\t\t\t<div class=\"elementor-element elementor-element-c7c53c4 elementor-widget elementor-widget-text-editor\" data-id=\"c7c53c4\" data-element_type=\"widget\" data-widget_type=\"text-editor.default\">\n\t\t\t\t<div class=\"elementor-widget-container\">\n\t\t\t\t\t\t\t\t\t<p>Quattro giorni. 450 km. Infinite strade sterrate e il silenzio dei paesaggi pi\u00f9 selvaggi della Spagna. Ecco di cosa sono fatti i sogni del bikepacking.   <\/p><p>Alberto ha portato la Conor E Selva, e-alimentata dal Sistema MAHLE X20, nel cuore delle Monta\u00f1as Vac\u00edas, un percorso che sfida i ciclisti con isolamento, dislivello e pura avventura.<\/p>\t\t\t\t\t\t\t\t<\/div>\n\t\t\t\t<\/div>\n\t\t\t\t\t<\/div>\n\t\t\t\t<\/div>\n\t\t<div class=\"elementor-element elementor-element-4f8a9c8 e-flex e-con-boxed e-con e-parent\" data-id=\"4f8a9c8\" data-element_type=\"container\">\n\t\t\t\t\t<div class=\"e-con-inner\">\n\t\t\t\t<div class=\"elementor-element elementor-element-1558587 elementor-widget__width-auto elementor-widget elementor-widget-image\" data-id=\"1558587\" data-element_type=\"widget\" data-widget_type=\"image.default\">\n\t\t\t\t<div class=\"elementor-widget-container\">\n\t\t\t\t\t\t\t\t\t\t\t\t\t\t\t<img decoding=\"async\" src=\"https:\/\/mahle-smartbike.com\/wp-content\/uploads\/elementor\/thumbs\/20251015_113037442_iOS-rdkp06g5tiq2zas0awbrkjq4i658tyw9k7wqwijz9c.webp\" title=\"20251015_113037442_iOS\" alt=\"20251015_113037442_iOS\" loading=\"lazy\" \/>\t\t\t\t\t\t\t\t\t\t\t\t\t\t\t<\/div>\n\t\t\t\t<\/div>\n\t\t\t\t<div class=\"elementor-element elementor-element-15fd2f7 elementor-widget elementor-widget-heading\" data-id=\"15fd2f7\" data-element_type=\"widget\" data-widget_type=\"heading.default\">\n\t\t\t\t<div class=\"elementor-widget-container\">\n\t\t\t\t\t<h2 class=\"elementor-heading-title elementor-size-default\">Libert\u00e0 di andare oltre<\/h2>\t\t\t\t<\/div>\n\t\t\t\t<\/div>\n\t\t\t\t<div class=\"elementor-element elementor-element-eb1f140 elementor-widget elementor-widget-text-editor\" data-id=\"eb1f140\" data-element_type=\"widget\" data-widget_type=\"text-editor.default\">\n\t\t\t\t<div class=\"elementor-widget-container\">\n\t\t\t\t\t\t\t\t\t<p>Il Sistema MAHLE X20 \u00e8 progettato per i ciclisti che vogliono superare i propri limiti. Leggero ma potente, offre un&#8217;assistenza naturale che si adatta al tuo sforzo e al terreno, rendendo ogni salita pi\u00f9 fluida e ogni chilometro pi\u00f9 piacevole. <\/p><p>Con la Batteria Esterna eX1 e l&#8217;Energy Hub, Alberto ha esteso la sua autonomia e ha continuato l&#8217;avventura senza compromessi.<\/p>\t\t\t\t\t\t\t\t<\/div>\n\t\t\t\t<\/div>\n\t\t\t\t\t<\/div>\n\t\t\t\t<\/div>\n\t\t<div class=\"elementor-element elementor-element-0c7e11b e-flex e-con-boxed e-con e-parent\" data-id=\"0c7e11b\" data-element_type=\"container\">\n\t\t\t\t\t<div class=\"e-con-inner\">\n\t\t\t\t<div class=\"elementor-element elementor-element-904c474 elementor-widget__width-auto elementor-widget elementor-widget-image\" data-id=\"904c474\" data-element_type=\"widget\" data-widget_type=\"image.default\">\n\t\t\t\t<div class=\"elementor-widget-container\">\n\t\t\t\t\t\t\t\t\t\t\t\t\t\t\t<img decoding=\"async\" src=\"https:\/\/mahle-smartbike.com\/wp-content\/uploads\/elementor\/thumbs\/20251016_134648367_iOS-rdkp00t4oiid1n077tw05l5cxux1js9vjfzu0uscao.webp\" title=\"20251016_134648367_iOS\" alt=\"20251016_134648367_iOS\" loading=\"lazy\" \/>\t\t\t\t\t\t\t\t\t\t\t\t\t\t\t<\/div>\n\t\t\t\t<\/div>\n\t\t\t\t<div class=\"elementor-element elementor-element-d0dcc3f elementor-widget elementor-widget-heading\" data-id=\"d0dcc3f\" data-element_type=\"widget\" data-widget_type=\"heading.default\">\n\t\t\t\t<div class=\"elementor-widget-container\">\n\t\t\t\t\t<h2 class=\"elementor-heading-title elementor-size-default\">Perch\u00e9 X20 \u00e8 fatto per l'avventura<\/h2>\t\t\t\t<\/div>\n\t\t\t\t<\/div>\n\t\t\t\t<div class=\"elementor-element elementor-element-f47eae0 elementor-widget elementor-widget-text-editor\" data-id=\"f47eae0\" data-element_type=\"widget\" data-widget_type=\"text-editor.default\">\n\t\t\t\t<div class=\"elementor-widget-container\">\n\t\t\t\t\t\t\t\t\t<ul><li>Motore ultraleggero (1,39 kg) per una sensazione di guida naturale.<\/li><li>Fino a 65 Nm di coppia e 275 W di potenza di picco.<\/li><li>Estensione modulare dell&#8217;autonomia con Batteria Esterna eX1 <\/li><li>Integrazione perfetta per un design pulito e minimalista.<\/li><\/ul><p> <\/p><p>Monta\u00f1as Vac\u00edas ha dimostrato cosa pu\u00f2 fare il Sistema X20 quando testato in condizioni reali: libert\u00e0, affidabilit\u00e0 e prestazioni dove contano di pi\u00f9.<\/p><ul><li style=\"list-style-type: none;\"> <\/li><\/ul>\t\t\t\t\t\t\t\t<\/div>\n\t\t\t\t<\/div>\n\t\t\t\t<div class=\"elementor-element elementor-element-c4fd3e8 elementor-align-center elementor-widget__width-auto mahle-blue-btn elementor-invisible elementor-widget elementor-widget-button\" data-id=\"c4fd3e8\" data-element_type=\"widget\" data-settings=\"{&quot;_animation&quot;:&quot;fadeInUp&quot;}\" data-widget_type=\"button.default\">\n\t\t\t\t<div class=\"elementor-widget-container\">\n\t\t\t\t\t\t\t\t\t<div class=\"elementor-button-wrapper\">\n\t\t\t\t\t<a class=\"elementor-button elementor-button-link elementor-size-sm\" href=\"https:\/\/mahle-smartbike.com\/it\/sistema-x20\/\">\n\t\t\t\t\t\t<span class=\"elementor-button-content-wrapper\">\n\t\t\t\t\t\t\t\t\t<span class=\"elementor-button-text\">Scopri il Sistema X20<\/span>\n\t\t\t\t\t<\/span>\n\t\t\t\t\t<\/a>\n\t\t\t\t<\/div>\n\t\t\t\t\t\t\t\t<\/div>\n\t\t\t\t<\/div>\n\t\t\t\t\t<\/div>\n\t\t\t\t<\/div>\n\t\t\t\t<\/div>\n\t\t","protected":false},"excerpt":{"rendered":"<p>Quattro giorni. 450 km. Infinite strade sterrate e il silenzio dei paesaggi pi\u00f9 selvaggi della Spagna. Ecco di cosa sono fatti i sogni del bikepacking.   <\/p>\n","protected":false},"featured_media":67133,"parent":0,"menu_order":0,"template":"","news-and-events":[],"class_list":["post-67146","news-event","type-news-event","status-publish","has-post-thumbnail","hentry","news-events-category-storie"],"acf":[],"yoast_head":"<!-- This site is optimized with the Yoast SEO plugin v27.5 - https:\/\/yoast.com\/product\/yoast-seo-wordpress\/ -->\n<title>Avventura in bikepacking: 450 km con MAHLE X20 - MAHLE SmartBike Systems<\/title>\n<meta name=\"description\" content=\"Quattro giorni. 450 km. Infinite strade sterrate e il silenzio dei paesaggi pi\u00f9 selvaggi della Spagna. Ecco di cosa sono fatti i sogni del bikepacking.\" \/>\n<meta name=\"robots\" content=\"index, follow, max-snippet:-1, max-image-preview:large, max-video-preview:-1\" \/>\n<link rel=\"canonical\" href=\"https:\/\/mahle-smartbike.com\/it\/news-event\/avventura-in-bikepacking-450-km-con-mahle-x20\/\" \/>\n<meta property=\"og:locale\" content=\"it_IT\" \/>\n<meta property=\"og:type\" content=\"article\" \/>\n<meta property=\"og:title\" content=\"Avventura in bikepacking: 450 km con MAHLE X20 - MAHLE SmartBike Systems\" \/>\n<meta property=\"og:description\" content=\"Quattro giorni. 450 km. Infinite strade sterrate e il silenzio dei paesaggi pi\u00f9 selvaggi della Spagna. Ecco di cosa sono fatti i sogni del bikepacking.\" \/>\n<meta property=\"og:url\" content=\"https:\/\/mahle-smartbike.com\/it\/news-event\/avventura-in-bikepacking-450-km-con-mahle-x20\/\" \/>\n<meta property=\"og:site_name\" content=\"MAHLE SmartBike Systems\" \/>\n<meta property=\"article:publisher\" content=\"https:\/\/www.facebook.com\/mahlesmartbikesystems\/\" \/>\n<meta property=\"article:modified_time\" content=\"2025-11-12T14:54:55+00:00\" \/>\n<meta property=\"og:image\" content=\"https:\/\/mahle-smartbike.com\/wp-content\/uploads\/2025\/10\/Montanas-Vacias-5-1.webp\" \/>\n\t<meta property=\"og:image:width\" content=\"1920\" \/>\n\t<meta property=\"og:image:height\" content=\"1080\" \/>\n\t<meta property=\"og:image:type\" content=\"image\/webp\" \/>\n<meta name=\"twitter:card\" content=\"summary_large_image\" \/>\n<meta name=\"twitter:label1\" content=\"Tempo di lettura stimato\" \/>\n\t<meta name=\"twitter:data1\" content=\"2 minuti\" \/>\n<script type=\"application\/ld+json\" class=\"yoast-schema-graph\">{\"@context\":\"https:\\\/\\\/schema.org\",\"@graph\":[{\"@type\":\"WebPage\",\"@id\":\"https:\\\/\\\/mahle-smartbike.com\\\/it\\\/news-event\\\/avventura-in-bikepacking-450-km-con-mahle-x20\\\/\",\"url\":\"https:\\\/\\\/mahle-smartbike.com\\\/it\\\/news-event\\\/avventura-in-bikepacking-450-km-con-mahle-x20\\\/\",\"name\":\"Avventura in bikepacking: 450 km con MAHLE X20 - MAHLE SmartBike Systems\",\"isPartOf\":{\"@id\":\"https:\\\/\\\/mahle-smartbike.com\\\/#website\"},\"primaryImageOfPage\":{\"@id\":\"https:\\\/\\\/mahle-smartbike.com\\\/it\\\/news-event\\\/avventura-in-bikepacking-450-km-con-mahle-x20\\\/#primaryimage\"},\"image\":{\"@id\":\"https:\\\/\\\/mahle-smartbike.com\\\/it\\\/news-event\\\/avventura-in-bikepacking-450-km-con-mahle-x20\\\/#primaryimage\"},\"thumbnailUrl\":\"https:\\\/\\\/mahle-smartbike.com\\\/wp-content\\\/uploads\\\/2025\\\/10\\\/Montanas-Vacias-5-1.webp\",\"datePublished\":\"2025-10-22T14:50:26+00:00\",\"dateModified\":\"2025-11-12T14:54:55+00:00\",\"description\":\"Quattro giorni. 450 km. Infinite strade sterrate e il silenzio dei paesaggi pi\u00f9 selvaggi della Spagna. Ecco di cosa sono fatti i sogni del bikepacking.\",\"breadcrumb\":{\"@id\":\"https:\\\/\\\/mahle-smartbike.com\\\/it\\\/news-event\\\/avventura-in-bikepacking-450-km-con-mahle-x20\\\/#breadcrumb\"},\"inLanguage\":\"it-IT\",\"potentialAction\":[{\"@type\":\"ReadAction\",\"target\":[\"https:\\\/\\\/mahle-smartbike.com\\\/it\\\/news-event\\\/avventura-in-bikepacking-450-km-con-mahle-x20\\\/\"]}]},{\"@type\":\"ImageObject\",\"inLanguage\":\"it-IT\",\"@id\":\"https:\\\/\\\/mahle-smartbike.com\\\/it\\\/news-event\\\/avventura-in-bikepacking-450-km-con-mahle-x20\\\/#primaryimage\",\"url\":\"https:\\\/\\\/mahle-smartbike.com\\\/wp-content\\\/uploads\\\/2025\\\/10\\\/Montanas-Vacias-5-1.webp\",\"contentUrl\":\"https:\\\/\\\/mahle-smartbike.com\\\/wp-content\\\/uploads\\\/2025\\\/10\\\/Montanas-Vacias-5-1.webp\",\"width\":1920,\"height\":1080},{\"@type\":\"BreadcrumbList\",\"@id\":\"https:\\\/\\\/mahle-smartbike.com\\\/it\\\/news-event\\\/avventura-in-bikepacking-450-km-con-mahle-x20\\\/#breadcrumb\",\"itemListElement\":[{\"@type\":\"ListItem\",\"position\":1,\"name\":\"News & Events\",\"item\":\"https:\\\/\\\/mahle-smartbike.com\\\/it\\\/content-hub\\\/\"},{\"@type\":\"ListItem\",\"position\":2,\"name\":\"Avventura in bikepacking: 450 km con MAHLE X20\"}]},{\"@type\":\"WebSite\",\"@id\":\"https:\\\/\\\/mahle-smartbike.com\\\/#website\",\"url\":\"https:\\\/\\\/mahle-smartbike.com\\\/\",\"name\":\"MAHLE SmartBike Systems\",\"description\":\"The lightest ebike systems on the market\",\"publisher\":{\"@id\":\"https:\\\/\\\/mahle-smartbike.com\\\/#organization\"},\"potentialAction\":[{\"@type\":\"SearchAction\",\"target\":{\"@type\":\"EntryPoint\",\"urlTemplate\":\"https:\\\/\\\/mahle-smartbike.com\\\/?s={search_term_string}\"},\"query-input\":{\"@type\":\"PropertyValueSpecification\",\"valueRequired\":true,\"valueName\":\"search_term_string\"}}],\"inLanguage\":\"it-IT\"},{\"@type\":\"Organization\",\"@id\":\"https:\\\/\\\/mahle-smartbike.com\\\/#organization\",\"name\":\"MAHLE SmartBike Systems\",\"url\":\"https:\\\/\\\/mahle-smartbike.com\\\/\",\"logo\":{\"@type\":\"ImageObject\",\"inLanguage\":\"it-IT\",\"@id\":\"https:\\\/\\\/mahle-smartbike.com\\\/#\\\/schema\\\/logo\\\/image\\\/\",\"url\":\"https:\\\/\\\/mahle-smartbike.com\\\/wp-content\\\/uploads\\\/2024\\\/05\\\/MAHLE-SmartBike-Systems-Logo-1-1.jpg\",\"contentUrl\":\"https:\\\/\\\/mahle-smartbike.com\\\/wp-content\\\/uploads\\\/2024\\\/05\\\/MAHLE-SmartBike-Systems-Logo-1-1.jpg\",\"width\":1920,\"height\":1920,\"caption\":\"MAHLE SmartBike Systems\"},\"image\":{\"@id\":\"https:\\\/\\\/mahle-smartbike.com\\\/#\\\/schema\\\/logo\\\/image\\\/\"},\"sameAs\":[\"https:\\\/\\\/www.facebook.com\\\/mahlesmartbikesystems\\\/\",\"https:\\\/\\\/www.instagram.com\\\/mahle_smartbikesystems\\\/\",\"https:\\\/\\\/www.linkedin.com\\\/company\\\/mahlesmartbikesystems\\\/\",\"https:\\\/\\\/www.youtube.com\\\/channel\\\/UCgfNyF-Wtgq0WTlzsV8bDmQ\",\"https:\\\/\\\/www.strava.com\\\/clubs\\\/mahle\",\"https:\\\/\\\/www.tiktok.com\\\/@mahlesmartbikesystems\"]}]}<\/script>\n<!-- \/ Yoast SEO plugin. -->","yoast_head_json":{"title":"Avventura in bikepacking: 450 km con MAHLE X20 - MAHLE SmartBike Systems","description":"Quattro giorni. 450 km. Infinite strade sterrate e il silenzio dei paesaggi pi\u00f9 selvaggi della Spagna. Ecco di cosa sono fatti i sogni del bikepacking.","robots":{"index":"index","follow":"follow","max-snippet":"max-snippet:-1","max-image-preview":"max-image-preview:large","max-video-preview":"max-video-preview:-1"},"canonical":"https:\/\/mahle-smartbike.com\/it\/news-event\/avventura-in-bikepacking-450-km-con-mahle-x20\/","og_locale":"it_IT","og_type":"article","og_title":"Avventura in bikepacking: 450 km con MAHLE X20 - MAHLE SmartBike Systems","og_description":"Quattro giorni. 450 km. Infinite strade sterrate e il silenzio dei paesaggi pi\u00f9 selvaggi della Spagna. Ecco di cosa sono fatti i sogni del bikepacking.","og_url":"https:\/\/mahle-smartbike.com\/it\/news-event\/avventura-in-bikepacking-450-km-con-mahle-x20\/","og_site_name":"MAHLE SmartBike Systems","article_publisher":"https:\/\/www.facebook.com\/mahlesmartbikesystems\/","article_modified_time":"2025-11-12T14:54:55+00:00","og_image":[{"width":1920,"height":1080,"url":"https:\/\/mahle-smartbike.com\/wp-content\/uploads\/2025\/10\/Montanas-Vacias-5-1.webp","type":"image\/webp"}],"twitter_card":"summary_large_image","twitter_misc":{"Tempo di lettura stimato":"2 minuti"},"schema":{"@context":"https:\/\/schema.org","@graph":[{"@type":"WebPage","@id":"https:\/\/mahle-smartbike.com\/it\/news-event\/avventura-in-bikepacking-450-km-con-mahle-x20\/","url":"https:\/\/mahle-smartbike.com\/it\/news-event\/avventura-in-bikepacking-450-km-con-mahle-x20\/","name":"Avventura in bikepacking: 450 km con MAHLE X20 - MAHLE SmartBike Systems","isPartOf":{"@id":"https:\/\/mahle-smartbike.com\/#website"},"primaryImageOfPage":{"@id":"https:\/\/mahle-smartbike.com\/it\/news-event\/avventura-in-bikepacking-450-km-con-mahle-x20\/#primaryimage"},"image":{"@id":"https:\/\/mahle-smartbike.com\/it\/news-event\/avventura-in-bikepacking-450-km-con-mahle-x20\/#primaryimage"},"thumbnailUrl":"https:\/\/mahle-smartbike.com\/wp-content\/uploads\/2025\/10\/Montanas-Vacias-5-1.webp","datePublished":"2025-10-22T14:50:26+00:00","dateModified":"2025-11-12T14:54:55+00:00","description":"Quattro giorni. 450 km. Infinite strade sterrate e il silenzio dei paesaggi pi\u00f9 selvaggi della Spagna. Ecco di cosa sono fatti i sogni del bikepacking.","breadcrumb":{"@id":"https:\/\/mahle-smartbike.com\/it\/news-event\/avventura-in-bikepacking-450-km-con-mahle-x20\/#breadcrumb"},"inLanguage":"it-IT","potentialAction":[{"@type":"ReadAction","target":["https:\/\/mahle-smartbike.com\/it\/news-event\/avventura-in-bikepacking-450-km-con-mahle-x20\/"]}]},{"@type":"ImageObject","inLanguage":"it-IT","@id":"https:\/\/mahle-smartbike.com\/it\/news-event\/avventura-in-bikepacking-450-km-con-mahle-x20\/#primaryimage","url":"https:\/\/mahle-smartbike.com\/wp-content\/uploads\/2025\/10\/Montanas-Vacias-5-1.webp","contentUrl":"https:\/\/mahle-smartbike.com\/wp-content\/uploads\/2025\/10\/Montanas-Vacias-5-1.webp","width":1920,"height":1080},{"@type":"BreadcrumbList","@id":"https:\/\/mahle-smartbike.com\/it\/news-event\/avventura-in-bikepacking-450-km-con-mahle-x20\/#breadcrumb","itemListElement":[{"@type":"ListItem","position":1,"name":"News & Events","item":"https:\/\/mahle-smartbike.com\/it\/content-hub\/"},{"@type":"ListItem","position":2,"name":"Avventura in bikepacking: 450 km con MAHLE X20"}]},{"@type":"WebSite","@id":"https:\/\/mahle-smartbike.com\/#website","url":"https:\/\/mahle-smartbike.com\/","name":"MAHLE SmartBike Systems","description":"The lightest ebike systems on the market","publisher":{"@id":"https:\/\/mahle-smartbike.com\/#organization"},"potentialAction":[{"@type":"SearchAction","target":{"@type":"EntryPoint","urlTemplate":"https:\/\/mahle-smartbike.com\/?s={search_term_string}"},"query-input":{"@type":"PropertyValueSpecification","valueRequired":true,"valueName":"search_term_string"}}],"inLanguage":"it-IT"},{"@type":"Organization","@id":"https:\/\/mahle-smartbike.com\/#organization","name":"MAHLE SmartBike Systems","url":"https:\/\/mahle-smartbike.com\/","logo":{"@type":"ImageObject","inLanguage":"it-IT","@id":"https:\/\/mahle-smartbike.com\/#\/schema\/logo\/image\/","url":"https:\/\/mahle-smartbike.com\/wp-content\/uploads\/2024\/05\/MAHLE-SmartBike-Systems-Logo-1-1.jpg","contentUrl":"https:\/\/mahle-smartbike.com\/wp-content\/uploads\/2024\/05\/MAHLE-SmartBike-Systems-Logo-1-1.jpg","width":1920,"height":1920,"caption":"MAHLE SmartBike Systems"},"image":{"@id":"https:\/\/mahle-smartbike.com\/#\/schema\/logo\/image\/"},"sameAs":["https:\/\/www.facebook.com\/mahlesmartbikesystems\/","https:\/\/www.instagram.com\/mahle_smartbikesystems\/","https:\/\/www.linkedin.com\/company\/mahlesmartbikesystems\/","https:\/\/www.youtube.com\/channel\/UCgfNyF-Wtgq0WTlzsV8bDmQ","https:\/\/www.strava.com\/clubs\/mahle","https:\/\/www.tiktok.com\/@mahlesmartbikesystems"]}]}},"_links":{"self":[{"href":"https:\/\/mahle-smartbike.com\/it\/wp-json\/wp\/v2\/news-events\/67146","targetHints":{"allow":["GET"]}}],"collection":[{"href":"https:\/\/mahle-smartbike.com\/it\/wp-json\/wp\/v2\/news-events"}],"about":[{"href":"https:\/\/mahle-smartbike.com\/it\/wp-json\/wp\/v2\/types\/news-event"}],"version-history":[{"count":3,"href":"https:\/\/mahle-smartbike.com\/it\/wp-json\/wp\/v2\/news-events\/67146\/revisions"}],"predecessor-version":[{"id":67159,"href":"https:\/\/mahle-smartbike.com\/it\/wp-json\/wp\/v2\/news-events\/67146\/revisions\/67159"}],"wp:featuredmedia":[{"embeddable":true,"href":"https:\/\/mahle-smartbike.com\/it\/wp-json\/wp\/v2\/media\/67133"}],"wp:attachment":[{"href":"https:\/\/mahle-smartbike.com\/it\/wp-json\/wp\/v2\/media?parent=67146"}],"wp:term":[{"taxonomy":"news-and-events","embeddable":true,"href":"https:\/\/mahle-smartbike.com\/it\/wp-json\/wp\/v2\/news-and-events?post=67146"}],"curies":[{"name":"wp","href":"https:\/\/api.w.org\/{rel}","templated":true}]}}