{"id":70275,"date":"2026-01-05T12:28:58","date_gmt":"2026-01-05T10:28:58","guid":{"rendered":"https:\/\/mahle-smartbike.com\/content-hub\/ritorno-in-strada-incontriamoci-ai-principali-eventi-ciclistici-del-2026\/"},"modified":"2026-02-19T13:38:58","modified_gmt":"2026-02-19T11:38:58","slug":"ritorno-in-strada-incontriamoci-ai-principali-eventi-ciclistici-del-2026","status":"publish","type":"news-event","link":"https:\/\/mahle-smartbike.com\/it\/content-hub\/ritorno-in-strada-incontriamoci-ai-principali-eventi-ciclistici-del-2026\/","title":{"rendered":"Ritorno in strada: incontriamoci ai principali eventi ciclistici del 2026!"},"content":{"rendered":"\t\t<div data-elementor-type=\"wp-post\" data-elementor-id=\"70275\" class=\"elementor elementor-70275 elementor-70233\" data-elementor-post-type=\"news-event\">\n\t\t\t\t\t\t<section class=\"elementor-section elementor-top-section elementor-element elementor-element-7e0634f elementor-section-full_width sticky-inner-header elementor-section-height-min-height elementor-section-height-default elementor-section-items-middle\" data-id=\"7e0634f\" data-element_type=\"section\" data-settings=\"{&quot;background_background&quot;:&quot;classic&quot;,&quot;sticky&quot;:&quot;top&quot;,&quot;sticky_offset&quot;:72,&quot;sticky_on&quot;:[&quot;widescreen&quot;,&quot;desktop&quot;,&quot;tablet&quot;,&quot;mobile_extra&quot;,&quot;mobile&quot;],&quot;sticky_effects_offset&quot;:0,&quot;sticky_anchor_link_offset&quot;:0}\">\n\t\t\t\t\t\t<div class=\"elementor-container elementor-column-gap-default\">\n\t\t\t\t\t<div class=\"elementor-column elementor-col-100 elementor-top-column elementor-element elementor-element-02653c6\" data-id=\"02653c6\" data-element_type=\"column\">\n\t\t\t<div class=\"elementor-widget-wrap elementor-element-populated\">\n\t\t\t\t\t\t<section class=\"elementor-section elementor-inner-section elementor-element elementor-element-43061e7 elementor-section-content-middle elementor-section-boxed elementor-section-height-default elementor-section-height-default\" data-id=\"43061e7\" data-element_type=\"section\">\n\t\t\t\t\t\t<div class=\"elementor-container elementor-column-gap-default\">\n\t\t\t\t\t<div class=\"elementor-column elementor-col-100 elementor-inner-column elementor-element elementor-element-dd224d3\" data-id=\"dd224d3\" data-element_type=\"column\">\n\t\t\t<div class=\"elementor-widget-wrap elementor-element-populated\">\n\t\t\t\t\t\t<div class=\"elementor-element elementor-element-b5d42a5 elementor-widget-tablet__width-initial elementor-widget-mobile_extra__width-initial elementor-widget-mobile__width-initial elementor-widget elementor-widget-heading\" data-id=\"b5d42a5\" data-element_type=\"widget\" data-widget_type=\"heading.default\">\n\t\t\t\t<div class=\"elementor-widget-container\">\n\t\t\t\t\t<h1 class=\"elementor-heading-title elementor-size-default\">Ritorno in strada: incontriamoci ai principali eventi ciclistici del 2026! <\/h1>\t\t\t\t<\/div>\n\t\t\t\t<\/div>\n\t\t\t\t\t<\/div>\n\t\t<\/div>\n\t\t\t\t\t<\/div>\n\t\t<\/section>\n\t\t\t\t\t<\/div>\n\t\t<\/div>\n\t\t\t\t\t<\/div>\n\t\t<\/section>\n\t\t\t\t<section class=\"elementor-section elementor-top-section elementor-element elementor-element-9839725 elementor-section-full_width elementor-section-height-min-height elementor-section-items-stretch elementor-section-content-top elementor-section-height-default\" data-id=\"9839725\" data-element_type=\"section\" data-settings=\"{&quot;background_background&quot;:&quot;classic&quot;}\">\n\t\t\t\t\t\t<div class=\"elementor-container elementor-column-gap-default\">\n\t\t\t\t\t<div class=\"elementor-column elementor-col-100 elementor-top-column elementor-element elementor-element-eb853f1\" data-id=\"eb853f1\" data-element_type=\"column\" data-settings=\"{&quot;background_background&quot;:&quot;slideshow&quot;,&quot;background_slideshow_gallery&quot;:[],&quot;background_slideshow_loop&quot;:&quot;yes&quot;,&quot;background_slideshow_slide_duration&quot;:5000,&quot;background_slideshow_slide_transition&quot;:&quot;fade&quot;,&quot;background_slideshow_transition_duration&quot;:500}\">\n\t\t\t<div class=\"elementor-widget-wrap\">\n\t\t\t\t\t\t\t<\/div>\n\t\t<\/div>\n\t\t\t\t\t<\/div>\n\t\t<\/section>\n\t\t<div class=\"elementor-element elementor-element-80291d2 e-flex e-con-boxed e-con e-parent\" data-id=\"80291d2\" data-element_type=\"container\">\n\t\t\t\t\t<div class=\"e-con-inner\">\n\t\t\t\t<div class=\"elementor-element elementor-element-c7c53c4 elementor-widget elementor-widget-text-editor\" data-id=\"c7c53c4\" data-element_type=\"widget\" data-widget_type=\"text-editor.default\">\n\t\t\t\t<div class=\"elementor-widget-container\">\n\t\t\t\t\t\t\t\t\t<p>Il 2026 segna un anno entusiasmante per MAHLE SmartBike Systems, poich\u00e9 torniamo agli eventi ciclistici pi\u00f9 importanti del mondo. Questi incontri sono pi\u00f9 di semplici esposizioni: sono occasioni per entrare in contatto con ciclisti, marchi e protagonisti del settore, e per mostrare come la nostra tecnologia stia contribuendo a plasmare il futuro della e\u2011Mobility. Dall\u2019Europa all\u2019Asia, saremo presenti agli eventi chiave per condividere innovazione, competenze ed esperienze pratiche. <\/p>\t\t\t\t\t\t\t\t<\/div>\n\t\t\t\t<\/div>\n\t\t\t\t\t<\/div>\n\t\t\t\t<\/div>\n\t\t<div class=\"elementor-element elementor-element-4f8a9c8 e-flex e-con-boxed e-con e-parent\" data-id=\"4f8a9c8\" data-element_type=\"container\">\n\t\t\t\t\t<div class=\"e-con-inner\">\n\t\t\t\t<div class=\"elementor-element elementor-element-1558587 elementor-widget__width-auto elementor-widget elementor-widget-image\" data-id=\"1558587\" data-element_type=\"widget\" data-widget_type=\"image.default\">\n\t\t\t\t<div class=\"elementor-widget-container\">\n\t\t\t\t\t\t\t\t\t\t\t\t\t\t\t<img decoding=\"async\" src=\"https:\/\/mahle-smartbike.com\/wp-content\/uploads\/elementor\/thumbs\/MAHLE_Eurobike_25-9-rh7amq0uuiwsi7asac1rv8s7h6bskgkys89ifb83ls.webp\" title=\"MAHLE_Eurobike_25-9\" alt=\"MAHLE_Eurobike_25-9\" loading=\"lazy\" \/>\t\t\t\t\t\t\t\t\t\t\t\t\t\t\t<\/div>\n\t\t\t\t<\/div>\n\t\t\t\t<div class=\"elementor-element elementor-element-d5e2421 elementor-widget elementor-widget-heading\" data-id=\"d5e2421\" data-element_type=\"widget\" data-widget_type=\"heading.default\">\n\t\t\t\t<div class=\"elementor-widget-container\">\n\t\t\t\t\t<h2 class=\"elementor-heading-title elementor-size-default\">Calendario eventi 2026<\/h2>\t\t\t\t<\/div>\n\t\t\t\t<\/div>\n\t\t\t\t<div class=\"elementor-element elementor-element-eb1f140 elementor-widget elementor-widget-text-editor\" data-id=\"eb1f140\" data-element_type=\"widget\" data-widget_type=\"text-editor.default\">\n\t\t\t\t<div class=\"elementor-widget-container\">\n\t\t\t\t\t\t\t\t\t<p>Il nostro viaggio inizia a gennaio e prosegue per tutto l&#8217;anno con tappe agli eventi ciclistici pi\u00f9 importanti:<\/p><ul><li><strong>Velofollies<\/strong>: 16\u201318 gennaio, Kortrijk, Belgio.<\/li><li><strong>Sea Otter Classics<\/strong>: 16\u201319 aprile, Monterrey, Stati Uniti.<\/li><li><strong>eBike Days<\/strong>: 24\u201326 aprile, Monaco di Baviera, Germania.<\/li><li><strong>Riva Bike Festival<\/strong>: 1\u20134 maggio, Riva del Garda, Italia.<\/li><li><strong>Eurobike<\/strong>: 24\u201327 giugno, Francoforte, Germania.<\/li><li><strong>Technical Press Conference:<\/strong> 2\u20138 luglio, Stoccarda, Germania.<\/li><li><strong>Prodays:<\/strong> 5\u20137 luglio, Parigi, Francia.<\/li><li><strong>Ard Rock<\/strong>: 25\u201327 luglio, Swaledale, Regno Unito.<\/li><li><strong>Italian Bike Festival<\/strong>: 5\u20137 settembre, Misano, Italia.<\/li><li><strong>Taichung Bike Week<\/strong>: 15\u201318 settembre, Taichung, Taiwan.<\/li><li><strong>Sea Otter Europe<\/strong>: 19\u201321 settembre, Girona, Spagna.<\/li><li><strong>Roc d\u2019Azur<\/strong>: 9\u201312 ottobre, Fr\u00e9jus, Francia \u2026e molti altri in arrivo!<\/li><\/ul><p>Questi eventi sono il palcoscenico perfetto per scoprire le ultime tendenze del ciclismo e sperimentare la tecnologia MAHLE in azione.<\/p>\t\t\t\t\t\t\t\t<\/div>\n\t\t\t\t<\/div>\n\t\t\t\t\t<\/div>\n\t\t\t\t<\/div>\n\t\t<div class=\"elementor-element elementor-element-0c7e11b e-flex e-con-boxed e-con e-parent\" data-id=\"0c7e11b\" data-element_type=\"container\">\n\t\t\t\t\t<div class=\"e-con-inner\">\n\t\t\t\t<div class=\"elementor-element elementor-element-904c474 elementor-widget__width-auto elementor-widget elementor-widget-image\" data-id=\"904c474\" data-element_type=\"widget\" data-widget_type=\"image.default\">\n\t\t\t\t<div class=\"elementor-widget-container\">\n\t\t\t\t\t\t\t\t\t\t\t\t\t\t\t<img decoding=\"async\" src=\"https:\/\/mahle-smartbike.com\/wp-content\/uploads\/elementor\/thumbs\/MAHLE_Eurobike_25-43-rh7amsudf10nh16otv9nkq2l9bxw7jw5sm7yv53x34.webp\" title=\"MAHLE_Eurobike_25-43\" alt=\"MAHLE_Eurobike_25-43\" loading=\"lazy\" \/>\t\t\t\t\t\t\t\t\t\t\t\t\t\t\t<\/div>\n\t\t\t\t<\/div>\n\t\t\t\t<div class=\"elementor-element elementor-element-e840cd6 elementor-widget elementor-widget-heading\" data-id=\"e840cd6\" data-element_type=\"widget\" data-widget_type=\"heading.default\">\n\t\t\t\t<div class=\"elementor-widget-container\">\n\t\t\t\t\t<h2 class=\"elementor-heading-title elementor-size-default\">Scopri il futuro dei sistemi per eBike<\/h2>\t\t\t\t<\/div>\n\t\t\t\t<\/div>\n\t\t\t\t<div class=\"elementor-element elementor-element-f47eae0 elementor-widget elementor-widget-text-editor\" data-id=\"f47eae0\" data-element_type=\"widget\" data-widget_type=\"text-editor.default\">\n\t\t\t\t<div class=\"elementor-widget-container\">\n\t\t\t\t\t\t\t\t\t<p>In ogni evento, presenteremo la nostra gamma completa di sistemi per eBike delle serie X e M, che rappresentano il meglio in termini di design leggero, integrazione e prestazioni.<\/p><p>I visitatori potranno anche scoprire accessori che migliorano l&#8217;autonomia e la connettivit\u00e0, come la batteria esterna eX1, il Gateway e il controller Duo, tutti progettati per offrire un&#8217;esperienza di guida pi\u00f9 intelligente e connessa all&#8217;interno dell&#8217;ONE Ecosystem.<\/p><p>Il nostro team di esperti sar\u00e0 a disposizione per fornire approfondimenti su come questa piattaforma digitale offre funzionalit\u00e0 avanzate come la configurazione della mappatura del motore, gli aggiornamenti del firmware OTA e la connettivit\u00e0 in tempo reale, creando un&#8217;esperienza completamente personalizzata per ogni ciclista.<\/p>\t\t\t\t\t\t\t\t<\/div>\n\t\t\t\t<\/div>\n\t\t\t\t\t<\/div>\n\t\t\t\t<\/div>\n\t\t<div class=\"elementor-element elementor-element-b93a45f e-flex e-con-boxed e-con e-parent\" data-id=\"b93a45f\" data-element_type=\"container\">\n\t\t\t\t\t<div class=\"e-con-inner\">\n\t\t\t\t<div class=\"elementor-element elementor-element-cc7deab elementor-widget__width-auto elementor-widget elementor-widget-image\" data-id=\"cc7deab\" data-element_type=\"widget\" data-widget_type=\"image.default\">\n\t\t\t\t<div class=\"elementor-widget-container\">\n\t\t\t\t\t\t\t\t\t\t\t\t\t\t\t<img decoding=\"async\" src=\"https:\/\/mahle-smartbike.com\/wp-content\/uploads\/elementor\/thumbs\/MAHLE_Eurobike_25-2-rh7amvnvzj4ifv2ldehja7cz1hjzun7ct06fayzqkg.webp\" title=\"MAHLE_Eurobike_25-2\" alt=\"MAHLE_Eurobike_25-2\" loading=\"lazy\" \/>\t\t\t\t\t\t\t\t\t\t\t\t\t\t\t<\/div>\n\t\t\t\t<\/div>\n\t\t\t\t<div class=\"elementor-element elementor-element-a18c37a elementor-widget elementor-widget-heading\" data-id=\"a18c37a\" data-element_type=\"widget\" data-widget_type=\"heading.default\">\n\t\t\t\t<div class=\"elementor-widget-container\">\n\t\t\t\t\t<h2 class=\"elementor-heading-title elementor-size-default\">Perch\u00e9 visitarci?<\/h2>\t\t\t\t<\/div>\n\t\t\t\t<\/div>\n\t\t\t\t<div class=\"elementor-element elementor-element-01716ad elementor-widget elementor-widget-text-editor\" data-id=\"01716ad\" data-element_type=\"widget\" data-widget_type=\"text-editor.default\">\n\t\t\t\t<div class=\"elementor-widget-container\">\n\t\t\t\t\t\t\t\t\t<p>Unirsi a noi in questi eventi significa pi\u00f9 che scoprire prodotti, significa vivere l&#8217;esperienza. Avrai la possibilit\u00e0 di testare le eBike dotate di sistemi MAHLE, sentire la differenza in termini di prestazioni e integrazione e imparare direttamente dai nostri specialisti la tecnologia alla base delle nostre soluzioni. Per OEM e rivenditori, questi eventi sono la piattaforma ideale per esplorare nuove opportunit\u00e0 di business, scoprire i prossimi modelli di bici dotati di sistemi MAHLE e vedere come le nostre soluzioni possono elevare la tua offerta di eBike.  <\/p>\t\t\t\t\t\t\t\t<\/div>\n\t\t\t\t<\/div>\n\t\t\t\t\t<\/div>\n\t\t\t\t<\/div>\n\t\t<div class=\"elementor-element elementor-element-8be3cbe e-flex e-con-boxed e-con e-parent\" data-id=\"8be3cbe\" data-element_type=\"container\">\n\t\t\t\t\t<div class=\"e-con-inner\">\n\t\t\t\t<div class=\"elementor-element elementor-element-7079a02 elementor-widget__width-auto elementor-widget elementor-widget-image\" data-id=\"7079a02\" data-element_type=\"widget\" data-widget_type=\"image.default\">\n\t\t\t\t<div class=\"elementor-widget-container\">\n\t\t\t\t\t\t\t\t\t\t\t\t\t\t\t<img decoding=\"async\" src=\"https:\/\/mahle-smartbike.com\/wp-content\/uploads\/elementor\/thumbs\/MAHLE_Eurobike_25-60-rh7amn7ca0sxjdevqstw5rhtp0poxd9rrub1zhca4g.webp\" title=\"MAHLE_Eurobike_25-60\" alt=\"MAHLE_Eurobike_25-60\" loading=\"lazy\" \/>\t\t\t\t\t\t\t\t\t\t\t\t\t\t\t<\/div>\n\t\t\t\t<\/div>\n\t\t\t\t<div class=\"elementor-element elementor-element-eea5da2 elementor-widget elementor-widget-heading\" data-id=\"eea5da2\" data-element_type=\"widget\" data-widget_type=\"heading.default\">\n\t\t\t\t<div class=\"elementor-widget-container\">\n\t\t\t\t\t<h2 class=\"elementor-heading-title elementor-size-default\">Rafforzare le partnership<\/h2>\t\t\t\t<\/div>\n\t\t\t\t<\/div>\n\t\t\t\t<div class=\"elementor-element elementor-element-c1f2b8b elementor-widget elementor-widget-text-editor\" data-id=\"c1f2b8b\" data-element_type=\"widget\" data-widget_type=\"text-editor.default\">\n\t\t\t\t<div class=\"elementor-widget-container\">\n\t\t\t\t\t\t\t\t\t<p>Nel 2026, rafforzeremo la nostra presenza alle fiere B2B ed espanderemo le collaborazioni con i marchi OEM. Aspettatevi di vedere nuovi modelli di bici dotati di sistemi MAHLE nelle categorie urban, gravel, road e MTB. Queste partnership evidenziano come la nostra tecnologia aiuta i marchi a fornire eBike pi\u00f9 leggere, intelligenti ed efficienti.  <\/p>\t\t\t\t\t\t\t\t<\/div>\n\t\t\t\t<\/div>\n\t\t\t\t\t<\/div>\n\t\t\t\t<\/div>\n\t\t<div class=\"elementor-element elementor-element-f806162 e-flex e-con-boxed e-con e-parent\" data-id=\"f806162\" data-element_type=\"container\">\n\t\t\t\t\t<div class=\"e-con-inner\">\n\t\t\t\t<div class=\"elementor-element elementor-element-b848175 elementor-widget__width-auto elementor-widget elementor-widget-image\" data-id=\"b848175\" data-element_type=\"widget\" data-widget_type=\"image.default\">\n\t\t\t\t<div class=\"elementor-widget-container\">\n\t\t\t\t\t\t\t\t\t\t\t\t\t\t\t<img decoding=\"async\" src=\"https:\/\/mahle-smartbike.com\/wp-content\/uploads\/elementor\/thumbs\/Back-to-the-road-2026-1-rh7amyhek18deoyhwxpezonctn63hqijte4vqsvk1s.webp\" title=\"Back to the road 2026 (1)\" alt=\"Back to the road 2026 (1)\" loading=\"lazy\" \/>\t\t\t\t\t\t\t\t\t\t\t\t\t\t\t<\/div>\n\t\t\t\t<\/div>\n\t\t\t\t<div class=\"elementor-element elementor-element-3777ca0 elementor-widget elementor-widget-text-editor\" data-id=\"3777ca0\" data-element_type=\"widget\" data-widget_type=\"text-editor.default\">\n\t\t\t\t<div class=\"elementor-widget-container\">\n\t\t\t\t\t\t\t\t\t<p><strong><span class=\"notion-enable-hover\" data-token-index=\"0\">Rimani connesso<\/span>:<\/strong> Seguici sui social media e iscriviti alla nostra newsletter per rimanere aggiornato.<\/p>\t\t\t\t\t\t\t\t<\/div>\n\t\t\t\t<\/div>\n\t\t\t\t\t<\/div>\n\t\t\t\t<\/div>\n\t\t\t\t<\/div>\n\t\t","protected":false},"excerpt":{"rendered":"<p>Il 2026 segna un anno entusiasmante per MAHLE SmartBike Systems, poich\u00e9 torniamo agli eventi ciclistici pi\u00f9 importanti del mondo. Questi incontri sono pi\u00f9 che semplici esposizioni, sono opportunit\u00e0 per entrare in contatto con ciclisti, marchi e leader del settore e per mostrare come la nostra tecnologia sta plasmando il futuro della mobilit\u00e0 elettrica. Dall&#8217;Europa all&#8217;Asia, saremo presenti agli eventi chiave per condividere innovazione, competenza ed esperienze pratiche.  <\/p>\n","protected":false},"featured_media":70262,"parent":0,"menu_order":0,"template":"","news-and-events":[],"class_list":["post-70275","news-event","type-news-event","status-publish","has-post-thumbnail","hentry","news-events-category-evento"],"acf":[],"yoast_head":"<!-- This site is optimized with the Yoast SEO plugin v27.5 - https:\/\/yoast.com\/product\/yoast-seo-wordpress\/ -->\n<title>Ritorno in strada: incontriamoci ai principali eventi ciclistici del 2026! - MAHLE SmartBike Systems<\/title>\n<meta name=\"description\" content=\"Il 2026 segna un anno entusiasmante per MAHLE SmartBike Systems, poich\u00e9 torniamo agli eventi ciclistici pi\u00f9 importanti del mondo.\" \/>\n<meta name=\"robots\" content=\"index, follow, max-snippet:-1, max-image-preview:large, max-video-preview:-1\" \/>\n<link rel=\"canonical\" href=\"https:\/\/mahle-smartbike.com\/it\/content-hub\/ritorno-in-strada-incontriamoci-ai-principali-eventi-ciclistici-del-2026\/\" \/>\n<meta property=\"og:locale\" content=\"it_IT\" \/>\n<meta property=\"og:type\" content=\"article\" \/>\n<meta property=\"og:title\" content=\"Ritorno in strada: incontriamoci ai principali eventi ciclistici del 2026! - MAHLE SmartBike Systems\" \/>\n<meta property=\"og:description\" content=\"Il 2026 segna un anno entusiasmante per MAHLE SmartBike Systems, poich\u00e9 torniamo agli eventi ciclistici pi\u00f9 importanti del mondo.\" \/>\n<meta property=\"og:url\" content=\"https:\/\/mahle-smartbike.com\/it\/content-hub\/ritorno-in-strada-incontriamoci-ai-principali-eventi-ciclistici-del-2026\/\" \/>\n<meta property=\"og:site_name\" content=\"MAHLE SmartBike Systems\" \/>\n<meta property=\"article:publisher\" content=\"https:\/\/www.facebook.com\/mahlesmartbikesystems\/\" \/>\n<meta property=\"article:modified_time\" content=\"2026-02-19T11:38:58+00:00\" \/>\n<meta property=\"og:image\" content=\"https:\/\/mahle-smartbike.com\/wp-content\/uploads\/2026\/01\/Back-to-the-road-2026.webp\" \/>\n\t<meta property=\"og:image:width\" content=\"2560\" \/>\n\t<meta property=\"og:image:height\" content=\"1707\" \/>\n\t<meta property=\"og:image:type\" content=\"image\/webp\" \/>\n<meta name=\"twitter:card\" content=\"summary_large_image\" \/>\n<meta name=\"twitter:label1\" content=\"Tempo di lettura stimato\" \/>\n\t<meta name=\"twitter:data1\" content=\"2 minuti\" \/>\n<script type=\"application\/ld+json\" class=\"yoast-schema-graph\">{\"@context\":\"https:\\\/\\\/schema.org\",\"@graph\":[{\"@type\":\"WebPage\",\"@id\":\"https:\\\/\\\/mahle-smartbike.com\\\/it\\\/content-hub\\\/ritorno-in-strada-incontriamoci-ai-principali-eventi-ciclistici-del-2026\\\/\",\"url\":\"https:\\\/\\\/mahle-smartbike.com\\\/it\\\/content-hub\\\/ritorno-in-strada-incontriamoci-ai-principali-eventi-ciclistici-del-2026\\\/\",\"name\":\"Ritorno in strada: incontriamoci ai principali eventi ciclistici del 2026! - MAHLE SmartBike Systems\",\"isPartOf\":{\"@id\":\"https:\\\/\\\/mahle-smartbike.com\\\/#website\"},\"primaryImageOfPage\":{\"@id\":\"https:\\\/\\\/mahle-smartbike.com\\\/it\\\/content-hub\\\/ritorno-in-strada-incontriamoci-ai-principali-eventi-ciclistici-del-2026\\\/#primaryimage\"},\"image\":{\"@id\":\"https:\\\/\\\/mahle-smartbike.com\\\/it\\\/content-hub\\\/ritorno-in-strada-incontriamoci-ai-principali-eventi-ciclistici-del-2026\\\/#primaryimage\"},\"thumbnailUrl\":\"https:\\\/\\\/mahle-smartbike.com\\\/wp-content\\\/uploads\\\/2026\\\/01\\\/Back-to-the-road-2026.webp\",\"datePublished\":\"2026-01-05T10:28:58+00:00\",\"dateModified\":\"2026-02-19T11:38:58+00:00\",\"description\":\"Il 2026 segna un anno entusiasmante per MAHLE SmartBike Systems, poich\u00e9 torniamo agli eventi ciclistici pi\u00f9 importanti del mondo.\",\"breadcrumb\":{\"@id\":\"https:\\\/\\\/mahle-smartbike.com\\\/it\\\/content-hub\\\/ritorno-in-strada-incontriamoci-ai-principali-eventi-ciclistici-del-2026\\\/#breadcrumb\"},\"inLanguage\":\"it-IT\",\"potentialAction\":[{\"@type\":\"ReadAction\",\"target\":[\"https:\\\/\\\/mahle-smartbike.com\\\/it\\\/content-hub\\\/ritorno-in-strada-incontriamoci-ai-principali-eventi-ciclistici-del-2026\\\/\"]}]},{\"@type\":\"ImageObject\",\"inLanguage\":\"it-IT\",\"@id\":\"https:\\\/\\\/mahle-smartbike.com\\\/it\\\/content-hub\\\/ritorno-in-strada-incontriamoci-ai-principali-eventi-ciclistici-del-2026\\\/#primaryimage\",\"url\":\"https:\\\/\\\/mahle-smartbike.com\\\/wp-content\\\/uploads\\\/2026\\\/01\\\/Back-to-the-road-2026.webp\",\"contentUrl\":\"https:\\\/\\\/mahle-smartbike.com\\\/wp-content\\\/uploads\\\/2026\\\/01\\\/Back-to-the-road-2026.webp\",\"width\":2560,\"height\":1707},{\"@type\":\"BreadcrumbList\",\"@id\":\"https:\\\/\\\/mahle-smartbike.com\\\/it\\\/content-hub\\\/ritorno-in-strada-incontriamoci-ai-principali-eventi-ciclistici-del-2026\\\/#breadcrumb\",\"itemListElement\":[{\"@type\":\"ListItem\",\"position\":1,\"name\":\"News & Events\",\"item\":\"https:\\\/\\\/mahle-smartbike.com\\\/it\\\/content-hub\\\/\"},{\"@type\":\"ListItem\",\"position\":2,\"name\":\"Ritorno in strada: incontriamoci ai principali eventi ciclistici del 2026!\"}]},{\"@type\":\"WebSite\",\"@id\":\"https:\\\/\\\/mahle-smartbike.com\\\/#website\",\"url\":\"https:\\\/\\\/mahle-smartbike.com\\\/\",\"name\":\"MAHLE SmartBike Systems\",\"description\":\"The lightest ebike systems on the market\",\"publisher\":{\"@id\":\"https:\\\/\\\/mahle-smartbike.com\\\/#organization\"},\"potentialAction\":[{\"@type\":\"SearchAction\",\"target\":{\"@type\":\"EntryPoint\",\"urlTemplate\":\"https:\\\/\\\/mahle-smartbike.com\\\/?s={search_term_string}\"},\"query-input\":{\"@type\":\"PropertyValueSpecification\",\"valueRequired\":true,\"valueName\":\"search_term_string\"}}],\"inLanguage\":\"it-IT\"},{\"@type\":\"Organization\",\"@id\":\"https:\\\/\\\/mahle-smartbike.com\\\/#organization\",\"name\":\"MAHLE SmartBike Systems\",\"url\":\"https:\\\/\\\/mahle-smartbike.com\\\/\",\"logo\":{\"@type\":\"ImageObject\",\"inLanguage\":\"it-IT\",\"@id\":\"https:\\\/\\\/mahle-smartbike.com\\\/#\\\/schema\\\/logo\\\/image\\\/\",\"url\":\"https:\\\/\\\/mahle-smartbike.com\\\/wp-content\\\/uploads\\\/2024\\\/05\\\/MAHLE-SmartBike-Systems-Logo-1-1.jpg\",\"contentUrl\":\"https:\\\/\\\/mahle-smartbike.com\\\/wp-content\\\/uploads\\\/2024\\\/05\\\/MAHLE-SmartBike-Systems-Logo-1-1.jpg\",\"width\":1920,\"height\":1920,\"caption\":\"MAHLE SmartBike Systems\"},\"image\":{\"@id\":\"https:\\\/\\\/mahle-smartbike.com\\\/#\\\/schema\\\/logo\\\/image\\\/\"},\"sameAs\":[\"https:\\\/\\\/www.facebook.com\\\/mahlesmartbikesystems\\\/\",\"https:\\\/\\\/www.instagram.com\\\/mahle_smartbikesystems\\\/\",\"https:\\\/\\\/www.linkedin.com\\\/company\\\/mahlesmartbikesystems\\\/\",\"https:\\\/\\\/www.youtube.com\\\/channel\\\/UCgfNyF-Wtgq0WTlzsV8bDmQ\",\"https:\\\/\\\/www.strava.com\\\/clubs\\\/mahle\",\"https:\\\/\\\/www.tiktok.com\\\/@mahlesmartbikesystems\"]}]}<\/script>\n<!-- \/ Yoast SEO plugin. -->","yoast_head_json":{"title":"Ritorno in strada: incontriamoci ai principali eventi ciclistici del 2026! - MAHLE SmartBike Systems","description":"Il 2026 segna un anno entusiasmante per MAHLE SmartBike Systems, poich\u00e9 torniamo agli eventi ciclistici pi\u00f9 importanti del mondo.","robots":{"index":"index","follow":"follow","max-snippet":"max-snippet:-1","max-image-preview":"max-image-preview:large","max-video-preview":"max-video-preview:-1"},"canonical":"https:\/\/mahle-smartbike.com\/it\/content-hub\/ritorno-in-strada-incontriamoci-ai-principali-eventi-ciclistici-del-2026\/","og_locale":"it_IT","og_type":"article","og_title":"Ritorno in strada: incontriamoci ai principali eventi ciclistici del 2026! - MAHLE SmartBike Systems","og_description":"Il 2026 segna un anno entusiasmante per MAHLE SmartBike Systems, poich\u00e9 torniamo agli eventi ciclistici pi\u00f9 importanti del mondo.","og_url":"https:\/\/mahle-smartbike.com\/it\/content-hub\/ritorno-in-strada-incontriamoci-ai-principali-eventi-ciclistici-del-2026\/","og_site_name":"MAHLE SmartBike Systems","article_publisher":"https:\/\/www.facebook.com\/mahlesmartbikesystems\/","article_modified_time":"2026-02-19T11:38:58+00:00","og_image":[{"width":2560,"height":1707,"url":"https:\/\/mahle-smartbike.com\/wp-content\/uploads\/2026\/01\/Back-to-the-road-2026.webp","type":"image\/webp"}],"twitter_card":"summary_large_image","twitter_misc":{"Tempo di lettura stimato":"2 minuti"},"schema":{"@context":"https:\/\/schema.org","@graph":[{"@type":"WebPage","@id":"https:\/\/mahle-smartbike.com\/it\/content-hub\/ritorno-in-strada-incontriamoci-ai-principali-eventi-ciclistici-del-2026\/","url":"https:\/\/mahle-smartbike.com\/it\/content-hub\/ritorno-in-strada-incontriamoci-ai-principali-eventi-ciclistici-del-2026\/","name":"Ritorno in strada: incontriamoci ai principali eventi ciclistici del 2026! - MAHLE SmartBike Systems","isPartOf":{"@id":"https:\/\/mahle-smartbike.com\/#website"},"primaryImageOfPage":{"@id":"https:\/\/mahle-smartbike.com\/it\/content-hub\/ritorno-in-strada-incontriamoci-ai-principali-eventi-ciclistici-del-2026\/#primaryimage"},"image":{"@id":"https:\/\/mahle-smartbike.com\/it\/content-hub\/ritorno-in-strada-incontriamoci-ai-principali-eventi-ciclistici-del-2026\/#primaryimage"},"thumbnailUrl":"https:\/\/mahle-smartbike.com\/wp-content\/uploads\/2026\/01\/Back-to-the-road-2026.webp","datePublished":"2026-01-05T10:28:58+00:00","dateModified":"2026-02-19T11:38:58+00:00","description":"Il 2026 segna un anno entusiasmante per MAHLE SmartBike Systems, poich\u00e9 torniamo agli eventi ciclistici pi\u00f9 importanti del mondo.","breadcrumb":{"@id":"https:\/\/mahle-smartbike.com\/it\/content-hub\/ritorno-in-strada-incontriamoci-ai-principali-eventi-ciclistici-del-2026\/#breadcrumb"},"inLanguage":"it-IT","potentialAction":[{"@type":"ReadAction","target":["https:\/\/mahle-smartbike.com\/it\/content-hub\/ritorno-in-strada-incontriamoci-ai-principali-eventi-ciclistici-del-2026\/"]}]},{"@type":"ImageObject","inLanguage":"it-IT","@id":"https:\/\/mahle-smartbike.com\/it\/content-hub\/ritorno-in-strada-incontriamoci-ai-principali-eventi-ciclistici-del-2026\/#primaryimage","url":"https:\/\/mahle-smartbike.com\/wp-content\/uploads\/2026\/01\/Back-to-the-road-2026.webp","contentUrl":"https:\/\/mahle-smartbike.com\/wp-content\/uploads\/2026\/01\/Back-to-the-road-2026.webp","width":2560,"height":1707},{"@type":"BreadcrumbList","@id":"https:\/\/mahle-smartbike.com\/it\/content-hub\/ritorno-in-strada-incontriamoci-ai-principali-eventi-ciclistici-del-2026\/#breadcrumb","itemListElement":[{"@type":"ListItem","position":1,"name":"News & Events","item":"https:\/\/mahle-smartbike.com\/it\/content-hub\/"},{"@type":"ListItem","position":2,"name":"Ritorno in strada: incontriamoci ai principali eventi ciclistici del 2026!"}]},{"@type":"WebSite","@id":"https:\/\/mahle-smartbike.com\/#website","url":"https:\/\/mahle-smartbike.com\/","name":"MAHLE SmartBike Systems","description":"The lightest ebike systems on the market","publisher":{"@id":"https:\/\/mahle-smartbike.com\/#organization"},"potentialAction":[{"@type":"SearchAction","target":{"@type":"EntryPoint","urlTemplate":"https:\/\/mahle-smartbike.com\/?s={search_term_string}"},"query-input":{"@type":"PropertyValueSpecification","valueRequired":true,"valueName":"search_term_string"}}],"inLanguage":"it-IT"},{"@type":"Organization","@id":"https:\/\/mahle-smartbike.com\/#organization","name":"MAHLE SmartBike Systems","url":"https:\/\/mahle-smartbike.com\/","logo":{"@type":"ImageObject","inLanguage":"it-IT","@id":"https:\/\/mahle-smartbike.com\/#\/schema\/logo\/image\/","url":"https:\/\/mahle-smartbike.com\/wp-content\/uploads\/2024\/05\/MAHLE-SmartBike-Systems-Logo-1-1.jpg","contentUrl":"https:\/\/mahle-smartbike.com\/wp-content\/uploads\/2024\/05\/MAHLE-SmartBike-Systems-Logo-1-1.jpg","width":1920,"height":1920,"caption":"MAHLE SmartBike Systems"},"image":{"@id":"https:\/\/mahle-smartbike.com\/#\/schema\/logo\/image\/"},"sameAs":["https:\/\/www.facebook.com\/mahlesmartbikesystems\/","https:\/\/www.instagram.com\/mahle_smartbikesystems\/","https:\/\/www.linkedin.com\/company\/mahlesmartbikesystems\/","https:\/\/www.youtube.com\/channel\/UCgfNyF-Wtgq0WTlzsV8bDmQ","https:\/\/www.strava.com\/clubs\/mahle","https:\/\/www.tiktok.com\/@mahlesmartbikesystems"]}]}},"_links":{"self":[{"href":"https:\/\/mahle-smartbike.com\/it\/wp-json\/wp\/v2\/news-events\/70275","targetHints":{"allow":["GET"]}}],"collection":[{"href":"https:\/\/mahle-smartbike.com\/it\/wp-json\/wp\/v2\/news-events"}],"about":[{"href":"https:\/\/mahle-smartbike.com\/it\/wp-json\/wp\/v2\/types\/news-event"}],"version-history":[{"count":4,"href":"https:\/\/mahle-smartbike.com\/it\/wp-json\/wp\/v2\/news-events\/70275\/revisions"}],"predecessor-version":[{"id":73911,"href":"https:\/\/mahle-smartbike.com\/it\/wp-json\/wp\/v2\/news-events\/70275\/revisions\/73911"}],"wp:featuredmedia":[{"embeddable":true,"href":"https:\/\/mahle-smartbike.com\/it\/wp-json\/wp\/v2\/media\/70262"}],"wp:attachment":[{"href":"https:\/\/mahle-smartbike.com\/it\/wp-json\/wp\/v2\/media?parent=70275"}],"wp:term":[{"taxonomy":"news-and-events","embeddable":true,"href":"https:\/\/mahle-smartbike.com\/it\/wp-json\/wp\/v2\/news-and-events?post=70275"}],"curies":[{"name":"wp","href":"https:\/\/api.w.org\/{rel}","templated":true}]}}