{"id":70868,"date":"2026-01-12T14:04:47","date_gmt":"2026-01-12T12:04:47","guid":{"rendered":"https:\/\/mahle-smartbike.com\/content-hub\/rimani-connesso-compatibilita-tra-i-sistemi-ebike-mahle-e-garmin\/"},"modified":"2026-01-12T14:35:57","modified_gmt":"2026-01-12T12:35:57","slug":"rimani-connesso-compatibilita-tra-i-sistemi-ebike-mahle-e-garmin","status":"publish","type":"news-event","link":"https:\/\/mahle-smartbike.com\/it\/content-hub\/rimani-connesso-compatibilita-tra-i-sistemi-ebike-mahle-e-garmin\/","title":{"rendered":"Rimani connesso: compatibilit\u00e0 tra i Sistemi eBike MAHLE e Garmin"},"content":{"rendered":"\t\t<div data-elementor-type=\"wp-post\" data-elementor-id=\"70868\" class=\"elementor elementor-70868 elementor-70815\" data-elementor-post-type=\"news-event\">\n\t\t\t\t\t\t<section class=\"elementor-section elementor-top-section elementor-element elementor-element-7e0634f elementor-section-full_width sticky-inner-header elementor-section-height-min-height elementor-section-height-default elementor-section-items-middle\" data-id=\"7e0634f\" data-element_type=\"section\" data-settings=\"{&quot;background_background&quot;:&quot;classic&quot;,&quot;sticky&quot;:&quot;top&quot;,&quot;sticky_offset&quot;:72,&quot;sticky_on&quot;:[&quot;widescreen&quot;,&quot;desktop&quot;,&quot;tablet&quot;,&quot;mobile_extra&quot;,&quot;mobile&quot;],&quot;sticky_effects_offset&quot;:0,&quot;sticky_anchor_link_offset&quot;:0}\">\n\t\t\t\t\t\t<div class=\"elementor-container elementor-column-gap-default\">\n\t\t\t\t\t<div class=\"elementor-column elementor-col-100 elementor-top-column elementor-element elementor-element-02653c6\" data-id=\"02653c6\" data-element_type=\"column\">\n\t\t\t<div class=\"elementor-widget-wrap elementor-element-populated\">\n\t\t\t\t\t\t<section class=\"elementor-section elementor-inner-section elementor-element elementor-element-43061e7 elementor-section-content-middle elementor-section-boxed elementor-section-height-default elementor-section-height-default\" data-id=\"43061e7\" data-element_type=\"section\">\n\t\t\t\t\t\t<div class=\"elementor-container elementor-column-gap-default\">\n\t\t\t\t\t<div class=\"elementor-column elementor-col-100 elementor-inner-column elementor-element elementor-element-dd224d3\" data-id=\"dd224d3\" data-element_type=\"column\">\n\t\t\t<div class=\"elementor-widget-wrap elementor-element-populated\">\n\t\t\t\t\t\t<div class=\"elementor-element elementor-element-b5d42a5 elementor-widget-tablet__width-initial elementor-widget-mobile_extra__width-initial elementor-widget-mobile__width-initial elementor-widget elementor-widget-heading\" data-id=\"b5d42a5\" data-element_type=\"widget\" data-widget_type=\"heading.default\">\n\t\t\t\t<div class=\"elementor-widget-container\">\n\t\t\t\t\t<h1 class=\"elementor-heading-title elementor-size-default\">Rimani connesso: compatibilit\u00e0 tra i Sistemi eBike MAHLE e Garmin<\/h1>\t\t\t\t<\/div>\n\t\t\t\t<\/div>\n\t\t\t\t\t<\/div>\n\t\t<\/div>\n\t\t\t\t\t<\/div>\n\t\t<\/section>\n\t\t\t\t\t<\/div>\n\t\t<\/div>\n\t\t\t\t\t<\/div>\n\t\t<\/section>\n\t\t\t\t<section class=\"elementor-section elementor-top-section elementor-element elementor-element-9839725 elementor-section-full_width elementor-section-height-min-height elementor-section-items-stretch elementor-section-content-top elementor-section-height-default\" data-id=\"9839725\" data-element_type=\"section\" data-settings=\"{&quot;background_background&quot;:&quot;classic&quot;}\">\n\t\t\t\t\t\t<div class=\"elementor-container elementor-column-gap-default\">\n\t\t\t\t\t<div class=\"elementor-column elementor-col-100 elementor-top-column elementor-element elementor-element-eb853f1\" data-id=\"eb853f1\" data-element_type=\"column\" data-settings=\"{&quot;background_background&quot;:&quot;slideshow&quot;,&quot;background_slideshow_gallery&quot;:[],&quot;background_slideshow_loop&quot;:&quot;yes&quot;,&quot;background_slideshow_slide_duration&quot;:5000,&quot;background_slideshow_slide_transition&quot;:&quot;fade&quot;,&quot;background_slideshow_transition_duration&quot;:500}\">\n\t\t\t<div class=\"elementor-widget-wrap\">\n\t\t\t\t\t\t\t<\/div>\n\t\t<\/div>\n\t\t\t\t\t<\/div>\n\t\t<\/section>\n\t\t<div class=\"elementor-element elementor-element-80291d2 e-flex e-con-boxed e-con e-parent\" data-id=\"80291d2\" data-element_type=\"container\">\n\t\t\t\t\t<div class=\"e-con-inner\">\n\t\t\t\t<div class=\"elementor-element elementor-element-c7c53c4 elementor-widget elementor-widget-text-editor\" data-id=\"c7c53c4\" data-element_type=\"widget\" data-widget_type=\"text-editor.default\">\n\t\t\t\t<div class=\"elementor-widget-container\">\n\t\t\t\t\t\t\t\t\t<p>Nel mondo del ciclismo odierno, la connettivit\u00e0 \u00e8 pi\u00f9 di una funzionalit\u00e0, \u00e8 una parte essenziale dell&#8217;esperienza di guida. In MAHLE SmartBike Systems, progettiamo i nostri Sistemi eBike per integrarsi perfettamente con gli strumenti e le piattaforme di cui i ciclisti si fidano gi\u00e0.  Ecco perch\u00e9 tutti i nostri sistemi sono compatibili con ANT+, aprendo le porte a un facile abbinamento con i principali dispositivi, tra cui Garmin.<\/p>\t\t\t\t\t\t\t\t<\/div>\n\t\t\t\t<\/div>\n\t\t\t\t\t<\/div>\n\t\t\t\t<\/div>\n\t\t<div class=\"elementor-element elementor-element-4f8a9c8 e-flex e-con-boxed e-con e-parent\" data-id=\"4f8a9c8\" data-element_type=\"container\">\n\t\t\t\t\t<div class=\"e-con-inner\">\n\t\t\t\t<div class=\"elementor-element elementor-element-1558587 elementor-widget__width-auto elementor-widget elementor-widget-image\" data-id=\"1558587\" data-element_type=\"widget\" data-widget_type=\"image.default\">\n\t\t\t\t<div class=\"elementor-widget-container\">\n\t\t\t\t\t\t\t\t\t\t\t\t\t\t\t<img decoding=\"async\" src=\"https:\/\/mahle-smartbike.com\/wp-content\/uploads\/elementor\/thumbs\/Ant_reminder_0002_MAHLE-X20-NAVAFRIA-190-rhjor4x1uqemuonhr1bteyd2aslbysb7vwalhcaf5s.jpg\" title=\"Ant+_reminder_0002_MAHLE X20 NAVAFRIA-190\" alt=\"Ant+_reminder_0002_MAHLE X20 NAVAFRIA-190\" loading=\"lazy\" \/>\t\t\t\t\t\t\t\t\t\t\t\t\t\t\t<\/div>\n\t\t\t\t<\/div>\n\t\t\t\t<div class=\"elementor-element elementor-element-d5e2421 elementor-widget elementor-widget-heading\" data-id=\"d5e2421\" data-element_type=\"widget\" data-widget_type=\"heading.default\">\n\t\t\t\t<div class=\"elementor-widget-container\">\n\t\t\t\t\t<h2 class=\"elementor-heading-title elementor-size-default\">Perch\u00e9 ANT+ \u00e8 importante<\/h2>\t\t\t\t<\/div>\n\t\t\t\t<\/div>\n\t\t\t\t<div class=\"elementor-element elementor-element-eb1f140 elementor-widget elementor-widget-text-editor\" data-id=\"eb1f140\" data-element_type=\"widget\" data-widget_type=\"text-editor.default\">\n\t\t\t\t<div class=\"elementor-widget-container\">\n\t\t\t\t\t\t\t\t\t<p>ANT+ \u00e8 un protocollo di comunicazione wireless che consente ai dispositivi di diverse marche di condividere i dati in modo affidabile ed efficiente. Per i ciclisti, questo significa libert\u00e0: puoi connettere il tuo Sistema eBike a un&#8217;ampia gamma di sensori, computer e app senza preoccuparti della compatibilit\u00e0. <\/p><p>Con i Sistemi MAHLE, ANT+ non \u00e8 un componente aggiuntivo, \u00e8 integrato. Sia che tu guidi con i Sistemi X e M, puoi monitorare e controllare le prestazioni in tempo reale utilizzando i tuoi dispositivi preferiti. <\/p>\t\t\t\t\t\t\t\t<\/div>\n\t\t\t\t<\/div>\n\t\t\t\t\t<\/div>\n\t\t\t\t<\/div>\n\t\t<div class=\"elementor-element elementor-element-0c7e11b e-flex e-con-boxed e-con e-parent\" data-id=\"0c7e11b\" data-element_type=\"container\">\n\t\t\t\t\t<div class=\"e-con-inner\">\n\t\t\t\t<div class=\"elementor-element elementor-element-904c474 elementor-widget__width-auto elementor-widget elementor-widget-image\" data-id=\"904c474\" data-element_type=\"widget\" data-widget_type=\"image.default\">\n\t\t\t\t<div class=\"elementor-widget-container\">\n\t\t\t\t\t\t\t\t\t\t\t\t\t\t\t<img decoding=\"async\" src=\"https:\/\/mahle-smartbike.com\/wp-content\/uploads\/elementor\/thumbs\/videoframe_407831-copia-scaled-rfy61jppdl451oa2msniqrvfewb8o4hnthl1lrrzgg.jpg\" title=\"videoframe_407831 copia\" alt=\"videoframe_407831 copia\" loading=\"lazy\" \/>\t\t\t\t\t\t\t\t\t\t\t\t\t\t\t<\/div>\n\t\t\t\t<\/div>\n\t\t\t\t<div class=\"elementor-element elementor-element-e840cd6 elementor-widget elementor-widget-heading\" data-id=\"e840cd6\" data-element_type=\"widget\" data-widget_type=\"heading.default\">\n\t\t\t\t<div class=\"elementor-widget-container\">\n\t\t\t\t\t<h2 class=\"elementor-heading-title elementor-size-default\">Integrazione Garmin: una guida pi\u00f9 intelligente<\/h2>\t\t\t\t<\/div>\n\t\t\t\t<\/div>\n\t\t\t\t<div class=\"elementor-element elementor-element-f47eae0 elementor-widget elementor-widget-text-editor\" data-id=\"f47eae0\" data-element_type=\"widget\" data-widget_type=\"text-editor.default\">\n\t\t\t\t<div class=\"elementor-widget-container\">\n\t\t\t\t\t\t\t\t\t<p>Garmin \u00e8 uno dei nomi pi\u00f9 affidabili nella tecnologia ciclistica e ora i Sistemi eBike MAHLE funzionano in perfetta sintonia con i dispositivi Garmin. Tramite la connettivit\u00e0 ANT+, il tuo ciclocomputer Garmin pu\u00f2 visualizzare le metriche chiave del tuo Sistema eBike, tra cui: <\/p><ul><li><strong>Potenza erogata<\/strong>: tieni traccia dei tuoi watt e ottimizza il tuo sforzo.<\/li><li><strong>Stato della batteria<\/strong>: rimani informato sull&#8217;autonomia residua e pianifica la tua corsa in tutta sicurezza.<\/li><li><strong>Livello di assistenza<\/strong>: scopri quanto supporto sta fornendo il tuo sistema in qualsiasi momento.<\/li><\/ul><p>Questa integrazione trasforma il tuo dispositivo Garmin in un hub centrale per tutti i dati della tua corsa, combinando le metriche ciclistiche tradizionali con informazioni avanzate sull&#8217;eBike.<\/p><p><\/p>\t\t\t\t\t\t\t\t<\/div>\n\t\t\t\t<\/div>\n\t\t\t\t\t<\/div>\n\t\t\t\t<\/div>\n\t\t<div class=\"elementor-element elementor-element-b93a45f e-flex e-con-boxed e-con e-parent\" data-id=\"b93a45f\" data-element_type=\"container\">\n\t\t\t\t\t<div class=\"e-con-inner\">\n\t\t\t\t<div class=\"elementor-element elementor-element-a18c37a elementor-widget elementor-widget-heading\" data-id=\"a18c37a\" data-element_type=\"widget\" data-widget_type=\"heading.default\">\n\t\t\t\t<div class=\"elementor-widget-container\">\n\t\t\t\t\t<h2 class=\"elementor-heading-title elementor-size-default\">Intelligenza in tempo reale<\/h2>\t\t\t\t<\/div>\n\t\t\t\t<\/div>\n\t\t\t\t<div class=\"elementor-element elementor-element-01716ad elementor-widget elementor-widget-text-editor\" data-id=\"01716ad\" data-element_type=\"widget\" data-widget_type=\"text-editor.default\">\n\t\t\t\t<div class=\"elementor-widget-container\">\n\t\t\t\t\t\t\t\t\t<p>La piattaforma di connettivit\u00e0 di MAHLE ti consente di monitorare oltre 100 parametri in diretta. Dalla potenza e dalla cadenza alla diagnostica del sistema, tutto \u00e8 accessibile tramite la comunicazione ANT+. Per i ciclisti focalizzati sull&#8217;allenamento, questo significa precisione. Per i ciclisti di tutti i giorni, significa tranquillit\u00e0.   <\/p>\t\t\t\t\t\t\t\t<\/div>\n\t\t\t\t<\/div>\n\t\t\t\t\t<\/div>\n\t\t\t\t<\/div>\n\t\t<div class=\"elementor-element elementor-element-9afb62a e-flex e-con-boxed e-con e-parent\" data-id=\"9afb62a\" data-element_type=\"container\">\n\t\t\t\t\t<div class=\"e-con-inner\">\n\t\t\t\t<div class=\"elementor-element elementor-element-6f1b7d9 elementor-widget__width-auto elementor-widget elementor-widget-image\" data-id=\"6f1b7d9\" data-element_type=\"widget\" data-widget_type=\"image.default\">\n\t\t\t\t<div class=\"elementor-widget-container\">\n\t\t\t\t\t\t\t\t\t\t\t\t\t\t\t<img decoding=\"async\" src=\"https:\/\/mahle-smartbike.com\/wp-content\/uploads\/elementor\/thumbs\/Ant_reminder_0005_1C0A3108-rhjorak2zqmcscfau3rktwxtv3tj8yxlwo7id0224g.jpg\" title=\"Ant+_reminder_0005_1C0A3108\" alt=\"Ant+_reminder_0005_1C0A3108\" loading=\"lazy\" \/>\t\t\t\t\t\t\t\t\t\t\t\t\t\t\t<\/div>\n\t\t\t\t<\/div>\n\t\t\t\t<div class=\"elementor-element elementor-element-4abcb77 elementor-widget elementor-widget-heading\" data-id=\"4abcb77\" data-element_type=\"widget\" data-widget_type=\"heading.default\">\n\t\t\t\t<div class=\"elementor-widget-container\">\n\t\t\t\t\t<h2 class=\"elementor-heading-title elementor-size-default\">Per OEM e rivenditori<\/h2>\t\t\t\t<\/div>\n\t\t\t\t<\/div>\n\t\t\t\t<div class=\"elementor-element elementor-element-68f38e9 elementor-widget elementor-widget-text-editor\" data-id=\"68f38e9\" data-element_type=\"widget\" data-widget_type=\"text-editor.default\">\n\t\t\t\t<div class=\"elementor-widget-container\">\n\t\t\t\t\t\t\t\t\t<p>Per i marchi e i rivenditori di biciclette, la compatibilit\u00e0 con Garmin aggiunge un valore significativo. Garantisce che le biciclette dotate di Sistemi MAHLE soddisfino le aspettative dei ciclisti esperti di tecnologia che richiedono una perfetta integrazione con i loro dispositivi esistenti. Questa funzionalit\u00e0 non riguarda solo la comodit\u00e0, ma anche l&#8217;offerta di un&#8217;esperienza di alta qualit\u00e0.  <\/p>\t\t\t\t\t\t\t\t<\/div>\n\t\t\t\t<\/div>\n\t\t\t\t\t<\/div>\n\t\t\t\t<\/div>\n\t\t<div class=\"elementor-element elementor-element-044f065 e-flex e-con-boxed e-con e-parent\" data-id=\"044f065\" data-element_type=\"container\">\n\t\t\t\t\t<div class=\"e-con-inner\">\n\t\t\t\t<div class=\"elementor-element elementor-element-0ee0e77 elementor-widget__width-auto elementor-widget elementor-widget-image\" data-id=\"0ee0e77\" data-element_type=\"widget\" data-widget_type=\"image.default\">\n\t\t\t\t<div class=\"elementor-widget-container\">\n\t\t\t\t\t\t\t\t\t\t\t\t\t\t\t<img decoding=\"async\" src=\"https:\/\/mahle-smartbike.com\/wp-content\/uploads\/elementor\/thumbs\/Ant_reminder_0004_1C0A2490-rhjor8oem2js54i152yboxewoc2stkq58ewjeg4ugw.jpg\" title=\"Ant+_reminder_0004_1C0A2490\" alt=\"Ant+_reminder_0004_1C0A2490\" loading=\"lazy\" \/>\t\t\t\t\t\t\t\t\t\t\t\t\t\t\t<\/div>\n\t\t\t\t<\/div>\n\t\t\t\t<div class=\"elementor-element elementor-element-77fe24f elementor-widget elementor-widget-heading\" data-id=\"77fe24f\" data-element_type=\"widget\" data-widget_type=\"heading.default\">\n\t\t\t\t<div class=\"elementor-widget-container\">\n\t\t\t\t\t<h2 class=\"elementor-heading-title elementor-size-default\">Il futuro del ciclismo connesso<\/h2>\t\t\t\t<\/div>\n\t\t\t\t<\/div>\n\t\t\t\t<div class=\"elementor-element elementor-element-93d485d elementor-widget elementor-widget-text-editor\" data-id=\"93d485d\" data-element_type=\"widget\" data-widget_type=\"text-editor.default\">\n\t\t\t\t<div class=\"elementor-widget-container\">\n\t\t\t\t\t\t\t\t\t<p>La connettivit\u00e0 \u00e8 in continua evoluzione e MAHLE \u00e8 all&#8217;avanguardia. Combinando la tecnologia eBike leggera e integrata con standard aperti come ANT+, offriamo ai ciclisti la libert\u00e0 di scegliere come pedalare e come connettersi. <\/p><p>Pronto a provare la differenza? Abbina la tua eBike dotata di MAHLE al tuo dispositivo Garmin e prendi il controllo della tua corsa come mai prima d&#8217;ora. <\/p>\t\t\t\t\t\t\t\t<\/div>\n\t\t\t\t<\/div>\n\t\t\t\t\t<\/div>\n\t\t\t\t<\/div>\n\t\t<div class=\"elementor-element elementor-element-02b58e0 e-flex e-con-boxed e-con e-parent\" data-id=\"02b58e0\" data-element_type=\"container\">\n\t\t\t\t\t<div class=\"e-con-inner\">\n\t\t\t\t<div class=\"elementor-element elementor-element-c805881 elementor-widget__width-auto elementor-widget elementor-widget-image\" data-id=\"c805881\" data-element_type=\"widget\" data-widget_type=\"image.default\">\n\t\t\t\t<div class=\"elementor-widget-container\">\n\t\t\t\t\t\t\t\t\t\t\t\t\t\t\t<img decoding=\"async\" src=\"https:\/\/mahle-smartbike.com\/wp-content\/uploads\/elementor\/thumbs\/Ant_reminder_0006_1C0A3733-rhjorbhx6knn3ydxom67eepaghowgo1c8suzua0ny8.jpg\" title=\"Ant+_reminder_0006_1C0A3733\" alt=\"Ant+_reminder_0006_1C0A3733\" loading=\"lazy\" \/>\t\t\t\t\t\t\t\t\t\t\t\t\t\t\t<\/div>\n\t\t\t\t<\/div>\n\t\t\t\t<div class=\"elementor-element elementor-element-d4fafe6 elementor-widget elementor-widget-text-editor\" data-id=\"d4fafe6\" data-element_type=\"widget\" data-widget_type=\"text-editor.default\">\n\t\t\t\t<div class=\"elementor-widget-container\">\n\t\t\t\t\t\t\t\t\t<p>Pronto a provare la differenza? Abbina la tua eBike dotata di MAHLE al tuo dispositivo Garmin e prendi il controllo della tua corsa come mai prima d&#8217;ora. <\/p>\t\t\t\t\t\t\t\t<\/div>\n\t\t\t\t<\/div>\n\t\t\t\t\t<\/div>\n\t\t\t\t<\/div>\n\t\t\t\t<\/div>\n\t\t","protected":false},"excerpt":{"rendered":"<p>Nel mondo del ciclismo odierno, la connettivit\u00e0 \u00e8 pi\u00f9 di una funzionalit\u00e0, \u00e8 una parte essenziale dell&#8217;esperienza di guida. In MAHLE SmartBike Systems, progettiamo i nostri Sistemi eBike per integrarsi perfettamente con gli strumenti e le piattaforme di cui i ciclisti si fidano gi\u00e0. <\/p>\n","protected":false},"featured_media":70819,"parent":0,"menu_order":0,"template":"","news-and-events":[],"class_list":["post-70868","news-event","type-news-event","status-publish","has-post-thumbnail","hentry","news-events-category-guide"],"acf":[],"yoast_head":"<!-- This site is optimized with the Yoast SEO plugin v27.5 - https:\/\/yoast.com\/product\/yoast-seo-wordpress\/ -->\n<title>Rimani connesso: compatibilit\u00e0 tra i Sistemi eBike MAHLE e Garmin - MAHLE SmartBike Systems<\/title>\n<meta name=\"description\" content=\"Nel mondo del ciclismo odierno, la connettivit\u00e0 \u00e8 pi\u00f9 di una funzionalit\u00e0, \u00e8 una parte essenziale dell&#039;esperienza di guida. In MAHLE SmartBike Systems, progettiamo i nostri Sistemi eBike per integrarsi perfettamente con gli strumenti e le piattaforme di cui i ciclisti si fidano gi\u00e0. Ecco perch\u00e9 tutti i nostri sistemi sono compatibili con ANT+, aprendo le porte a un facile abbinamento con i principali dispositivi, tra cui Garmin.\" \/>\n<meta name=\"robots\" content=\"index, follow, max-snippet:-1, max-image-preview:large, max-video-preview:-1\" \/>\n<link rel=\"canonical\" href=\"https:\/\/mahle-smartbike.com\/it\/content-hub\/rimani-connesso-compatibilita-tra-i-sistemi-ebike-mahle-e-garmin\/\" \/>\n<meta property=\"og:locale\" content=\"it_IT\" \/>\n<meta property=\"og:type\" content=\"article\" \/>\n<meta property=\"og:title\" content=\"Rimani connesso: compatibilit\u00e0 tra i Sistemi eBike MAHLE e Garmin - MAHLE SmartBike Systems\" \/>\n<meta property=\"og:description\" content=\"Nel mondo del ciclismo odierno, la connettivit\u00e0 \u00e8 pi\u00f9 di una funzionalit\u00e0, \u00e8 una parte essenziale dell&#039;esperienza di guida. In MAHLE SmartBike Systems, progettiamo i nostri Sistemi eBike per integrarsi perfettamente con gli strumenti e le piattaforme di cui i ciclisti si fidano gi\u00e0. Ecco perch\u00e9 tutti i nostri sistemi sono compatibili con ANT+, aprendo le porte a un facile abbinamento con i principali dispositivi, tra cui Garmin.\" \/>\n<meta property=\"og:url\" content=\"https:\/\/mahle-smartbike.com\/it\/content-hub\/rimani-connesso-compatibilita-tra-i-sistemi-ebike-mahle-e-garmin\/\" \/>\n<meta property=\"og:site_name\" content=\"MAHLE SmartBike Systems\" \/>\n<meta property=\"article:publisher\" content=\"https:\/\/www.facebook.com\/mahlesmartbikesystems\/\" \/>\n<meta property=\"article:modified_time\" content=\"2026-01-12T12:35:57+00:00\" \/>\n<meta property=\"og:image\" content=\"https:\/\/mahle-smartbike.com\/wp-content\/uploads\/2026\/01\/MAHLEANT.webp\" \/>\n\t<meta property=\"og:image:width\" content=\"2560\" \/>\n\t<meta property=\"og:image:height\" content=\"1700\" \/>\n\t<meta property=\"og:image:type\" content=\"image\/webp\" \/>\n<meta name=\"twitter:card\" content=\"summary_large_image\" \/>\n<meta name=\"twitter:label1\" content=\"Tempo di lettura stimato\" \/>\n\t<meta name=\"twitter:data1\" content=\"2 minuti\" \/>\n<script type=\"application\/ld+json\" class=\"yoast-schema-graph\">{\"@context\":\"https:\\\/\\\/schema.org\",\"@graph\":[{\"@type\":\"WebPage\",\"@id\":\"https:\\\/\\\/mahle-smartbike.com\\\/it\\\/content-hub\\\/rimani-connesso-compatibilita-tra-i-sistemi-ebike-mahle-e-garmin\\\/\",\"url\":\"https:\\\/\\\/mahle-smartbike.com\\\/it\\\/content-hub\\\/rimani-connesso-compatibilita-tra-i-sistemi-ebike-mahle-e-garmin\\\/\",\"name\":\"Rimani connesso: compatibilit\u00e0 tra i Sistemi eBike MAHLE e Garmin - MAHLE SmartBike Systems\",\"isPartOf\":{\"@id\":\"https:\\\/\\\/mahle-smartbike.com\\\/#website\"},\"primaryImageOfPage\":{\"@id\":\"https:\\\/\\\/mahle-smartbike.com\\\/it\\\/content-hub\\\/rimani-connesso-compatibilita-tra-i-sistemi-ebike-mahle-e-garmin\\\/#primaryimage\"},\"image\":{\"@id\":\"https:\\\/\\\/mahle-smartbike.com\\\/it\\\/content-hub\\\/rimani-connesso-compatibilita-tra-i-sistemi-ebike-mahle-e-garmin\\\/#primaryimage\"},\"thumbnailUrl\":\"https:\\\/\\\/mahle-smartbike.com\\\/wp-content\\\/uploads\\\/2026\\\/01\\\/MAHLEANT.webp\",\"datePublished\":\"2026-01-12T12:04:47+00:00\",\"dateModified\":\"2026-01-12T12:35:57+00:00\",\"description\":\"Nel mondo del ciclismo odierno, la connettivit\u00e0 \u00e8 pi\u00f9 di una funzionalit\u00e0, \u00e8 una parte essenziale dell'esperienza di guida. In MAHLE SmartBike Systems, progettiamo i nostri Sistemi eBike per integrarsi perfettamente con gli strumenti e le piattaforme di cui i ciclisti si fidano gi\u00e0. Ecco perch\u00e9 tutti i nostri sistemi sono compatibili con ANT+, aprendo le porte a un facile abbinamento con i principali dispositivi, tra cui Garmin.\",\"breadcrumb\":{\"@id\":\"https:\\\/\\\/mahle-smartbike.com\\\/it\\\/content-hub\\\/rimani-connesso-compatibilita-tra-i-sistemi-ebike-mahle-e-garmin\\\/#breadcrumb\"},\"inLanguage\":\"it-IT\",\"potentialAction\":[{\"@type\":\"ReadAction\",\"target\":[\"https:\\\/\\\/mahle-smartbike.com\\\/it\\\/content-hub\\\/rimani-connesso-compatibilita-tra-i-sistemi-ebike-mahle-e-garmin\\\/\"]}]},{\"@type\":\"ImageObject\",\"inLanguage\":\"it-IT\",\"@id\":\"https:\\\/\\\/mahle-smartbike.com\\\/it\\\/content-hub\\\/rimani-connesso-compatibilita-tra-i-sistemi-ebike-mahle-e-garmin\\\/#primaryimage\",\"url\":\"https:\\\/\\\/mahle-smartbike.com\\\/wp-content\\\/uploads\\\/2026\\\/01\\\/MAHLEANT.webp\",\"contentUrl\":\"https:\\\/\\\/mahle-smartbike.com\\\/wp-content\\\/uploads\\\/2026\\\/01\\\/MAHLEANT.webp\",\"width\":2560,\"height\":1700},{\"@type\":\"BreadcrumbList\",\"@id\":\"https:\\\/\\\/mahle-smartbike.com\\\/it\\\/content-hub\\\/rimani-connesso-compatibilita-tra-i-sistemi-ebike-mahle-e-garmin\\\/#breadcrumb\",\"itemListElement\":[{\"@type\":\"ListItem\",\"position\":1,\"name\":\"News & Events\",\"item\":\"https:\\\/\\\/mahle-smartbike.com\\\/it\\\/content-hub\\\/\"},{\"@type\":\"ListItem\",\"position\":2,\"name\":\"Rimani connesso: compatibilit\u00e0 tra i Sistemi eBike MAHLE e Garmin\"}]},{\"@type\":\"WebSite\",\"@id\":\"https:\\\/\\\/mahle-smartbike.com\\\/#website\",\"url\":\"https:\\\/\\\/mahle-smartbike.com\\\/\",\"name\":\"MAHLE SmartBike Systems\",\"description\":\"The lightest ebike systems on the market\",\"publisher\":{\"@id\":\"https:\\\/\\\/mahle-smartbike.com\\\/#organization\"},\"potentialAction\":[{\"@type\":\"SearchAction\",\"target\":{\"@type\":\"EntryPoint\",\"urlTemplate\":\"https:\\\/\\\/mahle-smartbike.com\\\/?s={search_term_string}\"},\"query-input\":{\"@type\":\"PropertyValueSpecification\",\"valueRequired\":true,\"valueName\":\"search_term_string\"}}],\"inLanguage\":\"it-IT\"},{\"@type\":\"Organization\",\"@id\":\"https:\\\/\\\/mahle-smartbike.com\\\/#organization\",\"name\":\"MAHLE SmartBike Systems\",\"url\":\"https:\\\/\\\/mahle-smartbike.com\\\/\",\"logo\":{\"@type\":\"ImageObject\",\"inLanguage\":\"it-IT\",\"@id\":\"https:\\\/\\\/mahle-smartbike.com\\\/#\\\/schema\\\/logo\\\/image\\\/\",\"url\":\"https:\\\/\\\/mahle-smartbike.com\\\/wp-content\\\/uploads\\\/2024\\\/05\\\/MAHLE-SmartBike-Systems-Logo-1-1.jpg\",\"contentUrl\":\"https:\\\/\\\/mahle-smartbike.com\\\/wp-content\\\/uploads\\\/2024\\\/05\\\/MAHLE-SmartBike-Systems-Logo-1-1.jpg\",\"width\":1920,\"height\":1920,\"caption\":\"MAHLE SmartBike Systems\"},\"image\":{\"@id\":\"https:\\\/\\\/mahle-smartbike.com\\\/#\\\/schema\\\/logo\\\/image\\\/\"},\"sameAs\":[\"https:\\\/\\\/www.facebook.com\\\/mahlesmartbikesystems\\\/\",\"https:\\\/\\\/www.instagram.com\\\/mahle_smartbikesystems\\\/\",\"https:\\\/\\\/www.linkedin.com\\\/company\\\/mahlesmartbikesystems\\\/\",\"https:\\\/\\\/www.youtube.com\\\/channel\\\/UCgfNyF-Wtgq0WTlzsV8bDmQ\",\"https:\\\/\\\/www.strava.com\\\/clubs\\\/mahle\",\"https:\\\/\\\/www.tiktok.com\\\/@mahlesmartbikesystems\"]}]}<\/script>\n<!-- \/ Yoast SEO plugin. -->","yoast_head_json":{"title":"Rimani connesso: compatibilit\u00e0 tra i Sistemi eBike MAHLE e Garmin - MAHLE SmartBike Systems","description":"Nel mondo del ciclismo odierno, la connettivit\u00e0 \u00e8 pi\u00f9 di una funzionalit\u00e0, \u00e8 una parte essenziale dell'esperienza di guida. In MAHLE SmartBike Systems, progettiamo i nostri Sistemi eBike per integrarsi perfettamente con gli strumenti e le piattaforme di cui i ciclisti si fidano gi\u00e0. Ecco perch\u00e9 tutti i nostri sistemi sono compatibili con ANT+, aprendo le porte a un facile abbinamento con i principali dispositivi, tra cui Garmin.","robots":{"index":"index","follow":"follow","max-snippet":"max-snippet:-1","max-image-preview":"max-image-preview:large","max-video-preview":"max-video-preview:-1"},"canonical":"https:\/\/mahle-smartbike.com\/it\/content-hub\/rimani-connesso-compatibilita-tra-i-sistemi-ebike-mahle-e-garmin\/","og_locale":"it_IT","og_type":"article","og_title":"Rimani connesso: compatibilit\u00e0 tra i Sistemi eBike MAHLE e Garmin - MAHLE SmartBike Systems","og_description":"Nel mondo del ciclismo odierno, la connettivit\u00e0 \u00e8 pi\u00f9 di una funzionalit\u00e0, \u00e8 una parte essenziale dell'esperienza di guida. In MAHLE SmartBike Systems, progettiamo i nostri Sistemi eBike per integrarsi perfettamente con gli strumenti e le piattaforme di cui i ciclisti si fidano gi\u00e0. Ecco perch\u00e9 tutti i nostri sistemi sono compatibili con ANT+, aprendo le porte a un facile abbinamento con i principali dispositivi, tra cui Garmin.","og_url":"https:\/\/mahle-smartbike.com\/it\/content-hub\/rimani-connesso-compatibilita-tra-i-sistemi-ebike-mahle-e-garmin\/","og_site_name":"MAHLE SmartBike Systems","article_publisher":"https:\/\/www.facebook.com\/mahlesmartbikesystems\/","article_modified_time":"2026-01-12T12:35:57+00:00","og_image":[{"width":2560,"height":1700,"url":"https:\/\/mahle-smartbike.com\/wp-content\/uploads\/2026\/01\/MAHLEANT.webp","type":"image\/webp"}],"twitter_card":"summary_large_image","twitter_misc":{"Tempo di lettura stimato":"2 minuti"},"schema":{"@context":"https:\/\/schema.org","@graph":[{"@type":"WebPage","@id":"https:\/\/mahle-smartbike.com\/it\/content-hub\/rimani-connesso-compatibilita-tra-i-sistemi-ebike-mahle-e-garmin\/","url":"https:\/\/mahle-smartbike.com\/it\/content-hub\/rimani-connesso-compatibilita-tra-i-sistemi-ebike-mahle-e-garmin\/","name":"Rimani connesso: compatibilit\u00e0 tra i Sistemi eBike MAHLE e Garmin - MAHLE SmartBike Systems","isPartOf":{"@id":"https:\/\/mahle-smartbike.com\/#website"},"primaryImageOfPage":{"@id":"https:\/\/mahle-smartbike.com\/it\/content-hub\/rimani-connesso-compatibilita-tra-i-sistemi-ebike-mahle-e-garmin\/#primaryimage"},"image":{"@id":"https:\/\/mahle-smartbike.com\/it\/content-hub\/rimani-connesso-compatibilita-tra-i-sistemi-ebike-mahle-e-garmin\/#primaryimage"},"thumbnailUrl":"https:\/\/mahle-smartbike.com\/wp-content\/uploads\/2026\/01\/MAHLEANT.webp","datePublished":"2026-01-12T12:04:47+00:00","dateModified":"2026-01-12T12:35:57+00:00","description":"Nel mondo del ciclismo odierno, la connettivit\u00e0 \u00e8 pi\u00f9 di una funzionalit\u00e0, \u00e8 una parte essenziale dell'esperienza di guida. In MAHLE SmartBike Systems, progettiamo i nostri Sistemi eBike per integrarsi perfettamente con gli strumenti e le piattaforme di cui i ciclisti si fidano gi\u00e0. Ecco perch\u00e9 tutti i nostri sistemi sono compatibili con ANT+, aprendo le porte a un facile abbinamento con i principali dispositivi, tra cui Garmin.","breadcrumb":{"@id":"https:\/\/mahle-smartbike.com\/it\/content-hub\/rimani-connesso-compatibilita-tra-i-sistemi-ebike-mahle-e-garmin\/#breadcrumb"},"inLanguage":"it-IT","potentialAction":[{"@type":"ReadAction","target":["https:\/\/mahle-smartbike.com\/it\/content-hub\/rimani-connesso-compatibilita-tra-i-sistemi-ebike-mahle-e-garmin\/"]}]},{"@type":"ImageObject","inLanguage":"it-IT","@id":"https:\/\/mahle-smartbike.com\/it\/content-hub\/rimani-connesso-compatibilita-tra-i-sistemi-ebike-mahle-e-garmin\/#primaryimage","url":"https:\/\/mahle-smartbike.com\/wp-content\/uploads\/2026\/01\/MAHLEANT.webp","contentUrl":"https:\/\/mahle-smartbike.com\/wp-content\/uploads\/2026\/01\/MAHLEANT.webp","width":2560,"height":1700},{"@type":"BreadcrumbList","@id":"https:\/\/mahle-smartbike.com\/it\/content-hub\/rimani-connesso-compatibilita-tra-i-sistemi-ebike-mahle-e-garmin\/#breadcrumb","itemListElement":[{"@type":"ListItem","position":1,"name":"News & Events","item":"https:\/\/mahle-smartbike.com\/it\/content-hub\/"},{"@type":"ListItem","position":2,"name":"Rimani connesso: compatibilit\u00e0 tra i Sistemi eBike MAHLE e Garmin"}]},{"@type":"WebSite","@id":"https:\/\/mahle-smartbike.com\/#website","url":"https:\/\/mahle-smartbike.com\/","name":"MAHLE SmartBike Systems","description":"The lightest ebike systems on the market","publisher":{"@id":"https:\/\/mahle-smartbike.com\/#organization"},"potentialAction":[{"@type":"SearchAction","target":{"@type":"EntryPoint","urlTemplate":"https:\/\/mahle-smartbike.com\/?s={search_term_string}"},"query-input":{"@type":"PropertyValueSpecification","valueRequired":true,"valueName":"search_term_string"}}],"inLanguage":"it-IT"},{"@type":"Organization","@id":"https:\/\/mahle-smartbike.com\/#organization","name":"MAHLE SmartBike Systems","url":"https:\/\/mahle-smartbike.com\/","logo":{"@type":"ImageObject","inLanguage":"it-IT","@id":"https:\/\/mahle-smartbike.com\/#\/schema\/logo\/image\/","url":"https:\/\/mahle-smartbike.com\/wp-content\/uploads\/2024\/05\/MAHLE-SmartBike-Systems-Logo-1-1.jpg","contentUrl":"https:\/\/mahle-smartbike.com\/wp-content\/uploads\/2024\/05\/MAHLE-SmartBike-Systems-Logo-1-1.jpg","width":1920,"height":1920,"caption":"MAHLE SmartBike Systems"},"image":{"@id":"https:\/\/mahle-smartbike.com\/#\/schema\/logo\/image\/"},"sameAs":["https:\/\/www.facebook.com\/mahlesmartbikesystems\/","https:\/\/www.instagram.com\/mahle_smartbikesystems\/","https:\/\/www.linkedin.com\/company\/mahlesmartbikesystems\/","https:\/\/www.youtube.com\/channel\/UCgfNyF-Wtgq0WTlzsV8bDmQ","https:\/\/www.strava.com\/clubs\/mahle","https:\/\/www.tiktok.com\/@mahlesmartbikesystems"]}]}},"_links":{"self":[{"href":"https:\/\/mahle-smartbike.com\/it\/wp-json\/wp\/v2\/news-events\/70868","targetHints":{"allow":["GET"]}}],"collection":[{"href":"https:\/\/mahle-smartbike.com\/it\/wp-json\/wp\/v2\/news-events"}],"about":[{"href":"https:\/\/mahle-smartbike.com\/it\/wp-json\/wp\/v2\/types\/news-event"}],"version-history":[{"count":1,"href":"https:\/\/mahle-smartbike.com\/it\/wp-json\/wp\/v2\/news-events\/70868\/revisions"}],"predecessor-version":[{"id":70869,"href":"https:\/\/mahle-smartbike.com\/it\/wp-json\/wp\/v2\/news-events\/70868\/revisions\/70869"}],"wp:featuredmedia":[{"embeddable":true,"href":"https:\/\/mahle-smartbike.com\/it\/wp-json\/wp\/v2\/media\/70819"}],"wp:attachment":[{"href":"https:\/\/mahle-smartbike.com\/it\/wp-json\/wp\/v2\/media?parent=70868"}],"wp:term":[{"taxonomy":"news-and-events","embeddable":true,"href":"https:\/\/mahle-smartbike.com\/it\/wp-json\/wp\/v2\/news-and-events?post=70868"}],"curies":[{"name":"wp","href":"https:\/\/api.w.org\/{rel}","templated":true}]}}